{"id":175472,"date":"2014-05-26T12:20:17","date_gmt":"2014-05-26T17:20:17","guid":{"rendered":"http:\/\/www.diarioimagen.net\/?p=175472"},"modified":"2014-06-17T06:34:45","modified_gmt":"2014-06-17T11:34:45","slug":"pgr-crea-cuatro-fiscalias-regionales-para-tamaulipas","status":"publish","type":"post","link":"https:\/\/www.diarioimagen.net\/?p=175472","title":{"rendered":"PGR crea cuatro fiscal\u00edas regionales para Tamaulipas"},"content":{"rendered":"<ul>\n<li><em><strong>Por un acuerdo que entra en vigor este martes, se crean las fiscal\u00edas para la zona fronteriza, la zona centro, zona costera y zona sur<\/strong><\/em><\/li>\n<\/ul>\n<div id=\"attachment_175473\" style=\"width: 250px\" class=\"wp-caption alignleft\"><img loading=\"lazy\" decoding=\"async\" aria-describedby=\"caption-attachment-175473\" class=\"size-medium wp-image-175473\" src=\"http:\/\/www.diarioimagen.net\/wp-content\/uploads\/2014\/05\/FISCALIAS-portal-240x135.jpg\" alt=\"Las fiscal\u00edas regionales para el estado de Tamaulipas contar\u00e1n con los recursos humanos, materiales y financieros necesarios para su \u00f3ptima operaci\u00f3n y funcionamiento, en t\u00e9rminos de la normatividad aplicable y la disponibilidad presupuestaria.\" width=\"240\" height=\"135\" srcset=\"https:\/\/www.diarioimagen.net\/wp-content\/uploads\/2014\/05\/FISCALIAS-portal-240x135.jpg 240w, https:\/\/www.diarioimagen.net\/wp-content\/uploads\/2014\/05\/FISCALIAS-portal-420x236.jpg 420w, https:\/\/www.diarioimagen.net\/wp-content\/uploads\/2014\/05\/FISCALIAS-portal-235x132.jpg 235w, https:\/\/www.diarioimagen.net\/wp-content\/uploads\/2014\/05\/FISCALIAS-portal-202x114.jpg 202w, https:\/\/www.diarioimagen.net\/wp-content\/uploads\/2014\/05\/FISCALIAS-portal-350x196.jpg 350w, https:\/\/www.diarioimagen.net\/wp-content\/uploads\/2014\/05\/FISCALIAS-portal-220x123.jpg 220w, https:\/\/www.diarioimagen.net\/wp-content\/uploads\/2014\/05\/FISCALIAS-portal-237x132.jpg 237w, https:\/\/www.diarioimagen.net\/wp-content\/uploads\/2014\/05\/FISCALIAS-portal.jpg 480w\" sizes=\"auto, (max-width: 240px) 100vw, 240px\" \/><p id=\"caption-attachment-175473\" class=\"wp-caption-text\">Las fiscal\u00edas regionales para el estado de Tamaulipas contar\u00e1n con los recursos humanos, materiales y financieros necesarios para su \u00f3ptima operaci\u00f3n y funcionamiento, en t\u00e9rminos de la normatividad aplicable y la disponibilidad presupuestaria.<\/p><\/div>\n<p>La Procuradur\u00eda General de la Rep\u00fablica (PGR) emiti\u00f3 el acuerdo por el que se crean cuatro fiscal\u00edas regionales en Tamaulipas, para investigar y perseguir delitos y supervisar la actuaci\u00f3n de los agentes del Ministerio P\u00fablico de la Federaci\u00f3n.<\/p>\n<p>El documento establece las facultades y circunscripci\u00f3n territorial de las fiscal\u00edas, las cuales quedar\u00e1n adscritas a la Coordinaci\u00f3n de Supervisi\u00f3n y Control Regional de la Subprocuradur\u00eda de Control Regional, Procedimientos Penales y Amparo de la PGR.<\/p>\n<p>As\u00ed, la Fiscal\u00eda Regional para la Zona Fronteriza quedar\u00e1 integrada por los municipios de Nuevo Laredo, Guerrero, Mier, Miguel Alem\u00e1n, Camargo, Gustavo D\u00edaz Ordaz, Reynosa, R\u00edo Bravo, Valle Hermoso y Matamoros.<\/p>\n<p>En tanto que los municipios de San Fernando, Abasolo, Soto la Marina, Casas, Aldama, Cruillas, Altamira, Tampico y Ciudad Madero, conformar\u00e1n la Fiscal\u00eda Regional para la Zona Costera de Tamaulipas.<\/p>\n<p>La Fiscal\u00eda Regional para la Zona Centro la integrar\u00e1n los municipios de M\u00e9ndez, Burgos, San Nicol\u00e1s, Jim\u00e9nez, San Carlos, Padilla, Mainero, Villagr\u00e1n, Hidalgo, G\u00fc\u00e9mez, Llera y Victoria.<\/p>\n<p>Mientras que los de Miquihuana, Jaumave, Bustamante, Palmillas, Tula, G\u00f3mez Far\u00edas, Ocampo, Xicot\u00e9ncatl, Gonz\u00e1lez, Antiguo Morelos, Nuevo Morelos y El Mante, conformar\u00e1n Fiscal\u00eda Regional para la Zona Sur.<\/p>\n<p>El acuerdo publicado en el Diario Oficial de la Federaci\u00f3n precisa que los titulares de las fiscal\u00edas regionales tendr\u00e1n la calidad de agentes del Ministerio P\u00fablico de la Federaci\u00f3n, y ser\u00e1n nombrados y removidos libremente por el procurador general de la Rep\u00fablica.<\/p>\n<p>Entre los requisitos y criterios para ser fiscal regional y permanecer en este encargo est\u00e1n: ser ciudadano mexicano, en pleno ejercicio de sus derechos; contar con t\u00edtulo de licenciado en derecho y aprobar el proceso de evaluaci\u00f3n de control de confianza y de competencias profesionales.<\/p>\n","protected":false},"excerpt":{"rendered":"<p>La Procuradur\u00eda General de la Rep\u00fablica (PGR) emiti\u00f3 el acuerdo por el que se crean cuatro fiscal\u00edas regionales en Tamaulipas, para investigar y perseguir delitos y supervisar la actuaci\u00f3n de los agentes del Ministerio P\u00fablico de la Federaci\u00f3n.<\/p>\n","protected":false},"author":5,"featured_media":175473,"comment_status":"open","ping_status":"open","sticky":false,"template":"","format":"standard","meta":{"_monsterinsights_skip_tracking":false,"_monsterinsights_sitenote_active":false,"_monsterinsights_sitenote_note":"","_monsterinsights_sitenote_category":0,"footnotes":""},"categories":[3],"tags":[50],"class_list":["post-175472","post","type-post","status-publish","format-standard","has-post-thumbnail","hentry","category-nacional","tag-tamaulipas"],"_links":{"self":[{"href":"https:\/\/www.diarioimagen.net\/index.php?rest_route=\/wp\/v2\/posts\/175472","targetHints":{"allow":["GET"]}}],"collection":[{"href":"https:\/\/www.diarioimagen.net\/index.php?rest_route=\/wp\/v2\/posts"}],"about":[{"href":"https:\/\/www.diarioimagen.net\/index.php?rest_route=\/wp\/v2\/types\/post"}],"author":[{"embeddable":true,"href":"https:\/\/www.diarioimagen.net\/index.php?rest_route=\/wp\/v2\/users\/5"}],"replies":[{"embeddable":true,"href":"https:\/\/www.diarioimagen.net\/index.php?rest_route=%2Fwp%2Fv2%2Fcomments&post=175472"}],"version-history":[{"count":0,"href":"https:\/\/www.diarioimagen.net\/index.php?rest_route=\/wp\/v2\/posts\/175472\/revisions"}],"wp:featuredmedia":[{"embeddable":true,"href":"https:\/\/www.diarioimagen.net\/index.php?rest_route=\/wp\/v2\/media\/175473"}],"wp:attachment":[{"href":"https:\/\/www.diarioimagen.net\/index.php?rest_route=%2Fwp%2Fv2%2Fmedia&parent=175472"}],"wp:term":[{"taxonomy":"category","embeddable":true,"href":"https:\/\/www.diarioimagen.net\/index.php?rest_route=%2Fwp%2Fv2%2Fcategories&post=175472"},{"taxonomy":"post_tag","embeddable":true,"href":"https:\/\/www.diarioimagen.net\/index.php?rest_route=%2Fwp%2Fv2%2Ftags&post=175472"}],"curies":[{"name":"wp","href":"https:\/\/api.w.org\/{rel}","templated":true}]}}