{"id":175590,"date":"2014-05-27T00:04:39","date_gmt":"2014-05-27T05:04:39","guid":{"rendered":"http:\/\/www.diarioimagen.net\/?p=175590"},"modified":"2014-05-27T05:07:44","modified_gmt":"2014-05-27T10:07:44","slug":"cae-sujeto-que-violo-a-nueve-menores","status":"publish","type":"post","link":"https:\/\/www.diarioimagen.net\/?p=175590","title":{"rendered":"Cae sujeto que viol\u00f3 a nueve menores"},"content":{"rendered":"<ul>\n<li><strong><em>Jos\u00e9 Manuel Aguilera Garc\u00eda fue capturado en Quer\u00e9taro, donde se desempe\u00f1aba como profesor de teolog\u00eda<\/em><\/strong><\/li>\n<\/ul>\n<div id=\"attachment_175632\" style=\"width: 250px\" class=\"wp-caption alignleft\"><a href=\"http:\/\/www.diarioimagen.net\/wp-content\/uploads\/2014\/05\/seguridad-2364.jpg\"><img loading=\"lazy\" decoding=\"async\" aria-describedby=\"caption-attachment-175632\" class=\"size-medium wp-image-175632\" src=\"http:\/\/www.diarioimagen.net\/wp-content\/uploads\/2014\/05\/seguridad-2364-240x135.jpg\" alt=\"Jos\u00e9 Manuel Aguilera Garc\u00eda fue capturado en la ciudad de Santiago de Quer\u00e9taro por agentes de Aguascalientes.\" width=\"240\" height=\"135\" srcset=\"https:\/\/www.diarioimagen.net\/wp-content\/uploads\/2014\/05\/seguridad-2364-240x135.jpg 240w, https:\/\/www.diarioimagen.net\/wp-content\/uploads\/2014\/05\/seguridad-2364-420x236.jpg 420w, https:\/\/www.diarioimagen.net\/wp-content\/uploads\/2014\/05\/seguridad-2364-235x132.jpg 235w, https:\/\/www.diarioimagen.net\/wp-content\/uploads\/2014\/05\/seguridad-2364-202x114.jpg 202w, https:\/\/www.diarioimagen.net\/wp-content\/uploads\/2014\/05\/seguridad-2364-350x196.jpg 350w, https:\/\/www.diarioimagen.net\/wp-content\/uploads\/2014\/05\/seguridad-2364-220x123.jpg 220w, https:\/\/www.diarioimagen.net\/wp-content\/uploads\/2014\/05\/seguridad-2364-237x132.jpg 237w, https:\/\/www.diarioimagen.net\/wp-content\/uploads\/2014\/05\/seguridad-2364.jpg 480w\" sizes=\"auto, (max-width: 240px) 100vw, 240px\" \/><\/a><p id=\"caption-attachment-175632\" class=\"wp-caption-text\">Jos\u00e9 Manuel Aguilera Garc\u00eda fue capturado en la ciudad de Santiago de Quer\u00e9taro por agentes de Aguascalientes.<\/p><\/div>\n<p><strong>Aguascalientes, Ags<\/strong>.- Agentes de la Procuradur\u00eda General de Justicia del Estado (PGJE) capturaron en la ciudad de Quer\u00e9taro a Jos\u00e9 Manuel Aguilera Garc\u00eda, quien est\u00e1 acusado de violar a nueve menores de edad.<\/p>\n<p>Al momento de su captura, el delincuente se desempe\u00f1aba como profesor de teolog\u00eda en una universidad del estado de Quer\u00e9taro.<\/p>\n<p>La PGJE inform\u00f3 que en colaboraci\u00f3n con las autoridades queretanas se llev\u00f3 acabo la captura del violador en un domicilio ubicado en la calle Juan Carlos Losio, colonia La Caleza, en la ciudad queretana de Santiago de Quer\u00e9taro. Aguilera Garc\u00eda, atac\u00f3 a los nueve menores de edad entre 2006 y 2007, cuando participaba en una organizaci\u00f3n cat\u00f3lica en donde daba cursos de formaci\u00f3n de gu\u00edas espirituales.<\/p>\n<p>De acuerdo con las declaraciones de sus v\u00edctimas, Jos\u00e9 Manuel contactaba a los menores en la organizaci\u00f3n cat\u00f3lica y mediante enga\u00f1os los llevaba a lugares solitarios en donde los obligaba a tener relaciones.<\/p>\n<p>Asimismo, durante los viajes que organizaba a distintas playas en el pa\u00eds, seleccionaba a algunos de los menores y por las noches los obligaba a tener relaciones \u00edntimas. A trav\u00e9s de las denuncias se estableci\u00f3 que el agresor realizaba actos inmorales en el interior de un mini-s\u00faper ubicado en la avenida Independencia donde tambi\u00e9n citaba a las v\u00edctimas para cometer los actos.<\/p>\n<p>Luego de las denuncias presentadas el agresor huy\u00f3 al estado de Quer\u00e9taro en donde actualmente se desempe\u00f1aba como profesor de teolog\u00eda en una de las universidades de prestigio de Santiago de Quer\u00e9taro, en donde fue descubierto por las autoridades y detenido.<\/p>\n<p>Garc\u00eda Aguilera fue ingresado en el Cereso Aguascalientes en donde se determinar\u00e1 su situaci\u00f3n jur\u00eddica.<\/p>\n","protected":false},"excerpt":{"rendered":"<p>Agentes de la Procuradur\u00eda General de Justicia del Estado (PGJE) capturaron en la ciudad de Quer\u00e9taro a Jos\u00e9 Manuel Aguilera Garc\u00eda, quien est\u00e1 acusado de violar a nueve menores de edad.<\/p>\n","protected":false},"author":3,"featured_media":175632,"comment_status":"open","ping_status":"open","sticky":false,"template":"","format":"standard","meta":{"_monsterinsights_skip_tracking":false,"_monsterinsights_sitenote_active":false,"_monsterinsights_sitenote_note":"","_monsterinsights_sitenote_category":0,"footnotes":""},"categories":[7],"tags":[35,28656,43677,2736],"class_list":["post-175590","post","type-post","status-publish","format-standard","has-post-thumbnail","hentry","category-seguridad","tag-aguascalientes","tag-procuraduria-general-de-justicia-del-estado","tag-seguridad","tag-violador"],"_links":{"self":[{"href":"https:\/\/www.diarioimagen.net\/index.php?rest_route=\/wp\/v2\/posts\/175590","targetHints":{"allow":["GET"]}}],"collection":[{"href":"https:\/\/www.diarioimagen.net\/index.php?rest_route=\/wp\/v2\/posts"}],"about":[{"href":"https:\/\/www.diarioimagen.net\/index.php?rest_route=\/wp\/v2\/types\/post"}],"author":[{"embeddable":true,"href":"https:\/\/www.diarioimagen.net\/index.php?rest_route=\/wp\/v2\/users\/3"}],"replies":[{"embeddable":true,"href":"https:\/\/www.diarioimagen.net\/index.php?rest_route=%2Fwp%2Fv2%2Fcomments&post=175590"}],"version-history":[{"count":0,"href":"https:\/\/www.diarioimagen.net\/index.php?rest_route=\/wp\/v2\/posts\/175590\/revisions"}],"wp:featuredmedia":[{"embeddable":true,"href":"https:\/\/www.diarioimagen.net\/index.php?rest_route=\/wp\/v2\/media\/175632"}],"wp:attachment":[{"href":"https:\/\/www.diarioimagen.net\/index.php?rest_route=%2Fwp%2Fv2%2Fmedia&parent=175590"}],"wp:term":[{"taxonomy":"category","embeddable":true,"href":"https:\/\/www.diarioimagen.net\/index.php?rest_route=%2Fwp%2Fv2%2Fcategories&post=175590"},{"taxonomy":"post_tag","embeddable":true,"href":"https:\/\/www.diarioimagen.net\/index.php?rest_route=%2Fwp%2Fv2%2Ftags&post=175590"}],"curies":[{"name":"wp","href":"https:\/\/api.w.org\/{rel}","templated":true}]}}