{"id":175662,"date":"2014-05-28T00:08:28","date_gmt":"2014-05-28T05:08:28","guid":{"rendered":"http:\/\/www.diarioimagen.net\/?p=175662"},"modified":"2014-05-28T05:22:51","modified_gmt":"2014-05-28T10:22:51","slug":"el-mexican-moment-se-evaporo-bancomer","status":"publish","type":"post","link":"https:\/\/www.diarioimagen.net\/?p=175662","title":{"rendered":"El <em>mexican moment<\/em> se evapor\u00f3: Bancomer"},"content":{"rendered":"<ul>\n<li><em><strong>Es importante acelerar la aprobaci\u00f3n de leyes secundarias para generar certidumbre, afirma<\/strong><\/em><\/li>\n<\/ul>\n<div id=\"attachment_175663\" style=\"width: 250px\" class=\"wp-caption alignleft\"><img loading=\"lazy\" decoding=\"async\" aria-describedby=\"caption-attachment-175663\" class=\"wp-image-175663 size-medium\" src=\"http:\/\/www.diarioimagen.net\/wp-content\/uploads\/2014\/05\/VICENTE-portal-240x135.jpg\" alt=\"No obstante, Rodero rechaz\u00f3 que el diagn\u00f3stico hecho hace un a\u00f1o sobre la fortaleza de los fundamentos econ\u00f3micos de M\u00e9xico haya cambiado a la luz de los resultados. \" width=\"240\" height=\"135\" srcset=\"https:\/\/www.diarioimagen.net\/wp-content\/uploads\/2014\/05\/VICENTE-portal-240x135.jpg 240w, https:\/\/www.diarioimagen.net\/wp-content\/uploads\/2014\/05\/VICENTE-portal-420x236.jpg 420w, https:\/\/www.diarioimagen.net\/wp-content\/uploads\/2014\/05\/VICENTE-portal-235x132.jpg 235w, https:\/\/www.diarioimagen.net\/wp-content\/uploads\/2014\/05\/VICENTE-portal-202x114.jpg 202w, https:\/\/www.diarioimagen.net\/wp-content\/uploads\/2014\/05\/VICENTE-portal-350x196.jpg 350w, https:\/\/www.diarioimagen.net\/wp-content\/uploads\/2014\/05\/VICENTE-portal-220x123.jpg 220w, https:\/\/www.diarioimagen.net\/wp-content\/uploads\/2014\/05\/VICENTE-portal-237x132.jpg 237w, https:\/\/www.diarioimagen.net\/wp-content\/uploads\/2014\/05\/VICENTE-portal.jpg 480w\" sizes=\"auto, (max-width: 240px) 100vw, 240px\" \/><p id=\"caption-attachment-175663\" class=\"wp-caption-text\">Vicente Rodero, director del Grupo Financiero Bancomer.<\/p><\/div>\n<p>El director general del grupo financiero BBVA Bancomer, Vicente Rodero, se\u00f1al\u00f3 que el desempe\u00f1o de la econom\u00eda durante 2013 ha sido \u201cdecepcionante\u201d y en el inicio de 2014 ha provocado que el llamado Mexican moment se haya \u201cevaporado\u201d.<\/p>\n<p>En la reuni\u00f3n nacional de consejeros de BBVA Bancomer, Rodero dijo que \u201cel a\u00f1o pasado habl\u00e1bamos de las buenas perspectivas que presentaba entonces el pa\u00eds, con un proceso reformista en marcha y con s\u00f3lidos fundamentos macroecon\u00f3micos, sin embargo, 2013 y el comienzo de 2014 han resultado \u201cdecepcionantes\u201d en cuanto al crecimiento \u201cpor razones ya de todos conocidas\u201d.<\/p>\n<p>El ejecutivo expres\u00f3: \u201cEl Mexican moment se evapor\u00f3 ante la realidad del bajo crecimiento econ\u00f3mico del producto interno bruto, que compara muy negativamente con el crecimiento del resto de los pa\u00edses del continente americano\u201d.<\/p>\n<p>Rodero habl\u00f3 en una reuni\u00f3n en la que estuvo presente Francisco Gonz\u00e1lez Rodr\u00edguez, presidente del Grupo BBVA, el principal prestador de servicios financieros en el pa\u00eds,<\/p>\n<p>y a la que m\u00e1s tarde asistir\u00eda el presidente Enrique Pe\u00f1a Nieto.<\/p>\n<p>Con la expresi\u00f3n Mexican moment (el momento de M\u00e9xico) el diario The Economist describi\u00f3 el \u00e1nimo en la comunidad de negocios internacional al inicio del actual gobierno, por la posibilidad de reformas econ\u00f3micas.<\/p>\n<p>No obstante, Rodero rechaz\u00f3 que el diagn\u00f3stico hecho hace un a\u00f1o sobre la fortaleza de los fundamentos econ\u00f3micos de M\u00e9xico haya cambiado a la luz de los resultados. Consider\u00f3 que en primer lugar est\u00e1 la fortaleza de los fundamentales macroecon\u00f3micos. Luego, el d\u00e9ficit fiscal se mantuvo bajo control; la deuda p\u00fablica permanece en niveles bajos; las reservas internacionales se encuentran en m\u00e1ximos hist\u00f3ricos y la inflaci\u00f3n bajo control.<\/p>\n<p>Lo que denomin\u00f3 un reto en estos momentos es la concreci\u00f3n efectiva de las reformas, en especial de la reforma energ\u00e9tica que podr\u00eda elevar el potencial de crecimiento por arriba de 4 por ciento.<\/p>\n<p>Por ello plante\u00f3 que \u201ces importante acelerar el proceso de aprobaci\u00f3n para generar certidumbre e inversi\u00f3n. Esto hace que a pesar del bajo crecimiento y las dudas de la reforma fiscal, M\u00e9xico sea uno de los pa\u00edses con m\u00e1s atractivo para los inversionistas. Hay filas de inversionistas deseosos de instalarse en el pa\u00eds\u201d.<\/p>\n<p>Observ\u00f3 que hay dos obst\u00e1culos para mejorar la percepci\u00f3n de los inversionistas: la corrupci\u00f3n y la inseguridad, que act\u00faan como los dos principales inhibidores del M\u00e9xico actual a la inversi\u00f3n y el desarrollo. Pero, en definitiva, el entorno es muy favorable para M\u00e9xico.<\/p>\n","protected":false},"excerpt":{"rendered":"<p>El director general del grupo financiero BBVA Bancomer, Vicente Rodero, se\u00f1al\u00f3 que el desempe\u00f1o de la econom\u00eda durante 2013 ha sido \u201cdecepcionante\u201d y en el inicio de 2014 ha provocado que el llamado Mexican moment se haya \u201cevaporado\u201d.<\/p>\n","protected":false},"author":5,"featured_media":175663,"comment_status":"open","ping_status":"open","sticky":false,"template":"","format":"standard","meta":{"_monsterinsights_skip_tracking":false,"_monsterinsights_sitenote_active":false,"_monsterinsights_sitenote_note":"","_monsterinsights_sitenote_category":0,"footnotes":""},"categories":[3],"tags":[71,494,43673],"class_list":["post-175662","post","type-post","status-publish","format-standard","has-post-thumbnail","hentry","category-nacional","tag-bancomer","tag-bbva-bancomer","tag-nacional"],"_links":{"self":[{"href":"https:\/\/www.diarioimagen.net\/index.php?rest_route=\/wp\/v2\/posts\/175662","targetHints":{"allow":["GET"]}}],"collection":[{"href":"https:\/\/www.diarioimagen.net\/index.php?rest_route=\/wp\/v2\/posts"}],"about":[{"href":"https:\/\/www.diarioimagen.net\/index.php?rest_route=\/wp\/v2\/types\/post"}],"author":[{"embeddable":true,"href":"https:\/\/www.diarioimagen.net\/index.php?rest_route=\/wp\/v2\/users\/5"}],"replies":[{"embeddable":true,"href":"https:\/\/www.diarioimagen.net\/index.php?rest_route=%2Fwp%2Fv2%2Fcomments&post=175662"}],"version-history":[{"count":0,"href":"https:\/\/www.diarioimagen.net\/index.php?rest_route=\/wp\/v2\/posts\/175662\/revisions"}],"wp:featuredmedia":[{"embeddable":true,"href":"https:\/\/www.diarioimagen.net\/index.php?rest_route=\/wp\/v2\/media\/175663"}],"wp:attachment":[{"href":"https:\/\/www.diarioimagen.net\/index.php?rest_route=%2Fwp%2Fv2%2Fmedia&parent=175662"}],"wp:term":[{"taxonomy":"category","embeddable":true,"href":"https:\/\/www.diarioimagen.net\/index.php?rest_route=%2Fwp%2Fv2%2Fcategories&post=175662"},{"taxonomy":"post_tag","embeddable":true,"href":"https:\/\/www.diarioimagen.net\/index.php?rest_route=%2Fwp%2Fv2%2Ftags&post=175662"}],"curies":[{"name":"wp","href":"https:\/\/api.w.org\/{rel}","templated":true}]}}