{"id":175697,"date":"2014-05-28T00:06:37","date_gmt":"2014-05-28T05:06:37","guid":{"rendered":"http:\/\/www.diarioimagen.net\/?p=175697"},"modified":"2014-06-18T05:23:15","modified_gmt":"2014-06-18T10:23:15","slug":"eruviel-avila-propone-aumentar-sanciones-por-maltrato-infantil","status":"publish","type":"post","link":"https:\/\/www.diarioimagen.net\/?p=175697","title":{"rendered":"Eruviel \u00c1vila propone aumentar sanciones por maltrato infantil"},"content":{"rendered":"<ul>\n<li><strong><em>El objetivo es evitar casos como el registrado en Tlalnepantla, donde un menor de edad fue severamente golpeado por su padrastro<\/em><\/strong><\/li>\n<\/ul>\n<div id=\"attachment_175764\" style=\"width: 250px\" class=\"wp-caption alignleft\"><a href=\"http:\/\/www.diarioimagen.net\/wp-content\/uploads\/2014\/05\/eruviel-2365.jpg\"><img loading=\"lazy\" decoding=\"async\" aria-describedby=\"caption-attachment-175764\" class=\"size-medium wp-image-175764\" src=\"http:\/\/www.diarioimagen.net\/wp-content\/uploads\/2014\/05\/eruviel-2365-240x159.jpg\" alt=\"El gobernador Eruviel \u00c1vila Villegas, acompa\u00f1ado de Isis \u00c1vila Mu\u00f1oz, presidenta honoraria del DIFEM, dio inicio formalmente a la Segunda Semana Nacional de Vacunaci\u00f3n en la entidad, mediante la cual se realizar\u00e1n m\u00e1s de 10 millones de acciones, entre las que destacan la entrega de suero oral, orientaci\u00f3n y aplicaci\u00f3n de vacunas, con lo que se contar\u00e1 con mexiquenses m\u00e1s sanos. Esto, al inaugurar el Centro de Salud Solalpan Segunda Secci\u00f3n.\" width=\"240\" height=\"159\" srcset=\"https:\/\/www.diarioimagen.net\/wp-content\/uploads\/2014\/05\/eruviel-2365-240x159.jpg 240w, https:\/\/www.diarioimagen.net\/wp-content\/uploads\/2014\/05\/eruviel-2365-420x278.jpg 420w, https:\/\/www.diarioimagen.net\/wp-content\/uploads\/2014\/05\/eruviel-2365.jpg 500w\" sizes=\"auto, (max-width: 240px) 100vw, 240px\" \/><\/a><p id=\"caption-attachment-175764\" class=\"wp-caption-text\">El gobernador Eruviel \u00c1vila Villegas, acompa\u00f1ado de Isis \u00c1vila Mu\u00f1oz, presidenta honoraria del DIFEM, dio inicio formalmente a la Segunda Semana Nacional de Vacunaci\u00f3n en la entidad, mediante la cual se realizar\u00e1n m\u00e1s de 10 millones de acciones, entre las que destacan la entrega de suero oral, orientaci\u00f3n y aplicaci\u00f3n de vacunas, con lo que se contar\u00e1 con mexiquenses m\u00e1s sanos. Esto, al inaugurar el Centro de Salud Solalpan Segunda Secci\u00f3n.<\/p><\/div>\n<p><strong>Temoaya,\u00a0 Estado de M\u00e9xico<\/strong>.- El gobernador Eruviel \u00c1vila Villegas inform\u00f3 que, en breve, presentar\u00e1 una iniciativa ante el Congreso local para reformar el C\u00f3digo Penal del Estado de M\u00e9xico, con el prop\u00f3sito de endurecer las sanciones en casos de abuso o maltrato a menores de edad, como sucedi\u00f3 recientemente en el municipio de Tlalnepantla con el peque\u00f1o Owen, de cinco a\u00f1os de edad, a quien reiter\u00f3 el apoyo absoluto por parte del Gobierno del Estado de M\u00e9xico para su cuidado y recuperaci\u00f3n tanto f\u00edsica como psicol\u00f3gica.<\/p>\n<p>\u201cEstamos preparando una iniciativa para ser todav\u00eda m\u00e1s severos cuando alguien abuse o maltrate a un ni\u00f1o, que pueda ser todav\u00eda m\u00e1s ejemplar la sanci\u00f3n en contra de los agresores, como es el caso de quien agredi\u00f3 a este peque\u00f1ito Owen. Por eso hoy quiero expresar la solidaridad de todo el pueblo del Estado de M\u00e9xico, de todos los mexiquenses, hoy expresamos el cari\u00f1o de los mexiquenses a este peque\u00f1ito Owen, nuestros mejores deseos, vamos a estar muy al pendiente de \u00e9l\u201d, dijo.<\/p>\n<p>Durante la inauguraci\u00f3n del Centro de Salud Solalpan Segunda Secci\u00f3n, Eruviel \u00c1vila explic\u00f3 que actualmente el C\u00f3digo Penal del Estado de M\u00e9xico contempla sanciones para aquellos que maltraten a un menor de edad en el seno familiar; sin embargo es necesario modificar las leyes para endurecer las penas en este tipo de hechos.<\/p>\n<p>Inform\u00f3 que actualmente Owen se encuentra en recuperaci\u00f3n y fuera de peligro, en tanto su mam\u00e1 ya fue detenida y las autoridades contin\u00faan con la b\u00fasqueda del agresor. Una vez que sea dado de alta del hospital del Instituto de Seguridad Social del Estado de M\u00e9xico y Municipios (Issemym), donde se encuentra, el menor quedar\u00e1 al cuidado del DIF municipal de Cuautitl\u00e1n, en coordinaci\u00f3n con el DIFEM, para\u00a0 procurar su recuperaci\u00f3n f\u00edsica y psicol\u00f3gica.<\/p>\n<p>En este sentido, hizo un llamado a la poblaci\u00f3n a fortalecer los valores, fomentar la unidad, di\u00e1logo y convivencia familiar, con el prop\u00f3sito de ser preventivos y evitar que se repitan este tipo de casos que afectan a ni\u00f1as y ni\u00f1os.<\/p>\n<p>En este municipio, acompa\u00f1ado de Isis \u00c1vila Mu\u00f1oz, presidenta honoraria del DIFEM, el gobernador mexiquense dio inicio formalmente a la Segunda Semana Nacional de Vacunaci\u00f3n en el Estado de M\u00e9xico, que se lleva a cabo del 24 al 30 de mayo donde participan 26 mil m\u00e9dicos, enfermeras\u00a0 y voluntarios, y mediante la cual se realizar\u00e1n m\u00e1s de 10 millones de acciones, entre las que destacan la entrega de suero oral, orientaci\u00f3n y vacunaci\u00f3n contra el neumococo, triple viral, rotavirus, sab\u00edn, entre otras.<\/p>\n","protected":false},"excerpt":{"rendered":"<p>El gobernador Eruviel \u00c1vila Villegas inform\u00f3 que, en breve, presentar\u00e1 una iniciativa ante el Congreso local para reformar el C\u00f3digo Penal del Estado de M\u00e9xico, con el prop\u00f3sito de endurecer las sanciones en casos de abuso o maltrato a menores de edad, como sucedi\u00f3 recientemente en el municipio de Tlalnepantla con el peque\u00f1o Owen, de cinco a\u00f1os de edad, a quien reiter\u00f3 el apoyo absoluto por parte del Gobierno del Estado de M\u00e9xico para su cuidado y recuperaci\u00f3n tanto f\u00edsica como psicol\u00f3gica.<\/p>\n","protected":false},"author":3,"featured_media":175764,"comment_status":"open","ping_status":"open","sticky":false,"template":"","format":"standard","meta":{"_monsterinsights_skip_tracking":false,"_monsterinsights_sitenote_active":false,"_monsterinsights_sitenote_note":"","_monsterinsights_sitenote_category":0,"footnotes":""},"categories":[3],"tags":[5828,43675,6777],"class_list":["post-175697","post","type-post","status-publish","format-standard","has-post-thumbnail","hentry","category-nacional","tag-eruviel-avila-villegas","tag-estado-de-mexico","tag-temoaya"],"_links":{"self":[{"href":"https:\/\/www.diarioimagen.net\/index.php?rest_route=\/wp\/v2\/posts\/175697","targetHints":{"allow":["GET"]}}],"collection":[{"href":"https:\/\/www.diarioimagen.net\/index.php?rest_route=\/wp\/v2\/posts"}],"about":[{"href":"https:\/\/www.diarioimagen.net\/index.php?rest_route=\/wp\/v2\/types\/post"}],"author":[{"embeddable":true,"href":"https:\/\/www.diarioimagen.net\/index.php?rest_route=\/wp\/v2\/users\/3"}],"replies":[{"embeddable":true,"href":"https:\/\/www.diarioimagen.net\/index.php?rest_route=%2Fwp%2Fv2%2Fcomments&post=175697"}],"version-history":[{"count":0,"href":"https:\/\/www.diarioimagen.net\/index.php?rest_route=\/wp\/v2\/posts\/175697\/revisions"}],"wp:featuredmedia":[{"embeddable":true,"href":"https:\/\/www.diarioimagen.net\/index.php?rest_route=\/wp\/v2\/media\/175764"}],"wp:attachment":[{"href":"https:\/\/www.diarioimagen.net\/index.php?rest_route=%2Fwp%2Fv2%2Fmedia&parent=175697"}],"wp:term":[{"taxonomy":"category","embeddable":true,"href":"https:\/\/www.diarioimagen.net\/index.php?rest_route=%2Fwp%2Fv2%2Fcategories&post=175697"},{"taxonomy":"post_tag","embeddable":true,"href":"https:\/\/www.diarioimagen.net\/index.php?rest_route=%2Fwp%2Fv2%2Ftags&post=175697"}],"curies":[{"name":"wp","href":"https:\/\/api.w.org\/{rel}","templated":true}]}}