{"id":175699,"date":"2014-05-28T00:13:47","date_gmt":"2014-05-28T05:13:47","guid":{"rendered":"http:\/\/www.diarioimagen.net\/?p=175699"},"modified":"2014-05-28T03:55:12","modified_gmt":"2014-05-28T08:55:12","slug":"salud-la-prioridad-en-edomex-2","status":"publish","type":"post","link":"https:\/\/www.diarioimagen.net\/?p=175699","title":{"rendered":"Salud, la prioridad en Edomex"},"content":{"rendered":"<h2>Arco Norte<\/h2>\n<h5>Jos\u00e9 Luis Monta\u00f1ez Aguilar<\/h5>\n<div id=\"attachment_175766\" style=\"width: 250px\" class=\"wp-caption alignleft\"><a href=\"http:\/\/www.diarioimagen.net\/wp-content\/uploads\/2014\/05\/arco-2365.jpg\"><img loading=\"lazy\" decoding=\"async\" aria-describedby=\"caption-attachment-175766\" class=\"size-medium wp-image-175766\" src=\"http:\/\/www.diarioimagen.net\/wp-content\/uploads\/2014\/05\/arco-2365-240x159.jpg\" alt=\"El gobernador Eruviel \u00c1vila Villegas.\" width=\"240\" height=\"159\" srcset=\"https:\/\/www.diarioimagen.net\/wp-content\/uploads\/2014\/05\/arco-2365-240x159.jpg 240w, https:\/\/www.diarioimagen.net\/wp-content\/uploads\/2014\/05\/arco-2365-420x278.jpg 420w, https:\/\/www.diarioimagen.net\/wp-content\/uploads\/2014\/05\/arco-2365.jpg 500w\" sizes=\"auto, (max-width: 240px) 100vw, 240px\" \/><\/a><p id=\"caption-attachment-175766\" class=\"wp-caption-text\">El gobernador Eruviel \u00c1vila Villegas.<\/p><\/div>\n<p>La preocupaci\u00f3n fundamental del gobierno del Estado de M\u00e9xico es contar con ciudadanos sanos, por lo que constantemente se realizan acciones en beneficio de los mexiquenses, como la Segunda Semana Nacional de Salud que fue puesta en marcha por el gobernador Eruviel \u00c1vila Villegas y la presidenta honoraria del Sistema para el Desarrollo Integral de la Familia en la entidad (DIFEM), Isis \u00c1vila Mu\u00f1oz, mediante la cual, adem\u00e1s de la aplicaci\u00f3n de vacunas, se entregar\u00e1 suero oral y se dar\u00e1 orientaci\u00f3n en materia de prevenci\u00f3n de enfermedades. \u201cHoy tambi\u00e9n estamos arrancando formalmente la Segunda Semana Nacional de Salud, es una labor tit\u00e1nica, una labor muy importante, m\u00e1s de 10 millones de acciones, desde una vacuna, desde proporcionar orientaci\u00f3n, desde otorgar un suero oral, 10 millones de acciones que se van a llevar a cabo en todo el Estado de M\u00e9xico para cuidar de la salud de las ni\u00f1as, de los ni\u00f1os, de estos tesoros que son nuestro motivo y raz\u00f3n de ser y de vivir, como lo son la ni\u00f1ez, los adultos mayores\u201d, manifest\u00f3. Luego de inaugurar el Centro de Salud Solalpan segunda secci\u00f3n, unidad m\u00e9dica de primer nivel que beneficiar\u00e1 a 3 mil 500 habitantes de esta localidad, el titular del Ejecutivo estatal destac\u00f3 que en esta campa\u00f1a de salud participar\u00e1n 26 mil m\u00e9dicos, enfermeras y voluntarios. La Segunda Semana Nacional de Vacunaci\u00f3n, que inici\u00f3 el 24 de mayo y terminar\u00e1 el 30 del mismo mes, contar\u00e1 con m\u00e1s de 2 millones de vacunas, como\u00a0 dosis contra el virus del papiloma humano, sab\u00edn, triple viral, pentavalente acelular, antirotavirus, antineumococcica 13 valente, entre otras.<\/p>\n<p><em><a href=\"mailto:montanezaguilar@gmail.com\" target=\"_blank\">montanezaguilar@gmail.com<\/a><\/em><\/p>\n","protected":false},"excerpt":{"rendered":"<p><span style=\"color: #005497;\"><strong>Jos\u00e9 Luis Monta\u00f1ez Aguilar<\/strong><\/span><br \/>\n<br \/>\nLa preocupaci\u00f3n fundamental del gobierno del Estado de M\u00e9xico es contar con ciudadanos sanos, por lo que constantemente se realizan acciones en beneficio de los mexiquenses, como la Segunda Semana Nacional de Salud que fue puesta en marcha por el gobernador Eruviel \u00c1vila Villegas y la presidenta honoraria del Sistema para el Desarrollo Integral de la Familia en la entidad (DIFEM), Isis \u00c1vila Mu\u00f1oz, mediante la cual, adem\u00e1s de la aplicaci\u00f3n de vacunas, se entregar\u00e1 suero oral y se dar\u00e1 orientaci\u00f3n en materia de prevenci\u00f3n de enfermedades.<\/p>\n","protected":false},"author":3,"featured_media":175766,"comment_status":"open","ping_status":"open","sticky":false,"template":"","format":"standard","meta":{"_monsterinsights_skip_tracking":false,"_monsterinsights_sitenote_active":false,"_monsterinsights_sitenote_note":"","_monsterinsights_sitenote_category":0,"footnotes":""},"categories":[5],"tags":[13284,5828,28207,43704],"class_list":["post-175699","post","type-post","status-publish","format-standard","has-post-thumbnail","hentry","category-estado-de-mexico","tag-arco-norte","tag-eruviel-avila-villegas","tag-isis-avila-munoz","tag-jose-luis-montanez-aguilar"],"_links":{"self":[{"href":"https:\/\/www.diarioimagen.net\/index.php?rest_route=\/wp\/v2\/posts\/175699","targetHints":{"allow":["GET"]}}],"collection":[{"href":"https:\/\/www.diarioimagen.net\/index.php?rest_route=\/wp\/v2\/posts"}],"about":[{"href":"https:\/\/www.diarioimagen.net\/index.php?rest_route=\/wp\/v2\/types\/post"}],"author":[{"embeddable":true,"href":"https:\/\/www.diarioimagen.net\/index.php?rest_route=\/wp\/v2\/users\/3"}],"replies":[{"embeddable":true,"href":"https:\/\/www.diarioimagen.net\/index.php?rest_route=%2Fwp%2Fv2%2Fcomments&post=175699"}],"version-history":[{"count":0,"href":"https:\/\/www.diarioimagen.net\/index.php?rest_route=\/wp\/v2\/posts\/175699\/revisions"}],"wp:featuredmedia":[{"embeddable":true,"href":"https:\/\/www.diarioimagen.net\/index.php?rest_route=\/wp\/v2\/media\/175766"}],"wp:attachment":[{"href":"https:\/\/www.diarioimagen.net\/index.php?rest_route=%2Fwp%2Fv2%2Fmedia&parent=175699"}],"wp:term":[{"taxonomy":"category","embeddable":true,"href":"https:\/\/www.diarioimagen.net\/index.php?rest_route=%2Fwp%2Fv2%2Fcategories&post=175699"},{"taxonomy":"post_tag","embeddable":true,"href":"https:\/\/www.diarioimagen.net\/index.php?rest_route=%2Fwp%2Fv2%2Ftags&post=175699"}],"curies":[{"name":"wp","href":"https:\/\/api.w.org\/{rel}","templated":true}]}}