{"id":175747,"date":"2014-05-28T00:08:30","date_gmt":"2014-05-28T05:08:30","guid":{"rendered":"http:\/\/www.diarioimagen.net\/?p=175747"},"modified":"2014-05-28T03:59:15","modified_gmt":"2014-05-28T08:59:15","slug":"david-parra-inaugura-casa-de-atencion-ciudadana","status":"publish","type":"post","link":"https:\/\/www.diarioimagen.net\/?p=175747","title":{"rendered":"David Parra inaugura casa de \u201catenci\u00f3n ciudadana\u201d"},"content":{"rendered":"<ul>\n<li><strong><em>San Rafael Chamapa, Naucalpan<\/em><\/strong><\/li>\n<\/ul>\n<div id=\"attachment_175769\" style=\"width: 250px\" class=\"wp-caption alignleft\"><a href=\"http:\/\/www.diarioimagen.net\/wp-content\/uploads\/2014\/05\/NAUCALPAN-2365.jpg\"><img loading=\"lazy\" decoding=\"async\" aria-describedby=\"caption-attachment-175769\" class=\"size-medium wp-image-175769\" src=\"http:\/\/www.diarioimagen.net\/wp-content\/uploads\/2014\/05\/NAUCALPAN-2365-240x160.jpg\" alt=\"El diputado David Parra inaugur\u00f3 la 12 Casa de Atenci\u00f3n Ciudadana, en Naucalpan, municipio al que representa en el Congreso local.\" width=\"240\" height=\"160\" srcset=\"https:\/\/www.diarioimagen.net\/wp-content\/uploads\/2014\/05\/NAUCALPAN-2365-240x160.jpg 240w, https:\/\/www.diarioimagen.net\/wp-content\/uploads\/2014\/05\/NAUCALPAN-2365-420x281.jpg 420w, https:\/\/www.diarioimagen.net\/wp-content\/uploads\/2014\/05\/NAUCALPAN-2365.jpg 500w\" sizes=\"auto, (max-width: 240px) 100vw, 240px\" \/><\/a><p id=\"caption-attachment-175769\" class=\"wp-caption-text\">El diputado David Parra inaugur\u00f3 la 12 Casa de Atenci\u00f3n Ciudadana, en Naucalpan, municipio al que representa en el Congreso local.<\/p><\/div>\n<p><strong>Naucalpan, Estado de M\u00e9xico<\/strong>.- Cumpliendo uno a uno sus compromisos de trabajar y estar cerca de la gente, hace unos d\u00edas, el diputado David Parra S\u00e1nchez, inaugur\u00f3 una casa m\u00e1s de \u201catenci\u00f3n ciudadana\u201d en San Rafael Chamapa, sumando con \u00e9sta un total de doce.<\/p>\n<p>Con el compromiso de seguir trabajando cerca de la gente, Parra S\u00e1nchez (PRI), representante popular del Revolucionario Institucional, refrend\u00f3 su compromiso de seguir entregando apoyos de diversa \u00edndole a quien m\u00e1s lo necesita en este municipio.<\/p>\n<p>La nueva Casa de Atenci\u00f3n Ciudadana, brindar\u00e1, adem\u00e1s de la gesti\u00f3n de las demandas sociales, servicios m\u00e9dicos gratuitos y apoyos alimentarios, entre otras gestiones que favorecer\u00e1n a miles de familias de San Rafael Chamapa.<\/p>\n<p>Despu\u00e9s de cortar el list\u00f3n inaugural de la nueva oficina, el diputado local destac\u00f3 la importancia de continuar la implementaci\u00f3n de acciones para mejorar las condiciones de vida de la poblaci\u00f3n, ya que \u201chay que estar de lleno con la sociedad\u201d.<\/p>\n","protected":false},"excerpt":{"rendered":"<p>Cumpliendo uno a uno sus compromisos de trabajar y estar cerca de la gente, hace unos d\u00edas, el diputado David Parra S\u00e1nchez, inaugur\u00f3 una casa m\u00e1s de \u201catenci\u00f3n ciudadana\u201d en San Rafael Chamapa, sumando con \u00e9sta un total de doce.<\/p>\n","protected":false},"author":3,"featured_media":175769,"comment_status":"open","ping_status":"open","sticky":false,"template":"","format":"standard","meta":{"_monsterinsights_skip_tracking":false,"_monsterinsights_sitenote_active":false,"_monsterinsights_sitenote_note":"","_monsterinsights_sitenote_category":0,"footnotes":""},"categories":[5],"tags":[29035,43675,970,362],"class_list":["post-175747","post","type-post","status-publish","format-standard","has-post-thumbnail","hentry","category-estado-de-mexico","tag-david-parra-sanchez","tag-estado-de-mexico","tag-naucalpan","tag-pri"],"_links":{"self":[{"href":"https:\/\/www.diarioimagen.net\/index.php?rest_route=\/wp\/v2\/posts\/175747","targetHints":{"allow":["GET"]}}],"collection":[{"href":"https:\/\/www.diarioimagen.net\/index.php?rest_route=\/wp\/v2\/posts"}],"about":[{"href":"https:\/\/www.diarioimagen.net\/index.php?rest_route=\/wp\/v2\/types\/post"}],"author":[{"embeddable":true,"href":"https:\/\/www.diarioimagen.net\/index.php?rest_route=\/wp\/v2\/users\/3"}],"replies":[{"embeddable":true,"href":"https:\/\/www.diarioimagen.net\/index.php?rest_route=%2Fwp%2Fv2%2Fcomments&post=175747"}],"version-history":[{"count":0,"href":"https:\/\/www.diarioimagen.net\/index.php?rest_route=\/wp\/v2\/posts\/175747\/revisions"}],"wp:featuredmedia":[{"embeddable":true,"href":"https:\/\/www.diarioimagen.net\/index.php?rest_route=\/wp\/v2\/media\/175769"}],"wp:attachment":[{"href":"https:\/\/www.diarioimagen.net\/index.php?rest_route=%2Fwp%2Fv2%2Fmedia&parent=175747"}],"wp:term":[{"taxonomy":"category","embeddable":true,"href":"https:\/\/www.diarioimagen.net\/index.php?rest_route=%2Fwp%2Fv2%2Fcategories&post=175747"},{"taxonomy":"post_tag","embeddable":true,"href":"https:\/\/www.diarioimagen.net\/index.php?rest_route=%2Fwp%2Fv2%2Ftags&post=175747"}],"curies":[{"name":"wp","href":"https:\/\/api.w.org\/{rel}","templated":true}]}}