{"id":175819,"date":"2014-05-28T12:33:14","date_gmt":"2014-05-28T17:33:14","guid":{"rendered":"http:\/\/www.diarioimagen.net\/?p=175819"},"modified":"2014-06-17T06:32:55","modified_gmt":"2014-06-17T11:32:55","slug":"arranca-el-encuentro-nacional-de-autodefensas","status":"publish","type":"post","link":"https:\/\/www.diarioimagen.net\/?p=175819","title":{"rendered":"Arranca el Encuentro Nacional de Autodefensas"},"content":{"rendered":"<ul>\n<li><em><strong>Acuden Jos\u00e9 Manuel Mireles, Hip\u00f3lito Mora, Alejandro Solalinde, entre otros. Se realiza en el Polyf\u00f3rum Siqueiros<\/strong><\/em><\/li>\n<\/ul>\n<div id=\"attachment_175820\" style=\"width: 250px\" class=\"wp-caption alignleft\"><img loading=\"lazy\" decoding=\"async\" aria-describedby=\"caption-attachment-175820\" class=\"size-medium wp-image-175820\" src=\"http:\/\/www.diarioimagen.net\/wp-content\/uploads\/2014\/05\/AUTODEFENSAS-portal1-240x135.jpg\" alt=\"Se pretende que a trav\u00e9s de las autodefensas se recupere el tejido social, el sentido de comunidad y el poder de decisi\u00f3n de la poblaci\u00f3n, ya que se plantea que este movimiento no s\u00f3lo sea exclusivo para recuperar la paz, sino enfrentar otras situaciones como la pobreza.\" width=\"240\" height=\"135\" srcset=\"https:\/\/www.diarioimagen.net\/wp-content\/uploads\/2014\/05\/AUTODEFENSAS-portal1-240x135.jpg 240w, https:\/\/www.diarioimagen.net\/wp-content\/uploads\/2014\/05\/AUTODEFENSAS-portal1-420x236.jpg 420w, https:\/\/www.diarioimagen.net\/wp-content\/uploads\/2014\/05\/AUTODEFENSAS-portal1-235x132.jpg 235w, https:\/\/www.diarioimagen.net\/wp-content\/uploads\/2014\/05\/AUTODEFENSAS-portal1-202x114.jpg 202w, https:\/\/www.diarioimagen.net\/wp-content\/uploads\/2014\/05\/AUTODEFENSAS-portal1-350x196.jpg 350w, https:\/\/www.diarioimagen.net\/wp-content\/uploads\/2014\/05\/AUTODEFENSAS-portal1-220x123.jpg 220w, https:\/\/www.diarioimagen.net\/wp-content\/uploads\/2014\/05\/AUTODEFENSAS-portal1-237x132.jpg 237w, https:\/\/www.diarioimagen.net\/wp-content\/uploads\/2014\/05\/AUTODEFENSAS-portal1.jpg 480w\" sizes=\"auto, (max-width: 240px) 100vw, 240px\" \/><p id=\"caption-attachment-175820\" class=\"wp-caption-text\">Se pretende que a trav\u00e9s de las autodefensas se recupere el tejido social, el sentido de comunidad y el poder de decisi\u00f3n de la poblaci\u00f3n, ya que se plantea que este movimiento no s\u00f3lo sea exclusivo para recuperar la paz, sino enfrentar otras situaciones como la pobreza.<\/p><\/div>\n<p>Con la consigna de exigir seguridad y justicia dio inicio este mi\u00e9rcoles el primer Encuentro Nacional de Autodefensas, en el Polyf\u00f3rum Siqueiros.<\/p>\n<p>Es encabezado por los fundadores de las autodefensas en Michoac\u00e1n, Hip\u00f3lito Mora y el doctor Jos\u00e9 Manuel Mireles, igualmente acudieron el padre Jos\u00e9 Solalinde, defensor de migrantes, el senador Ernesto Ruffo, entre otros activistas, periodistas y representantes de Asociaciones Civiles.<\/p>\n<p>De acuerdo con la convocatoria del encuentro, se estar\u00e1n discutiendo acciones a seguir en todo el pa\u00eds, principalmente en los lugares donde se est\u00e1 registrando violencia, sin armas ni acciones violentas, sino a trav\u00e9s de la a organizaci\u00f3n social.<\/p>\n<p>Se pretende que a trav\u00e9s de las autodefensas se recupere el tejido social, el sentido de comunidad y el poder de decisi\u00f3n de la poblaci\u00f3n, ya que se plantea que este movimiento no s\u00f3lo sea exclusivo para recuperar la paz, sino enfrentar otras situaciones como la pobreza.<\/p>\n","protected":false},"excerpt":{"rendered":"<p>Con la consigna de exigir seguridad y justicia dio inicio este mi\u00e9rcoles el primer Encuentro Nacional de Autodefensas, en el Polyf\u00f3rum Siqueiros.<\/p>\n","protected":false},"author":5,"featured_media":175820,"comment_status":"open","ping_status":"open","sticky":false,"template":"","format":"standard","meta":{"_monsterinsights_skip_tracking":false,"_monsterinsights_sitenote_active":false,"_monsterinsights_sitenote_note":"","_monsterinsights_sitenote_category":0,"footnotes":""},"categories":[3],"tags":[27954],"class_list":["post-175819","post","type-post","status-publish","format-standard","has-post-thumbnail","hentry","category-nacional","tag-autodefensas"],"_links":{"self":[{"href":"https:\/\/www.diarioimagen.net\/index.php?rest_route=\/wp\/v2\/posts\/175819","targetHints":{"allow":["GET"]}}],"collection":[{"href":"https:\/\/www.diarioimagen.net\/index.php?rest_route=\/wp\/v2\/posts"}],"about":[{"href":"https:\/\/www.diarioimagen.net\/index.php?rest_route=\/wp\/v2\/types\/post"}],"author":[{"embeddable":true,"href":"https:\/\/www.diarioimagen.net\/index.php?rest_route=\/wp\/v2\/users\/5"}],"replies":[{"embeddable":true,"href":"https:\/\/www.diarioimagen.net\/index.php?rest_route=%2Fwp%2Fv2%2Fcomments&post=175819"}],"version-history":[{"count":0,"href":"https:\/\/www.diarioimagen.net\/index.php?rest_route=\/wp\/v2\/posts\/175819\/revisions"}],"wp:featuredmedia":[{"embeddable":true,"href":"https:\/\/www.diarioimagen.net\/index.php?rest_route=\/wp\/v2\/media\/175820"}],"wp:attachment":[{"href":"https:\/\/www.diarioimagen.net\/index.php?rest_route=%2Fwp%2Fv2%2Fmedia&parent=175819"}],"wp:term":[{"taxonomy":"category","embeddable":true,"href":"https:\/\/www.diarioimagen.net\/index.php?rest_route=%2Fwp%2Fv2%2Fcategories&post=175819"},{"taxonomy":"post_tag","embeddable":true,"href":"https:\/\/www.diarioimagen.net\/index.php?rest_route=%2Fwp%2Fv2%2Ftags&post=175819"}],"curies":[{"name":"wp","href":"https:\/\/api.w.org\/{rel}","templated":true}]}}