{"id":175833,"date":"2014-05-28T16:13:58","date_gmt":"2014-05-28T21:13:58","guid":{"rendered":"http:\/\/www.diarioimagen.net\/?p=175833"},"modified":"2014-06-10T04:46:14","modified_gmt":"2014-06-10T09:46:14","slug":"este-martes-fin-a-haber-de-retiro-de-los-magistrados-electorales","status":"publish","type":"post","link":"https:\/\/www.diarioimagen.net\/?p=175833","title":{"rendered":"Este martes, fin a \u2018haber de retiro\u2019 de los magistrados electorales"},"content":{"rendered":"<div id=\"attachment_175834\" style=\"width: 250px\" class=\"wp-caption alignleft\"><img loading=\"lazy\" decoding=\"async\" aria-describedby=\"caption-attachment-175834\" class=\"size-medium wp-image-175834\" src=\"http:\/\/www.diarioimagen.net\/wp-content\/uploads\/2014\/05\/magistrados-portal1-240x135.jpg\" alt=\"De hecho el PRI entreg\u00f3 al Congreso una iniciativa que acotaba a dos a\u00f1os el haber de retiro, pero tambi\u00e9n fue interpretado como una \u201cmegapensi\u00f3n\u201d con la que se quer\u00eda beneficiar a los magistrados, mismos que antes la cr\u00edtica decidieron anunciar que no aceptar\u00eda tal prestaci\u00f3n en ninguna de sus formas.\" width=\"240\" height=\"135\" srcset=\"https:\/\/www.diarioimagen.net\/wp-content\/uploads\/2014\/05\/magistrados-portal1-240x135.jpg 240w, https:\/\/www.diarioimagen.net\/wp-content\/uploads\/2014\/05\/magistrados-portal1-420x236.jpg 420w, https:\/\/www.diarioimagen.net\/wp-content\/uploads\/2014\/05\/magistrados-portal1-235x132.jpg 235w, https:\/\/www.diarioimagen.net\/wp-content\/uploads\/2014\/05\/magistrados-portal1-202x114.jpg 202w, https:\/\/www.diarioimagen.net\/wp-content\/uploads\/2014\/05\/magistrados-portal1-350x196.jpg 350w, https:\/\/www.diarioimagen.net\/wp-content\/uploads\/2014\/05\/magistrados-portal1-220x123.jpg 220w, https:\/\/www.diarioimagen.net\/wp-content\/uploads\/2014\/05\/magistrados-portal1-237x132.jpg 237w, https:\/\/www.diarioimagen.net\/wp-content\/uploads\/2014\/05\/magistrados-portal1.jpg 480w\" sizes=\"auto, (max-width: 240px) 100vw, 240px\" \/><p id=\"caption-attachment-175834\" class=\"wp-caption-text\">De hecho el PRI entreg\u00f3 al Congreso una iniciativa que acotaba a dos a\u00f1os el haber de retiro, pero tambi\u00e9n fue interpretado como una \u201cmegapensi\u00f3n\u201d con la que se quer\u00eda beneficiar a los magistrados, mismos que antes la cr\u00edtica decidieron anunciar que no aceptar\u00eda tal prestaci\u00f3n en ninguna de sus formas.<\/p><\/div>\n<p>El martes pr\u00f3ximo, la Comisi\u00f3n de Justicia del Senado de la Rep\u00fablica, analizar\u00e1, debatir\u00e1 y derogar\u00e1 los \u201chaberes de retiro\u201d que en forma sorpresiva fueron incluidos en la reforma pol\u00edtico-electoral aprobada a mediados de mayo en periodo extraordinario.<\/p>\n<p>El anuncio lo hizo Miguel Barbosa, coordinador del PRD en la C\u00e1mara Alta, quien destac\u00f3 que incluso funcionarios gubernamentales calificaron esta suerte de bono a los magistrados electorales como \u201cun error de c\u00e1lculo\u201d de parte de quienes lo pusieron en la redacci\u00f3n final. Esto es, abundo, se quitar\u00e1 la fracci\u00f3n XXXI del art\u00edculo 209 de la Ley Org\u00e1nica del Poder Judicial de la Federaci\u00f3n.<\/p>\n<p>Barbosa Huerta se congratul\u00f3 de que el PRI y sus legisladores se hayan unido con el PAN y el PRD para derogar esta disposici\u00f3n, aunque les hizo ver que se quita no porque los magistrados electorales la hayan rechazado, sino porque \u201cno deben existir \u2018haberes de retiro\u2019 para ning\u00fan funcionario del sector p\u00fablico\u201d.<\/p>\n<p>El asunto implic\u00f3 un derrota pol\u00edtica del PRI quien al principio introdujo la figura del haber de retiro para dichos magistrados, como algo que fue considerado una pensi\u00f3n vitalicia. Luego de fuertes cr\u00edticas que el hecho provoc\u00f3,\u00a0 Manlio Fabio Beltrones, coordinador de la bancada del PRI en la C\u00e1mara de Diputados, dio a conocer que el \u201chaber de retiro\u201d de los siete magistrados electorales \u201cno tendr\u00e1 car\u00e1cter de vitalicio, sino s\u00f3lo y \u00fanicamente para los dos a\u00f1os, en los cuales les queda prohibido ejercer su profesi\u00f3n\u201d.<\/p>\n","protected":false},"excerpt":{"rendered":"<p>El martes pr\u00f3ximo, la Comisi\u00f3n de Justicia del Senado de la Rep\u00fablica, analizar\u00e1, debatir\u00e1 y derogar\u00e1 los \u201chaberes de retiro\u201d que en forma sorpresiva fueron incluidos en la reforma pol\u00edtico-electoral aprobada a mediados de mayo en periodo extraordinario.<\/p>\n","protected":false},"author":5,"featured_media":175834,"comment_status":"open","ping_status":"open","sticky":false,"template":"","format":"standard","meta":{"_monsterinsights_skip_tracking":false,"_monsterinsights_sitenote_active":false,"_monsterinsights_sitenote_note":"","_monsterinsights_sitenote_category":0,"footnotes":""},"categories":[3],"tags":[],"class_list":["post-175833","post","type-post","status-publish","format-standard","has-post-thumbnail","hentry","category-nacional"],"_links":{"self":[{"href":"https:\/\/www.diarioimagen.net\/index.php?rest_route=\/wp\/v2\/posts\/175833","targetHints":{"allow":["GET"]}}],"collection":[{"href":"https:\/\/www.diarioimagen.net\/index.php?rest_route=\/wp\/v2\/posts"}],"about":[{"href":"https:\/\/www.diarioimagen.net\/index.php?rest_route=\/wp\/v2\/types\/post"}],"author":[{"embeddable":true,"href":"https:\/\/www.diarioimagen.net\/index.php?rest_route=\/wp\/v2\/users\/5"}],"replies":[{"embeddable":true,"href":"https:\/\/www.diarioimagen.net\/index.php?rest_route=%2Fwp%2Fv2%2Fcomments&post=175833"}],"version-history":[{"count":0,"href":"https:\/\/www.diarioimagen.net\/index.php?rest_route=\/wp\/v2\/posts\/175833\/revisions"}],"wp:featuredmedia":[{"embeddable":true,"href":"https:\/\/www.diarioimagen.net\/index.php?rest_route=\/wp\/v2\/media\/175834"}],"wp:attachment":[{"href":"https:\/\/www.diarioimagen.net\/index.php?rest_route=%2Fwp%2Fv2%2Fmedia&parent=175833"}],"wp:term":[{"taxonomy":"category","embeddable":true,"href":"https:\/\/www.diarioimagen.net\/index.php?rest_route=%2Fwp%2Fv2%2Fcategories&post=175833"},{"taxonomy":"post_tag","embeddable":true,"href":"https:\/\/www.diarioimagen.net\/index.php?rest_route=%2Fwp%2Fv2%2Ftags&post=175833"}],"curies":[{"name":"wp","href":"https:\/\/api.w.org\/{rel}","templated":true}]}}