{"id":175836,"date":"2014-05-29T00:10:13","date_gmt":"2014-05-29T05:10:13","guid":{"rendered":"http:\/\/www.diarioimagen.net\/?p=175836"},"modified":"2014-05-29T05:49:39","modified_gmt":"2014-05-29T10:49:39","slug":"amanda-deja-dos-muertos-en-michoacan","status":"publish","type":"post","link":"https:\/\/www.diarioimagen.net\/?p=175836","title":{"rendered":"<em>Amanda<\/em> deja dos muertos en Michoac\u00e1n"},"content":{"rendered":"<ul>\n<li><em><strong>Un hombre de 50 a\u00f1os y una menor de 12 fueron arrastrados y ahogados por la corriente en Zit\u00e1cuaro<\/strong><\/em><\/li>\n<\/ul>\n<div id=\"attachment_175837\" style=\"width: 250px\" class=\"wp-caption alignleft\"><img loading=\"lazy\" decoding=\"async\" aria-describedby=\"caption-attachment-175837\" class=\"wp-image-175837 size-medium\" src=\"http:\/\/www.diarioimagen.net\/wp-content\/uploads\/2014\/05\/huracan-portal-240x135.jpg\" alt=\"Estas son las primeras v\u00edctimas que se registran por lluvias en Michoac\u00e1n durante la presente temporada.\" width=\"240\" height=\"135\" srcset=\"https:\/\/www.diarioimagen.net\/wp-content\/uploads\/2014\/05\/huracan-portal-240x135.jpg 240w, https:\/\/www.diarioimagen.net\/wp-content\/uploads\/2014\/05\/huracan-portal-420x236.jpg 420w, https:\/\/www.diarioimagen.net\/wp-content\/uploads\/2014\/05\/huracan-portal-235x132.jpg 235w, https:\/\/www.diarioimagen.net\/wp-content\/uploads\/2014\/05\/huracan-portal-202x114.jpg 202w, https:\/\/www.diarioimagen.net\/wp-content\/uploads\/2014\/05\/huracan-portal-350x196.jpg 350w, https:\/\/www.diarioimagen.net\/wp-content\/uploads\/2014\/05\/huracan-portal-220x123.jpg 220w, https:\/\/www.diarioimagen.net\/wp-content\/uploads\/2014\/05\/huracan-portal-237x132.jpg 237w, https:\/\/www.diarioimagen.net\/wp-content\/uploads\/2014\/05\/huracan-portal.jpg 480w\" sizes=\"auto, (max-width: 240px) 100vw, 240px\" \/><p id=\"caption-attachment-175837\" class=\"wp-caption-text\">El remanente del hurac\u00e1n Amanda, primero de la temporada y convertido ahora en tormenta tropical, dej\u00f3 fuertes lluvias y 2 muertos en Michoac\u00e1n.<\/p><\/div>\n<p>Debido a las fuertes lluvias que ha ocasionado la tormenta tropical <em>Amanda<\/em> en la entidad, dos personas murieron, confirm\u00f3 la Procuradur\u00eda General de Justicia del Estado de Michoac\u00e1n.<\/p>\n<p>La dependencia se\u00f1al\u00f3 que los decesos fueron de un hombre y una menor de 12 a\u00f1os en el municipio de Zit\u00e1cuaro. La menor de 12 a\u00f1os de edad, identificada como Monserrat Barrera Bola\u00f1os, fue arrastrada por la corriente en la calle Lerdo de Tejada.<\/p>\n<p>El cuerpo de la ni\u00f1a qued\u00f3 atrapado abajo de un autom\u00f3vil y fue rescatad\u00f3 horas despu\u00e9s por param\u00e9dicos y vecinos de la zona.<\/p>\n<p>La procuradur\u00eda precis\u00f3 que los hechos se registraron anoche, luego de que una tormenta afect\u00f3 la cabecera municipal y ocasion\u00f3 que se formaran grandes corrientes.<\/p>\n<p>Expuso que en la calle Hidalgo Poniente, un hombre de 50 a\u00f1os de edad, identificado como Enrique Acevedo Pineda, fue arrastrado junto con un veh\u00edculo que se encontraba estacionado y volc\u00f3. El hecho caus\u00f3 que el hombre muriera casi de manera instant\u00e1nea.<\/p>\n<p>Estas son las primeras v\u00edctimas que se registran por lluvias en Michoac\u00e1n durante la presente temporada.<\/p>\n<p>En d\u00edas anteriores, a su paso por Guerrero,<em> Amanda<\/em>, de categor\u00eda cuatro en la escala Saffir-Simpson y considerado el cicl\u00f3n m\u00e1s intenso del que se tenga registro para un mes de mayo en M\u00e9xico, provoc\u00f3 la muerte de una persona y alertas por posible formaci\u00f3n de tornados, informaron hoy autoridades.<\/p>\n<p>La Subsecretar\u00eda de Protecci\u00f3n Civil del estado de Guerrero inform\u00f3 entonces que una persona falleci\u00f3 en un accidente automovil\u00edstico registrado en la carretera Acapulco-Pinotepa Nacional, a causa de la ca\u00edda de un \u00e1rbol ante las fuertes lluvias que se reportan por el paso de <em>Amanda<\/em> por el Pac\u00edfico mexicano.<\/p>\n<p><em>Amanda<\/em> adem\u00e1s ocasion\u00f3 la ca\u00edda de \u00e1rboles y muros, as\u00ed como el desborde de un arroyo en el municipio de Coyuca de Ben\u00edtez, que afect\u00f3 de manera temporal el tr\u00e1nsito en un tramo de la carretera federal Acapulco-Zihuatanejo, tambi\u00e9n en Guerrero.<\/p>\n","protected":false},"excerpt":{"rendered":"<p>Debido a las fuertes lluvias que ha ocasionado la tormenta tropical <em>Amanda<\/em> en la entidad, dos personas murieron, confirm\u00f3 la Procuradur\u00eda General de Justicia del Estado de Michoac\u00e1n.<\/p>\n","protected":false},"author":5,"featured_media":175837,"comment_status":"open","ping_status":"open","sticky":false,"template":"","format":"standard","meta":{"_monsterinsights_skip_tracking":false,"_monsterinsights_sitenote_active":false,"_monsterinsights_sitenote_note":"","_monsterinsights_sitenote_category":0,"footnotes":""},"categories":[3],"tags":[32864,803,2135,43673,19542,8570],"class_list":["post-175836","post","type-post","status-publish","format-standard","has-post-thumbnail","hentry","category-nacional","tag-amanda","tag-michoacan","tag-muertos","tag-nacional","tag-tormenta","tag-zitacuaro"],"_links":{"self":[{"href":"https:\/\/www.diarioimagen.net\/index.php?rest_route=\/wp\/v2\/posts\/175836","targetHints":{"allow":["GET"]}}],"collection":[{"href":"https:\/\/www.diarioimagen.net\/index.php?rest_route=\/wp\/v2\/posts"}],"about":[{"href":"https:\/\/www.diarioimagen.net\/index.php?rest_route=\/wp\/v2\/types\/post"}],"author":[{"embeddable":true,"href":"https:\/\/www.diarioimagen.net\/index.php?rest_route=\/wp\/v2\/users\/5"}],"replies":[{"embeddable":true,"href":"https:\/\/www.diarioimagen.net\/index.php?rest_route=%2Fwp%2Fv2%2Fcomments&post=175836"}],"version-history":[{"count":0,"href":"https:\/\/www.diarioimagen.net\/index.php?rest_route=\/wp\/v2\/posts\/175836\/revisions"}],"wp:featuredmedia":[{"embeddable":true,"href":"https:\/\/www.diarioimagen.net\/index.php?rest_route=\/wp\/v2\/media\/175837"}],"wp:attachment":[{"href":"https:\/\/www.diarioimagen.net\/index.php?rest_route=%2Fwp%2Fv2%2Fmedia&parent=175836"}],"wp:term":[{"taxonomy":"category","embeddable":true,"href":"https:\/\/www.diarioimagen.net\/index.php?rest_route=%2Fwp%2Fv2%2Fcategories&post=175836"},{"taxonomy":"post_tag","embeddable":true,"href":"https:\/\/www.diarioimagen.net\/index.php?rest_route=%2Fwp%2Fv2%2Ftags&post=175836"}],"curies":[{"name":"wp","href":"https:\/\/api.w.org\/{rel}","templated":true}]}}