{"id":175964,"date":"2014-05-29T00:09:46","date_gmt":"2014-05-29T05:09:46","guid":{"rendered":"http:\/\/www.diarioimagen.net\/?p=175964"},"modified":"2014-05-29T05:49:51","modified_gmt":"2014-05-29T10:49:51","slug":"economia-mexicana-sigue-en-recesion-merrill-lynch-2","status":"publish","type":"post","link":"https:\/\/www.diarioimagen.net\/?p=175964","title":{"rendered":"Econom\u00eda mexicana \u201csigue\u201d en recesi\u00f3n: Merrill Lynch"},"content":{"rendered":"<ul>\n<li><strong><em>El problema pudo haber empezado en el cuarto trimestre de 2012, dice la firma estadunidense<\/em><\/strong><\/li>\n<\/ul>\n<div id=\"attachment_175985\" style=\"width: 250px\" class=\"wp-caption alignleft\"><a href=\"http:\/\/www.diarioimagen.net\/wp-content\/uploads\/2014\/05\/comercio-2366.jpg\"><img loading=\"lazy\" decoding=\"async\" aria-describedby=\"caption-attachment-175985\" class=\"size-medium wp-image-175985\" src=\"http:\/\/www.diarioimagen.net\/wp-content\/uploads\/2014\/05\/comercio-2366-240x135.jpg\" alt=\"El mercado interno sigue deprimido y la calificadora estadounidense Merrill Lynch, considera que s\u00ed existe recesi\u00f3n en la econom\u00eda mexicana.\" width=\"240\" height=\"135\" srcset=\"https:\/\/www.diarioimagen.net\/wp-content\/uploads\/2014\/05\/comercio-2366-240x135.jpg 240w, https:\/\/www.diarioimagen.net\/wp-content\/uploads\/2014\/05\/comercio-2366-420x236.jpg 420w, https:\/\/www.diarioimagen.net\/wp-content\/uploads\/2014\/05\/comercio-2366-235x132.jpg 235w, https:\/\/www.diarioimagen.net\/wp-content\/uploads\/2014\/05\/comercio-2366-202x114.jpg 202w, https:\/\/www.diarioimagen.net\/wp-content\/uploads\/2014\/05\/comercio-2366-350x196.jpg 350w, https:\/\/www.diarioimagen.net\/wp-content\/uploads\/2014\/05\/comercio-2366-220x123.jpg 220w, https:\/\/www.diarioimagen.net\/wp-content\/uploads\/2014\/05\/comercio-2366-237x132.jpg 237w, https:\/\/www.diarioimagen.net\/wp-content\/uploads\/2014\/05\/comercio-2366.jpg 480w\" sizes=\"auto, (max-width: 240px) 100vw, 240px\" \/><\/a><p id=\"caption-attachment-175985\" class=\"wp-caption-text\">El mercado interno sigue deprimido y la calificadora estadounidense Merrill Lynch, considera que s\u00ed existe recesi\u00f3n en la econom\u00eda mexicana.<\/p><\/div>\n<p>La firma estadunidense Bank of America Merrill Lynch sostuvo este mi\u00e9rcoles que la econom\u00eda mexicana \u201ctodav\u00eda se encuentra en recesi\u00f3n\u201d.<\/p>\n<p>As\u00ed lo dijo Carlos Capistr\u00e1n, economista en jefe para M\u00e9xico de dicha firma financiera: \u201cLa econom\u00eda mexicana todav\u00eda est\u00e1 en recesi\u00f3n\u201d.<\/p>\n<p>Y agreg\u00f3: \u201cNuestro indicador de recesi\u00f3n se\u00f1ala que durante la mayor parte del primer trimestre M\u00e9xico estuvo todav\u00eda en recesi\u00f3n. Igualmente, con las series revisadas, nuestro indicador ahora se\u00f1ala que la recesi\u00f3n podr\u00eda haber empezado en el cuarto trimestre de 2012, lo que significar\u00eda que la econom\u00eda mexicana pudo haber estado en recesi\u00f3n por seis trimestres\u201d.<\/p>\n<p>Merrill Lynch viene a coincidir con lo que en d\u00edas anteriores sostuvo el Centro de Estudios Econ\u00f3micos del Sector Privado (CEESP): que lo que parec\u00eda un retraso en la recuperaci\u00f3n econ\u00f3mica de M\u00e9xico finalmente se convirti\u00f3 en una recesi\u00f3n.<\/p>\n<p>El organismo empresarial critic\u00f3 que las autoridades hacendarias sigan negando categ\u00f3ricamente que la econom\u00eda mexicana se encuentre en dicha situaci\u00f3n. Consider\u00f3 que ser\u00eda mucho m\u00e1s constructivo que las autoridades aceptaran la situaci\u00f3n y fortalecieran la expectativa de que el entorno econ\u00f3mico mejorar\u00e1 notoriamente en la segunda mitad del a\u00f1o.<\/p>\n<p>El CEESP argument\u00f3 que hasta ahora no se refleja un mayor crecimiento econ\u00f3mico producto de una mejor ejecuci\u00f3n del gasto p\u00fablico y las exportaciones; si bien tuvieron un mejor desempe\u00f1o, est\u00e1n lejos del ritmo de avance de dos d\u00edgitos que mostraba apenas hace dos a\u00f1os.<\/p>\n<p>El martes pasado, Luis Videgaray Caso, secretario de Hacienda, rechaz\u00f3 que la econom\u00eda mexicana estuviera en recesi\u00f3n.<\/p>\n","protected":false},"excerpt":{"rendered":"<p>La firma estadunidense Bank of America Merrill Lynch sostuvo este mi\u00e9rcoles que la econom\u00eda mexicana \u201ctodav\u00eda se encuentra en recesi\u00f3n\u201d.<\/p>\n","protected":false},"author":3,"featured_media":175985,"comment_status":"open","ping_status":"open","sticky":false,"template":"","format":"standard","meta":{"_monsterinsights_skip_tracking":false,"_monsterinsights_sitenote_active":false,"_monsterinsights_sitenote_note":"","_monsterinsights_sitenote_category":0,"footnotes":""},"categories":[3],"tags":[43673,19840],"class_list":["post-175964","post","type-post","status-publish","format-standard","has-post-thumbnail","hentry","category-nacional","tag-nacional","tag-recesion"],"_links":{"self":[{"href":"https:\/\/www.diarioimagen.net\/index.php?rest_route=\/wp\/v2\/posts\/175964","targetHints":{"allow":["GET"]}}],"collection":[{"href":"https:\/\/www.diarioimagen.net\/index.php?rest_route=\/wp\/v2\/posts"}],"about":[{"href":"https:\/\/www.diarioimagen.net\/index.php?rest_route=\/wp\/v2\/types\/post"}],"author":[{"embeddable":true,"href":"https:\/\/www.diarioimagen.net\/index.php?rest_route=\/wp\/v2\/users\/3"}],"replies":[{"embeddable":true,"href":"https:\/\/www.diarioimagen.net\/index.php?rest_route=%2Fwp%2Fv2%2Fcomments&post=175964"}],"version-history":[{"count":0,"href":"https:\/\/www.diarioimagen.net\/index.php?rest_route=\/wp\/v2\/posts\/175964\/revisions"}],"wp:featuredmedia":[{"embeddable":true,"href":"https:\/\/www.diarioimagen.net\/index.php?rest_route=\/wp\/v2\/media\/175985"}],"wp:attachment":[{"href":"https:\/\/www.diarioimagen.net\/index.php?rest_route=%2Fwp%2Fv2%2Fmedia&parent=175964"}],"wp:term":[{"taxonomy":"category","embeddable":true,"href":"https:\/\/www.diarioimagen.net\/index.php?rest_route=%2Fwp%2Fv2%2Fcategories&post=175964"},{"taxonomy":"post_tag","embeddable":true,"href":"https:\/\/www.diarioimagen.net\/index.php?rest_route=%2Fwp%2Fv2%2Ftags&post=175964"}],"curies":[{"name":"wp","href":"https:\/\/api.w.org\/{rel}","templated":true}]}}