{"id":175990,"date":"2014-05-29T00:08:25","date_gmt":"2014-05-29T05:08:25","guid":{"rendered":"http:\/\/www.diarioimagen.net\/?p=175990"},"modified":"2014-06-10T04:46:52","modified_gmt":"2014-06-10T09:46:52","slug":"aportara-mexico-20-mdd-al-fondo-para-el-medio-ambiente-mundial","status":"publish","type":"post","link":"https:\/\/www.diarioimagen.net\/?p=175990","title":{"rendered":"Aportar\u00e1 M\u00e9xico 20 mdd al Fondo para el Medio Ambiente Mundial"},"content":{"rendered":"<ul>\n<li><em><strong>Las reformas transformadoras que impulsa M\u00e9xico permitir\u00e1n acelerar su crecimiento econ\u00f3mico, al tiempo que reafirman su responsabilidad global con el medio ambiente, afirm\u00f3 el presidente Enrique Pe\u00f1a Nieto<br \/>\n<\/strong><\/em><\/li>\n<\/ul>\n<ul>\n<li><em><strong>El Programa Nacional de Infraestructura contempla inversiones por m\u00e1s de 218 mil millones de pesos, es decir, 17 mil millones de d\u00f3lares, en proyectos con beneficio ambiental, asegur\u00f3<\/strong><\/em><\/li>\n<\/ul>\n<p>&nbsp;<\/p>\n<div id=\"attachment_63966\" style=\"width: 250px\" class=\"wp-caption alignleft\"><a href=\"http:\/\/diarioimagenqroo.mx\/noticias\/wp-content\/uploads\/2014\/05\/epn-borge-2366.jpg\"><img loading=\"lazy\" decoding=\"async\" aria-describedby=\"caption-attachment-63966\" class=\"size-medium wp-image-63966\" src=\"http:\/\/diarioimagenqroo.mx\/noticias\/wp-content\/uploads\/2014\/05\/epn-borge-2366-240x135.jpg\" alt=\"El presidente Enrique Pe\u00f1a Nieto particip\u00f3 en la 5\u00aa Asamblea del Fondo para el Medio Ambiente Mundial, en la que anunci\u00f3 que M\u00e9xico aportar\u00e1 20 millones de d\u00f3lares a dicho Fondo, en el periodo 2014-2018.\" width=\"240\" height=\"135\" \/><\/a><p id=\"caption-attachment-63966\" class=\"wp-caption-text\">El presidente Enrique Pe\u00f1a Nieto particip\u00f3 en la 5\u00aa Asamblea del Fondo para el Medio Ambiente Mundial, en la que anunci\u00f3 que M\u00e9xico aportar\u00e1 20 millones de d\u00f3lares a dicho Fondo, en el periodo 2014-2018.<\/p><\/div>\n<p>El presidente de la Rep\u00fablica, Enrique Pe\u00f1a Nieto, afirm\u00f3 que M\u00e9xico, como muestra de su compromiso con el medio ambiente, \u201cha decidido aportar 20 millones de d\u00f3lares al Fondo para el Medio Ambiente Mundial para el periodo 2014-2018, el doble de nuestra contribuci\u00f3n anterior\u201d.<\/p>\n<p>A\u00f1adi\u00f3 que como miembro fundador, \u201cM\u00e9xico ha apoyado la consolidaci\u00f3n del Fondo para el Medio Ambiente Mundial, pero al mismo tiempo ha sido ampliamente respaldado por esta iniciativa global: el Fondo ha realizado donativos a M\u00e9xico por m\u00e1s de 450 millones de d\u00f3lares; a estos recursos se suman 2 mil 690 millones de d\u00f3lares otorgados mediante diversos esquemas de financiamiento\u201d.<\/p>\n<p>Al participar en la 5\u00aa Asamblea del Fondo para el Medio Ambiente Mundial, precis\u00f3 que estas cifras reflejan, por un lado, \u201cla solidaridad de las naciones que integran esta iniciativa, pero tambi\u00e9n el liderazgo y profesionalismo de M\u00e9xico para presentar iniciativas con viabilidad t\u00e9cnica y financiera. As\u00ed, se han apoyado 54 proyectos en nuestro pa\u00eds, y participamos activamente en m\u00e1s de 30 proyectos regionales, creando sinergias para atender problemas ambientales comunes\u201d.<\/p>\n<p>Pe\u00f1a Nieto asegur\u00f3 que las reformas transformadoras que impulsa M\u00e9xico \u201cpermitir\u00e1n acelerar su crecimiento econ\u00f3mico, al tiempo que reafirman su responsabilidad global con el medio ambiente\u201d.<\/p>\n<p>Se\u00f1al\u00f3 que esta Asamblea coincide con un momento decisivo para nuestro pa\u00eds: \u201cM\u00e9xico est\u00e1 viviendo un amplio y profundo proceso de transformaci\u00f3n institucional, con reformas estructurales en materia educativa, financiera, de competencia econ\u00f3mica, telecomunicaciones, hacendaria y energ\u00e9tica\u201d.<\/p>\n<p>El objetivo de todas ellas, continu\u00f3, \u201ces hacer de M\u00e9xico un pa\u00eds m\u00e1s pr\u00f3spero y con mayores tasas de crecimiento econ\u00f3mico\u201d.<\/p>\n<p>El Primer Mandatario expuso dos ejemplos concretos sobre c\u00f3mo las reformas transformadoras promueven el crecimiento con un importante componente ambiental:<\/p>\n<p style=\"text-align: center;\"><strong>Primero, la Reforma Hacendaria<\/strong><\/p>\n<p>Mencion\u00f3 que como toda reforma fiscal en el mundo, busca favorecer las finanzas p\u00fablicas para lograr que el Estado cumpla mejor con sus crecientes responsabilidades sociales.<\/p>\n<p>\u201cEn el caso concreto de M\u00e9xico, los ingresos adicionales derivados de esta reforma se est\u00e1n destinando de manera prioritaria a sectores estrat\u00e9gicos para el desarrollo, como: educaci\u00f3n, ciencia y tecnolog\u00eda, y el desarrollo de infraestructura, incluyendo proyectos ambientales\u201d, precis\u00f3.<\/p>\n<p>Adem\u00e1s, dijo, \u201cla Reforma Hacendaria incorpora novedosos instrumentos de pol\u00edtica tributaria que fortalecen el cuidado del medio ambiente: para desalentar el consumo de combustibles contaminantes, se cre\u00f3 un impuesto que grava espec\u00edficamente a aquellos energ\u00e9ticos que generan bi\u00f3xido de carbono y contribuyen al calentamiento global\u201d.<\/p>\n<p>De igual forma, esta Reforma introduce un impuesto a los plaguicidas de alta toxicidad, con lo que se generan incentivos para desarrollar y adoptar alternativas m\u00e1s amigables con el medio ambiente. Tambi\u00e9n alienta la generaci\u00f3n de electricidad a partir de fuentes de energ\u00eda m\u00e1s limpias, al establecer la deducibilidad inmediata de las inversiones en esta industria.<\/p>\n<p>Indic\u00f3 que a partir de esta Reforma \u201cM\u00e9xico est\u00e1 financiando un Programa Nacional de Infraestructura, que contempla inversiones por m\u00e1s de 218 mil millones de pesos, es decir, 17 mil millones de d\u00f3lares, en proyectos con beneficio ambiental\u201d.<\/p>\n<p style=\"text-align: center;\"><strong>Segundo ejemplo, la Reforma Energ\u00e9tica<\/strong><\/p>\n<p>Garantizando la propiedad de la naci\u00f3n sobre los hidrocarburos en el subsuelo, esta Reforma asegurar\u00e1 el mayor abasto de los energ\u00e9ticos que requiere el crecimiento del pa\u00eds. Al permitir la libre concurrencia y competencia entre empresas productivas del Estado y particulares, en todas las actividades del sector habr\u00e1 mayor disponibilidad de energ\u00e9ticos; esto permitir\u00e1 reducir sus costos, y en consecuencia, elevar\u00e1 la competitividad de nuestra econom\u00eda.<\/p>\n<p>El Presidente de la Rep\u00fablica apunt\u00f3 que, al mismo tiempo, la Reforma Energ\u00e9tica proteger\u00e1 el medio ambiente y fomentar\u00e1 el desarrollo de energ\u00edas limpias: en primer lugar, se incorpor\u00f3 en la Constituci\u00f3n el criterio de sustentabilidad, lo que significa que en el aprovechamiento de nuestros recursos productivos se promover\u00e1 su conservaci\u00f3n y el cuidado del medio ambiente, la inclusi\u00f3n social y el respeto a los derechos humanos. Adem\u00e1s, sus iniciativas de leyes secundarias, que ya est\u00e1 analizando el Congreso, contemplan medidas en favor del uso de fuentes de energ\u00eda m\u00e1s limpia y una mayor eficiencia energ\u00e9tica. La meta es que M\u00e9xico genere al menos una cuarta parte de electricidad con energ\u00edas limpias.<\/p>\n<p>El titular del Ejecutivo Federal expres\u00f3 que con la Reforma Energ\u00e9tica, en materia de electricidad, se establecen Certificados de Energ\u00edas Limpias, que incentivar\u00e1n la adopci\u00f3n de fuentes renovables y tecnolog\u00edas limpias a un menor costo. Tambi\u00e9n, se permitir\u00e1 que microgeneradores renovables puedan vender su energ\u00eda a la red, promoviendo as\u00ed una generaci\u00f3n distribuida. Igualmente, se facilitar\u00e1 la interconexi\u00f3n y transmisi\u00f3n, sin demoras ni sobrecostos, para los productores de energ\u00edas limpias.<\/p>\n<p>Mencion\u00f3 que con este mismo prop\u00f3sito, se expandir\u00e1n las redes de transmisi\u00f3n hacia las zonas con mayor potencial geot\u00e9rmico, e\u00f3lico o solar, y finalmente, se tendr\u00e1 un modelo de redes inteligentes y de demanda controlable, bonificando a los grandes usuarios que reduzcan su consumo en horas cr\u00edticas.<\/p>\n<p>Agreg\u00f3 que por su parte, en materia de hidrocarburos se prev\u00e9 se incremente la producci\u00f3n de gas natural y su importaci\u00f3n, lo que permitir\u00e1 acelerar la sustituci\u00f3n de combust\u00f3leo y diesel por gas natural en distintos procesos industriales. \u201cEl sector transporte tambi\u00e9n tendr\u00e1 mayor disponibilidad de gas natural y combustibles de mayor calidad, reduciendo la emisi\u00f3n de gases de efecto invernadero y precursores del cambio clim\u00e1tico\u201d, se\u00f1al\u00f3.<\/p>\n<p>Adem\u00e1s, continu\u00f3, \u201cse prev\u00e9 la creaci\u00f3n de la Agencia Nacional de Seguridad Industrial y de Protecci\u00f3n al Medio Ambiente del Sector Hidrocarburos, para prevenir el riesgo de accidentes en instalaciones o afectaciones al medio ambiente a consecuencia de la actividad petrolera que habr\u00e1 de desarrollarse en nuestro pa\u00eds. De esta manera, la Reforma Energ\u00e9tica sienta las bases para transitar hacia una generaci\u00f3n de energ\u00eda m\u00e1s baja en carbono\u201d.<\/p>\n<p>El presidente Pe\u00f1a Nieto expuso que, como puede apreciarse en estos dos ejemplos, \u201clas reformas transformadoras que impulsa M\u00e9xico permitir\u00e1n acelerar su crecimiento econ\u00f3mico, al tiempo que reafirman su responsabilidad global con el medio ambiente\u201d.<\/p>\n<p style=\"text-align: center;\"><strong>M\u00c9XICO RECONOCE CLARAMENTE QUE NO PUEDE EXISTIR UNA SEPARACI\u00d3N ENTRE EL MEDIO AMBIENTE Y LA ECONOM\u00cdA: NAOKO ISHII<\/strong><\/p>\n<p>La doctora Naoko Ishii, presidenta y directora ejecutiva del Fondo para el Medio Ambiente Mundial (FMAM), indic\u00f3 que M\u00e9xico toma medidas con su pol\u00edtica nacional y reconoce claramente \u201cque no puede existir una separaci\u00f3n entre el medio ambiente y la econom\u00eda\u201d.<\/p>\n<p>\u201cUn medio ambiente saludable es una condici\u00f3n necesaria para el desarrollo sostenible. Sin embargo, es m\u00e1s que eso; tratar de lograr un medio ambiente saludable tambi\u00e9n representa una magn\u00edfica oportunidad para crear empleos y crecimiento econ\u00f3mico\u201d, destac\u00f3.<\/p>\n<p>Para concluir, Naoko Ishii, indic\u00f3 que la decisi\u00f3n de M\u00e9xico para duplicar su contribuci\u00f3n al FMAM, \u201ces la clave que abri\u00f3 la puerta para muchos otros donantes, incluyendo las econom\u00edas nuevas\u201d.<\/p>\n<p style=\"text-align: center;\"><strong>DESDE LA POL\u00cdTICA P\u00daBLICA, M\u00c9XICO HACE SU PARTE PARA <\/strong><strong>EL CUIDADO DEL MEDIO AMBIENTE: LUIS VIDEGARAY CASO<\/strong><\/p>\n<p>Bajo el liderazgo del presidente Enrique Pe\u00f1a Nieto, M\u00e9xico est\u00e1 haciendo su parte para, desde la pol\u00edtica p\u00fablica, aportar al cuidado del medio ambiente, as\u00ed como a los objetivos que persigue el Fondo para el Medio Ambiente Mundial, del cual nuestro pa\u00eds forma parte desde su fundaci\u00f3n, hace 23 a\u00f1os, sostuvo el secretario de Hacienda y Cr\u00e9dito P\u00fablico, Luis Videgaray Caso.<\/p>\n<p>Puntualiz\u00f3 que este foro representa un ejemplo de lo que puede hacer la cooperaci\u00f3n internacional cuando tiene prop\u00f3sitos claros e instrumentos espec\u00edficos para lograr una agenda definida. En M\u00e9xico, dijo, este organismo ha financiado 54 programas, en temas tales como la biodiversidad, el combate al cambio clim\u00e1tico, compuestos org\u00e1nicos persistentes y degradaci\u00f3n de la tierra.<\/p>\n<p>\u201cPor eso creo que la visi\u00f3n 2020 que adopta el Fondo aqu\u00ed, en Canc\u00fan, sin duda es un planteamiento relevante, que significa un paso adicional en el que este instrumento de cooperaci\u00f3n internacional puede ayudar, literalmente, a transformar el futuro del planeta\u201d, afirm\u00f3 el titular de Hacienda.<\/p>\n","protected":false},"excerpt":{"rendered":"<p>El doctor Jos\u00e9 Manuel Mireles, l\u00edder de autodefensas michoacanas, propuso la creaci\u00f3n de la Guardia Nacional, como seg\u00fan lo prev\u00e9 en la Constituci\u00f3n del pa\u00eds, aunque en los hechos no exista. Indic\u00f3 que por ahora se est\u00e1 conformando el Frente Nacional de Autodefensas.<\/p>\n","protected":false},"author":3,"featured_media":176013,"comment_status":"open","ping_status":"open","sticky":false,"template":"","format":"standard","meta":{"_monsterinsights_skip_tracking":false,"_monsterinsights_sitenote_active":false,"_monsterinsights_sitenote_note":"","_monsterinsights_sitenote_category":0,"footnotes":""},"categories":[3],"tags":[18,1908,44,43673],"class_list":["post-175990","post","type-post","status-publish","format-standard","has-post-thumbnail","hentry","category-nacional","tag-enrique-pena-nieto","tag-medio-ambiente","tag-mexico","tag-nacional"],"_links":{"self":[{"href":"https:\/\/www.diarioimagen.net\/index.php?rest_route=\/wp\/v2\/posts\/175990","targetHints":{"allow":["GET"]}}],"collection":[{"href":"https:\/\/www.diarioimagen.net\/index.php?rest_route=\/wp\/v2\/posts"}],"about":[{"href":"https:\/\/www.diarioimagen.net\/index.php?rest_route=\/wp\/v2\/types\/post"}],"author":[{"embeddable":true,"href":"https:\/\/www.diarioimagen.net\/index.php?rest_route=\/wp\/v2\/users\/3"}],"replies":[{"embeddable":true,"href":"https:\/\/www.diarioimagen.net\/index.php?rest_route=%2Fwp%2Fv2%2Fcomments&post=175990"}],"version-history":[{"count":0,"href":"https:\/\/www.diarioimagen.net\/index.php?rest_route=\/wp\/v2\/posts\/175990\/revisions"}],"wp:featuredmedia":[{"embeddable":true,"href":"https:\/\/www.diarioimagen.net\/index.php?rest_route=\/wp\/v2\/media\/176013"}],"wp:attachment":[{"href":"https:\/\/www.diarioimagen.net\/index.php?rest_route=%2Fwp%2Fv2%2Fmedia&parent=175990"}],"wp:term":[{"taxonomy":"category","embeddable":true,"href":"https:\/\/www.diarioimagen.net\/index.php?rest_route=%2Fwp%2Fv2%2Fcategories&post=175990"},{"taxonomy":"post_tag","embeddable":true,"href":"https:\/\/www.diarioimagen.net\/index.php?rest_route=%2Fwp%2Fv2%2Ftags&post=175990"}],"curies":[{"name":"wp","href":"https:\/\/api.w.org\/{rel}","templated":true}]}}