{"id":176037,"date":"2014-05-30T00:03:06","date_gmt":"2014-05-30T05:03:06","guid":{"rendered":"http:\/\/www.diarioimagen.net\/?p=176037"},"modified":"2014-06-04T04:31:06","modified_gmt":"2014-06-04T09:31:06","slug":"ejecutan-orden-de-aprehension-en-contra-de-amado-yanez","status":"publish","type":"post","link":"https:\/\/www.diarioimagen.net\/?p=176037","title":{"rendered":"Ejecutan orden de aprehensi\u00f3n en contra de Amado Y\u00e1\u00f1ez"},"content":{"rendered":"<ul>\n<li><strong><em>Due\u00f1o de Oceanograf\u00eda en presunto fraude en contra de Banamex<\/em><\/strong><\/li>\n<\/ul>\n<div id=\"attachment_176038\" style=\"width: 250px\" class=\"wp-caption alignleft\"><img loading=\"lazy\" decoding=\"async\" aria-describedby=\"caption-attachment-176038\" class=\"wp-image-176038 size-medium\" src=\"http:\/\/www.diarioimagen.net\/wp-content\/uploads\/2014\/05\/amado-pooortal-240x135.jpg\" alt=\"La PGR afirm\u00f3 que en estos momentos Amado Y\u00e1\u00f1ez se encuentra disposici\u00f3n de un juez federal y bajo el resguardo de personal de la polic\u00eda federal ministerial, suficientes para garantizar que el indiciado no pueda evadir la acci\u00f3n de la justicia.\" width=\"240\" height=\"135\" srcset=\"https:\/\/www.diarioimagen.net\/wp-content\/uploads\/2014\/05\/amado-pooortal-240x135.jpg 240w, https:\/\/www.diarioimagen.net\/wp-content\/uploads\/2014\/05\/amado-pooortal-420x236.jpg 420w, https:\/\/www.diarioimagen.net\/wp-content\/uploads\/2014\/05\/amado-pooortal-235x132.jpg 235w, https:\/\/www.diarioimagen.net\/wp-content\/uploads\/2014\/05\/amado-pooortal-202x114.jpg 202w, https:\/\/www.diarioimagen.net\/wp-content\/uploads\/2014\/05\/amado-pooortal-350x196.jpg 350w, https:\/\/www.diarioimagen.net\/wp-content\/uploads\/2014\/05\/amado-pooortal-220x123.jpg 220w, https:\/\/www.diarioimagen.net\/wp-content\/uploads\/2014\/05\/amado-pooortal-237x132.jpg 237w, https:\/\/www.diarioimagen.net\/wp-content\/uploads\/2014\/05\/amado-pooortal.jpg 480w\" sizes=\"auto, (max-width: 240px) 100vw, 240px\" \/><p id=\"caption-attachment-176038\" class=\"wp-caption-text\">Amado Y\u00e1\u00f1ez, quien entre otros cargos es director de Oceanograf\u00eda y quien estaba arraigado, recibi\u00f3 orden de aprehensi\u00f3n por parte de la PGR.<\/p><\/div>\n<p>La Procuradur\u00eda General de la Rep\u00fablica ejecut\u00f3 una orden de aprehensi\u00f3n en contra del empresario Amado Y\u00e1\u00f1ez Osuna, due\u00f1o de la empresa Oceanograf\u00eda, contratista de Pemex, por su participaci\u00f3n en delitos previstos en la Ley de Instituciones de Cr\u00e9dito.<\/p>\n<p>Amado Y\u00e1\u00f1ez est\u00e1 acusado de haber cometido un fraude en contra de Banamex, por m\u00e1s de cinco mil millones de pesos. El 28 de febrero pasado, Banamex inform\u00f3 que hab\u00eda otorgado cr\u00e9ditos a Oceanograf\u00eda \u2014empresa cuya actividad preponderante es proporcionar servicios navieros a Petr\u00f3leos Mexicanos\u2014 por 585 millones de d\u00f3lares.<\/p>\n<p>De esa cantidad, al menos 400 millones de d\u00f3lares en pr\u00e9stamos fueron concedidos al amparo de documentos falsos. Las operaciones generaron p\u00e9rdidas a Banamex por un monto que ronda los 300 millones de d\u00f3lares.<\/p>\n<p>Y\u00e1\u00f1ez Osuna se encontraba arraigado desde hace m\u00e1s de cincuenta d\u00edas. Fue puesto a disposici\u00f3n del juzgado catorce de distrito con sede en la ciudad de M\u00e9xico. La empresa se halla en concurso mercantil de acreedores.<\/p>\n<p>El Ministerio P\u00fablico federal precis\u00f3, no obstante, que el empresario \u201cse encuentra actualmente internado en un hospital donde se recupera de una intervenci\u00f3n quir\u00fargica de urgencia que le fuera practicada el pasado 20 de mayo mientras se encontraba bajo custodia de elementos de la Agencia de Investigaci\u00f3n Criminal\u201d<\/p>\n<p>La PGR afirm\u00f3 que en estos momentos Amado Y\u00e1\u00f1ez se encuentra disposici\u00f3n de un juez federal y bajo el resguardo de personal de la polic\u00eda federal ministerial, suficientes para garantizar que el indiciado no pueda evadir la acci\u00f3n de la justicia.<\/p>\n<p>Hace dos semanas Banamex, filial de la instituci\u00f3n estadounidense Citi, inform\u00f3 que su investigaci\u00f3n interna de Banamex por el fraude cometido por la empresa Oceanograf\u00eda hab\u00eda ya concluido con el cese de 11 empleados. Se dijo en un comunicado que \u201cComo resultado de esta investigaci\u00f3n, desafortunadamente Banamex dio por terminada la relaci\u00f3n laboral de 11 funcionarios de distintos niveles jer\u00e1rquicos, \u00e1reas funcionales y de negocio que no cumplieron con los est\u00e1ndares de supervisi\u00f3n esperados de sus responsabilidades\u201d.<\/p>\n","protected":false},"excerpt":{"rendered":"<p>La Procuradur\u00eda General de la Rep\u00fablica ejecut\u00f3 una orden de aprehensi\u00f3n en contra del empresario Amado Y\u00e1\u00f1ez Osuna, due\u00f1o de la empresa Oceanograf\u00eda, contratista de Pemex, por su participaci\u00f3n en delitos previstos en la Ley de Instituciones de Cr\u00e9dito.<\/p>\n","protected":false},"author":5,"featured_media":176038,"comment_status":"open","ping_status":"open","sticky":false,"template":"","format":"standard","meta":{"_monsterinsights_skip_tracking":false,"_monsterinsights_sitenote_active":false,"_monsterinsights_sitenote_note":"","_monsterinsights_sitenote_category":0,"footnotes":""},"categories":[3],"tags":[70,26076,27887],"class_list":["post-176037","post","type-post","status-publish","format-standard","has-post-thumbnail","hentry","category-nacional","tag-banamex","tag-oceanografia","tag-procuraduria-general-de-la-republica"],"_links":{"self":[{"href":"https:\/\/www.diarioimagen.net\/index.php?rest_route=\/wp\/v2\/posts\/176037","targetHints":{"allow":["GET"]}}],"collection":[{"href":"https:\/\/www.diarioimagen.net\/index.php?rest_route=\/wp\/v2\/posts"}],"about":[{"href":"https:\/\/www.diarioimagen.net\/index.php?rest_route=\/wp\/v2\/types\/post"}],"author":[{"embeddable":true,"href":"https:\/\/www.diarioimagen.net\/index.php?rest_route=\/wp\/v2\/users\/5"}],"replies":[{"embeddable":true,"href":"https:\/\/www.diarioimagen.net\/index.php?rest_route=%2Fwp%2Fv2%2Fcomments&post=176037"}],"version-history":[{"count":0,"href":"https:\/\/www.diarioimagen.net\/index.php?rest_route=\/wp\/v2\/posts\/176037\/revisions"}],"wp:featuredmedia":[{"embeddable":true,"href":"https:\/\/www.diarioimagen.net\/index.php?rest_route=\/wp\/v2\/media\/176038"}],"wp:attachment":[{"href":"https:\/\/www.diarioimagen.net\/index.php?rest_route=%2Fwp%2Fv2%2Fmedia&parent=176037"}],"wp:term":[{"taxonomy":"category","embeddable":true,"href":"https:\/\/www.diarioimagen.net\/index.php?rest_route=%2Fwp%2Fv2%2Fcategories&post=176037"},{"taxonomy":"post_tag","embeddable":true,"href":"https:\/\/www.diarioimagen.net\/index.php?rest_route=%2Fwp%2Fv2%2Ftags&post=176037"}],"curies":[{"name":"wp","href":"https:\/\/api.w.org\/{rel}","templated":true}]}}