{"id":176067,"date":"2014-05-30T00:13:53","date_gmt":"2014-05-30T05:13:53","guid":{"rendered":"http:\/\/www.diarioimagen.net\/?p=176067"},"modified":"2014-05-30T03:58:16","modified_gmt":"2014-05-30T08:58:16","slug":"edomex-va-por-camino-adecuado","status":"publish","type":"post","link":"https:\/\/www.diarioimagen.net\/?p=176067","title":{"rendered":"Edomex va por camino adecuado"},"content":{"rendered":"<h2>Arco Norte<\/h2>\n<h5>Jos\u00e9 Luis Monta\u00f1ez Aguilar<\/h5>\n<p>&nbsp;<\/p>\n<div id=\"attachment_176140\" style=\"width: 250px\" class=\"wp-caption alignleft\"><a href=\"http:\/\/www.diarioimagen.net\/wp-content\/uploads\/2014\/05\/arco-2367.jpg\"><img loading=\"lazy\" decoding=\"async\" aria-describedby=\"caption-attachment-176140\" class=\"size-medium wp-image-176140\" src=\"http:\/\/www.diarioimagen.net\/wp-content\/uploads\/2014\/05\/arco-2367-240x159.jpg\" alt=\"El gobernador del Estado de M\u00e9xico, Eruviel \u00c1vila Villegas, con Mirta Capaul, gerente del proyecto Doing Business.\" width=\"240\" height=\"159\" srcset=\"https:\/\/www.diarioimagen.net\/wp-content\/uploads\/2014\/05\/arco-2367-240x159.jpg 240w, https:\/\/www.diarioimagen.net\/wp-content\/uploads\/2014\/05\/arco-2367-420x279.jpg 420w, https:\/\/www.diarioimagen.net\/wp-content\/uploads\/2014\/05\/arco-2367.jpg 700w\" sizes=\"auto, (max-width: 240px) 100vw, 240px\" \/><\/a><p id=\"caption-attachment-176140\" class=\"wp-caption-text\">El gobernador del Estado de M\u00e9xico, Eruviel \u00c1vila Villegas, con Mirta Capaul, gerente del proyecto Doing Business.<\/p><\/div>\n<p>Los logros de la entidad, plasmados en la evaluaci\u00f3n Doing Business, son parte del esfuerzo y trabajo coordinado con todas las instancias y sectores, tanto p\u00fablicos como privados, para pasar de la posici\u00f3n n\u00famero 18 a la 9 en tan s\u00f3lo dos a\u00f1os; y muestran que el Estado de M\u00e9xico avanza por el camino adecuado para posicionarse como un lugar \u00f3ptimo para el desarrollo de negocios, afirm\u00f3 el gobernador Eruviel \u00c1vial Villegas. \u201cLas entidades federativas estamos aportando al crecimiento econ\u00f3mico, es una muestra clara que el pa\u00eds est\u00e1 creciendo y seguir\u00e1 creciendo, por lo que refiere al Estado de M\u00e9xico tambi\u00e9n es grato comentarles que en los \u00faltimos cuatro a\u00f1os\u00a0 fuimos la entidad que m\u00e1s posiciones avanz\u00f3, de estar del lugar 28 al n\u00famero 9. \u201cQuiero hacer un reconocimiento a los poderes p\u00fablicos, al Legislativo, al Judicial, a los ayuntamientos, a los inversionistas, esto nos dice que estamos trabajando por el camino correcto, que hay \u00e1reas de oportunidad, que hay retos desde luego, como lo es la seguridad y otros rubros m\u00e1s, definitivamente, pero hoy por hoy podemos decir que vamos caminando por el rumbo adecuado, de la mano con el gobierno federal, y la pol\u00edtica econ\u00f3mica que encabeza el presidente Enrique Pe\u00f1a Nieto, nos dice con este tipo de actos, con este tipo de acciones, que vamos por buen camino\u201d, expres\u00f3. El Estado de M\u00e9xico ocupa la posici\u00f3n n\u00famero nueve, detr\u00e1s de entidades como Colima, Aguascalientes y Guanajuato; y, junto con Puebla, fue el estado que m\u00e1s avanz\u00f3 hacia la implemetaci\u00f3n de mejores pr\u00e1cticas desde la \u00faltima medici\u00f3n del Banco Mundial.<\/p>\n<p><em><a href=\"mailto:montanezaguilar@gmail.com\" target=\"_blank\">montanezaguilar@gmail.com<\/a><\/em><\/p>\n","protected":false},"excerpt":{"rendered":"<p><span style=\"color: #005497;\"><strong>Jos\u00e9 Luis Monta\u00f1ez Aguilar<\/strong><\/span><br \/>\n<br \/>\nLos logros de la entidad, plasmados en la evaluaci\u00f3n Doing Business, son parte del esfuerzo y trabajo coordinado con todas las instancias y sectores, tanto p\u00fablicos como privados, para pasar de la posici\u00f3n n\u00famero 18 a la 9 en tan s\u00f3lo dos a\u00f1os; y muestran que el Estado de M\u00e9xico avanza por el camino adecuado para posicionarse como un lugar \u00f3ptimo para el desarrollo de negocios, afirm\u00f3 el gobernador Eruviel \u00c1vial Villegas.<\/p>\n","protected":false},"author":3,"featured_media":176140,"comment_status":"open","ping_status":"open","sticky":false,"template":"","format":"standard","meta":{"_monsterinsights_skip_tracking":false,"_monsterinsights_sitenote_active":false,"_monsterinsights_sitenote_note":"","_monsterinsights_sitenote_category":0,"footnotes":""},"categories":[5],"tags":[13284,33001,5828,43704,43674],"class_list":["post-176067","post","type-post","status-publish","format-standard","has-post-thumbnail","hentry","category-estado-de-mexico","tag-arco-norte","tag-doing-business","tag-eruviel-avila-villegas","tag-jose-luis-montanez-aguilar","tag-opinion"],"_links":{"self":[{"href":"https:\/\/www.diarioimagen.net\/index.php?rest_route=\/wp\/v2\/posts\/176067","targetHints":{"allow":["GET"]}}],"collection":[{"href":"https:\/\/www.diarioimagen.net\/index.php?rest_route=\/wp\/v2\/posts"}],"about":[{"href":"https:\/\/www.diarioimagen.net\/index.php?rest_route=\/wp\/v2\/types\/post"}],"author":[{"embeddable":true,"href":"https:\/\/www.diarioimagen.net\/index.php?rest_route=\/wp\/v2\/users\/3"}],"replies":[{"embeddable":true,"href":"https:\/\/www.diarioimagen.net\/index.php?rest_route=%2Fwp%2Fv2%2Fcomments&post=176067"}],"version-history":[{"count":0,"href":"https:\/\/www.diarioimagen.net\/index.php?rest_route=\/wp\/v2\/posts\/176067\/revisions"}],"wp:featuredmedia":[{"embeddable":true,"href":"https:\/\/www.diarioimagen.net\/index.php?rest_route=\/wp\/v2\/media\/176140"}],"wp:attachment":[{"href":"https:\/\/www.diarioimagen.net\/index.php?rest_route=%2Fwp%2Fv2%2Fmedia&parent=176067"}],"wp:term":[{"taxonomy":"category","embeddable":true,"href":"https:\/\/www.diarioimagen.net\/index.php?rest_route=%2Fwp%2Fv2%2Fcategories&post=176067"},{"taxonomy":"post_tag","embeddable":true,"href":"https:\/\/www.diarioimagen.net\/index.php?rest_route=%2Fwp%2Fv2%2Ftags&post=176067"}],"curies":[{"name":"wp","href":"https:\/\/api.w.org\/{rel}","templated":true}]}}