{"id":176079,"date":"2014-05-30T00:04:29","date_gmt":"2014-05-30T05:04:29","guid":{"rendered":"http:\/\/www.diarioimagen.net\/?p=176079"},"modified":"2014-05-30T04:12:26","modified_gmt":"2014-05-30T09:12:26","slug":"senadores-cultos","status":"publish","type":"post","link":"https:\/\/www.diarioimagen.net\/?p=176079","title":{"rendered":"Senadores cultos"},"content":{"rendered":"<h2>Punto por punto<\/h2>\n<h5>Augusto Corro<\/h5>\n<p>&nbsp;<\/p>\n<p>Aunque usted no lo crea nuestros legisladores son hombres muy interesados en las actividades culturales.<\/p>\n<p>As\u00ed lo demostraron los que participaron en el homenaje que Espa\u00f1a le rindi\u00f3 a Octavio Paz, nuestro Premio Nobel de Literatura.<\/p>\n<p>Desde luego, ya no llama la atenci\u00f3n de esas conductas espont\u00e1neas de los representantes populares.<\/p>\n<p>En ese nivel de la pol\u00edtica los privilegios son m\u00faltiples y abusivos. Entre estos beneficios se encuentra el turismo legislativo. Claro, no es la primera vez que se lleva a cabo. La historia parlamentaria da cuenta de un sinn\u00famero de viajes de placer de los llamados \u201cpadres de la patria\u201d.<\/p>\n<p>En esta ocasi\u00f3n, trece senadores decidieron ir a Espa\u00f1a, consideramos que a pasear. Honrar la memoria de Paz fue el pretexto.<\/p>\n<p>El pri\u00edsta Emilio Gamboa Patr\u00f3n, el l\u00edder del Senado, encabez\u00f3 el grupo de paseantes. Lo acompa\u00f1aron el panista Jorge Luis Preciado, el coordinador de los panistas en la C\u00e1mara Alta; Ra\u00fal Cervantes , presidente de la mesa directiva del Senado, las secretarias de ese organismo, Rosa Adriana D\u00edaz Lizama y Marta Palafox; tambi\u00e9n Blanca Alcal\u00e1, de la Comisi\u00f3n de Cultura. Es casi seguro que varios diputados tambi\u00e9n viajaron a la Madre Patria por las mismas razones.<\/p>\n<p>Seg\u00fan se inform\u00f3 cada uno de los senadores recibi\u00f3 450 euros, algo as\u00ed como 7 mil 880 pesos por concepto de vi\u00e1ticos.<\/p>\n<p>Con su viaje en bola, los legisladores demostraron su inter\u00e9s por la cultura y por rendir homenaje a uno de nuestros m\u00e1s grandes literatos, aunque no conozcan uno solo de sus poemas.<\/p>\n<p style=\"text-align: center;\"><strong>LA GUERRA EN NAYARIT<\/strong><\/p>\n<p>En Nayarit habr\u00e1 elecciones locales el pr\u00f3ximo mes de julio para renovar a las autoridades municipales y el congreso.<\/p>\n<p>Con el prop\u00f3sito de derrotar al enemigo com\u00fan, los perredistas y panistas se unieron para enfrentar al Partido Revolucionario Institucional (PRI), cuyo gobernador, Roberto Sandoval no se anda con rodeos. Manifest\u00f3 que los candidatos de la oposici\u00f3n son apoyados por narcos y sicarios.<\/p>\n<p>Esa declaraci\u00f3n enardeci\u00f3 a blanquiazules y amarillos que no lo pensaron dos veces para trasladarse a Tepic con el prop\u00f3sito de entrevistarse con el mandatario estatal.<\/p>\n<p>Los l\u00edderes Gustavo Madero, de Acci\u00f3n Nacional; y Carlos Navarrete, de la Revoluci\u00f3n Democr\u00e1tica llegaron a aclarar la situaci\u00f3n y fueron recibidos por el fiscal Edgar Veytia, en un patio, bajo el bajo el sol, con 200 polic\u00edas uniformados, una tanqueta antimotines y un dron.<\/p>\n<p>Ese recibimiento enoj\u00f3 a\u00fan m\u00e1s a los representantes pol\u00edticos que le mandaron decir al gobernador que presente pruebas de sus acusaciones y de no ser as\u00ed que se desmienta p\u00fablicamente.<\/p>\n<p style=\"text-align: center;\"><strong>OBESIDAD<\/strong><\/p>\n<p>Expertos de la universidad de Washington informaron que dos mil cien millones de personas son obesas o tienen sobre peso. M\u00e1s de la mitad de gordos viven en diez pa\u00edses: Estados Unidos, China, India, Rusia, Brasil, M\u00e9xico, Egipto, Alemania, Pakist\u00e1n e Indonesia Se\u00f1alaron que la obesidad es un problema complejo incentivado por la disponibilidad de la \u201ccomida chatarra\u201d con exceso de calor\u00edas producidas por grasas, az\u00facares y sal. Adem\u00e1s es barata. A lo anterior hay que agregar la vida sedentaria.<\/p>\n<p>Los datos no son nuevos. Lo que nos salva un poco de esa terrible situaci\u00f3n es que los mexicanos no estamos solos.<\/p>\n<p style=\"text-align: center;\"><strong>VAMONOS AL MUNDIAL<\/strong><\/p>\n<p>Antier en la noche se inici\u00f3 el v\u00edacrusis de nuestra Selecci\u00f3n Nacional de Futbol rumbo a Brasil. Como se sabe, en aqu\u00e9l pa\u00eds sudamericano se llevar\u00e1 a cabo el campeonato mundial de futbol soccer que empezar\u00e1 en junio y terminar\u00e1 en julio.<\/p>\n<p>La despedida al equipo mexicano se efectu\u00f3 en el estadio Azteca el mi\u00e9rcoles en la noche. Se enfrentaron las selecciones de M\u00e9xico e Israel. El juego fue interesante porque Cuauht\u00e9moc Blanco jug\u00f3 su \u00faltimo partido con la selecci\u00f3n.<\/p>\n<p>Como en todas las v\u00edsperas de los mundiales de futbol soccer, los aficionados nos llenamos de ilusiones y anhelos porque M\u00e9xico gane el campeonato. Pero esas ilusiones poco a poco desaparecen con el paso de los encuentros. M\u00e9xico no tiene posibilidades de ganar, lo sabemos. Sin embargo, tenemos el derecho a so\u00f1ar un poco. En el juego de despedida, la oncena mexicana demostr\u00f3 una total falta de coordinaci\u00f3n. Lo mismo de siempre.<\/p>\n<p style=\"text-align: right;\"><em><strong>Feliz fin de semana.<\/strong><\/em><\/p>\n<p>\u00a0<em><a href=\"mailto:aco2742@hotmail.com\" target=\"_blank\">aco2742@hotmail.com<\/a><\/em><\/p>\n","protected":false},"excerpt":{"rendered":"<p><span style=\"color: #005497;\"><strong>Augusto Corro<\/strong><\/span><\/p>\n","protected":false},"author":3,"featured_media":0,"comment_status":"open","ping_status":"open","sticky":false,"template":"","format":"standard","meta":{"_monsterinsights_skip_tracking":false,"_monsterinsights_sitenote_active":false,"_monsterinsights_sitenote_note":"","_monsterinsights_sitenote_category":0,"footnotes":""},"categories":[157],"tags":[43686,6749,8002,43674,11515],"class_list":["post-176079","post","type-post","status-publish","format-standard","hentry","category-augusto-corro","tag-augusto-corro","tag-emilio-gamboa-patron","tag-octavio-paz","tag-opinion","tag-punto-por-punto"],"_links":{"self":[{"href":"https:\/\/www.diarioimagen.net\/index.php?rest_route=\/wp\/v2\/posts\/176079","targetHints":{"allow":["GET"]}}],"collection":[{"href":"https:\/\/www.diarioimagen.net\/index.php?rest_route=\/wp\/v2\/posts"}],"about":[{"href":"https:\/\/www.diarioimagen.net\/index.php?rest_route=\/wp\/v2\/types\/post"}],"author":[{"embeddable":true,"href":"https:\/\/www.diarioimagen.net\/index.php?rest_route=\/wp\/v2\/users\/3"}],"replies":[{"embeddable":true,"href":"https:\/\/www.diarioimagen.net\/index.php?rest_route=%2Fwp%2Fv2%2Fcomments&post=176079"}],"version-history":[{"count":0,"href":"https:\/\/www.diarioimagen.net\/index.php?rest_route=\/wp\/v2\/posts\/176079\/revisions"}],"wp:attachment":[{"href":"https:\/\/www.diarioimagen.net\/index.php?rest_route=%2Fwp%2Fv2%2Fmedia&parent=176079"}],"wp:term":[{"taxonomy":"category","embeddable":true,"href":"https:\/\/www.diarioimagen.net\/index.php?rest_route=%2Fwp%2Fv2%2Fcategories&post=176079"},{"taxonomy":"post_tag","embeddable":true,"href":"https:\/\/www.diarioimagen.net\/index.php?rest_route=%2Fwp%2Fv2%2Ftags&post=176079"}],"curies":[{"name":"wp","href":"https:\/\/api.w.org\/{rel}","templated":true}]}}