{"id":176285,"date":"2014-06-02T00:07:37","date_gmt":"2014-06-02T05:07:37","guid":{"rendered":"http:\/\/www.diarioimagen.net\/?p=176285"},"modified":"2014-06-02T02:51:50","modified_gmt":"2014-06-02T07:51:50","slug":"tendran-agua-10-mil-hogares-en-ameyalco","status":"publish","type":"post","link":"https:\/\/www.diarioimagen.net\/?p=176285","title":{"rendered":"Tendr\u00e1n agua 10 mil hogares en Ameyalco"},"content":{"rendered":"<ul>\n<li><strong><em>H\u00e9ctor Serrano, secretario de Gobierno del GDF, se\u00f1ala que hay una gran cantidad de solicitudes del servicio<\/em><\/strong><\/li>\n<\/ul>\n<div id=\"attachment_176392\" style=\"width: 250px\" class=\"wp-caption alignleft\"><a href=\"http:\/\/www.diarioimagen.net\/wp-content\/uploads\/2014\/06\/agua-2368.jpg\"><img loading=\"lazy\" decoding=\"async\" aria-describedby=\"caption-attachment-176392\" class=\"size-medium wp-image-176392\" src=\"http:\/\/www.diarioimagen.net\/wp-content\/uploads\/2014\/06\/agua-2368-240x193.jpg\" alt=\"H\u00e9ctor Serrano, secretario de Gobierno de la administraci\u00f3n capitalina, afirma que la pr\u00f3xima semana inicia la introducci\u00f3n de agua potable a hogares de San Bartolo Ameyalco.\" width=\"240\" height=\"193\" srcset=\"https:\/\/www.diarioimagen.net\/wp-content\/uploads\/2014\/06\/agua-2368-240x193.jpg 240w, https:\/\/www.diarioimagen.net\/wp-content\/uploads\/2014\/06\/agua-2368-420x338.jpg 420w, https:\/\/www.diarioimagen.net\/wp-content\/uploads\/2014\/06\/agua-2368.jpg 500w\" sizes=\"auto, (max-width: 240px) 100vw, 240px\" \/><\/a><p id=\"caption-attachment-176392\" class=\"wp-caption-text\">H\u00e9ctor Serrano, secretario de Gobierno de la administraci\u00f3n capitalina, afirma que la pr\u00f3xima semana inicia la introducci\u00f3n de agua potable a hogares de San Bartolo Ameyalco.<\/p><\/div>\n<p>La pr\u00f3xima semana inicia la introducci\u00f3n del agua potable a domicilios de San Bartolo Ameyalco, anunci\u00f3 ayer el secretario de Gobierno, H\u00e9ctor Serrano, y afirm\u00f3 que en la primera etapa se beneficiar\u00e1 a 10 mil hogares.<\/p>\n<p>Al t\u00e9rmino de su participaci\u00f3n en la Mega Clase de Yoga que se realiza en Paseo de la Reforma, indic\u00f3 que existe una gran cantidad de solicitudes presentadas al delegado en \u00c1lvaro Obreg\u00f3n, Leonel Luna, para que se instalen las redes domiciliarias.<\/p>\n<p>\u201cLa pr\u00f3xima semana ya arranca la instalaci\u00f3n de la red, la red que ya est\u00e1 colocada para que llegue el servicio a 10 mil hogares, inclusive hay grupos que se han presentado en la Asamblea Legislativa del Distrito Federal para pedir que se realice esa obra, con ello ya no habr\u00eda justificaci\u00f3n o alg\u00fan tipo de impedimento\u201d, apunt\u00f3.<\/p>\n<p>Aunque el funcionario no especific\u00f3 cu\u00e1ndo se terminar\u00eda dicha red, refiri\u00f3 que desde el viernes pasado, en coordinaci\u00f3n con la delegaci\u00f3n \u00c1lvaro Obreg\u00f3n y el Sistema para el Desarrollo Integral de la Familia (DIF) capitalino, han instrumentado un programa de suministro gratuito a trav\u00e9s de pipas.<\/p>\n<p>La instalaci\u00f3n de tomas de agua potable en domicilios de San Bartolo Ameyalco ya ha concluido su primera fase con la instalaci\u00f3n de una tuber\u00eda de 2.7 kil\u00f3metros bajo la calle Camino Viejo a Mixcoac, la cual llegar\u00e1 a 20 litros por segundo provenientes del sistema Cutzamala.<\/p>\n","protected":false},"excerpt":{"rendered":"<p>La pr\u00f3xima semana inicia la introducci\u00f3n del agua potable a domicilios de San Bartolo Ameyalco, anunci\u00f3 ayer el secretario de Gobierno, H\u00e9ctor Serrano, y afirm\u00f3 que en la primera etapa se beneficiar\u00e1 a 10 mil hogares.<\/p>\n","protected":false},"author":3,"featured_media":176392,"comment_status":"open","ping_status":"open","sticky":false,"template":"","format":"standard","meta":{"_monsterinsights_skip_tracking":false,"_monsterinsights_sitenote_active":false,"_monsterinsights_sitenote_note":"","_monsterinsights_sitenote_category":0,"footnotes":""},"categories":[6],"tags":[162,204,43691],"class_list":["post-176285","post","type-post","status-publish","format-standard","has-post-thumbnail","hentry","category-cd-de-mexico","tag-agua","tag-ciudad-de-mexico","tag-gdf"],"_links":{"self":[{"href":"https:\/\/www.diarioimagen.net\/index.php?rest_route=\/wp\/v2\/posts\/176285","targetHints":{"allow":["GET"]}}],"collection":[{"href":"https:\/\/www.diarioimagen.net\/index.php?rest_route=\/wp\/v2\/posts"}],"about":[{"href":"https:\/\/www.diarioimagen.net\/index.php?rest_route=\/wp\/v2\/types\/post"}],"author":[{"embeddable":true,"href":"https:\/\/www.diarioimagen.net\/index.php?rest_route=\/wp\/v2\/users\/3"}],"replies":[{"embeddable":true,"href":"https:\/\/www.diarioimagen.net\/index.php?rest_route=%2Fwp%2Fv2%2Fcomments&post=176285"}],"version-history":[{"count":0,"href":"https:\/\/www.diarioimagen.net\/index.php?rest_route=\/wp\/v2\/posts\/176285\/revisions"}],"wp:featuredmedia":[{"embeddable":true,"href":"https:\/\/www.diarioimagen.net\/index.php?rest_route=\/wp\/v2\/media\/176392"}],"wp:attachment":[{"href":"https:\/\/www.diarioimagen.net\/index.php?rest_route=%2Fwp%2Fv2%2Fmedia&parent=176285"}],"wp:term":[{"taxonomy":"category","embeddable":true,"href":"https:\/\/www.diarioimagen.net\/index.php?rest_route=%2Fwp%2Fv2%2Fcategories&post=176285"},{"taxonomy":"post_tag","embeddable":true,"href":"https:\/\/www.diarioimagen.net\/index.php?rest_route=%2Fwp%2Fv2%2Ftags&post=176285"}],"curies":[{"name":"wp","href":"https:\/\/api.w.org\/{rel}","templated":true}]}}