{"id":176471,"date":"2014-06-03T00:07:15","date_gmt":"2014-06-03T05:07:15","guid":{"rendered":"http:\/\/www.diarioimagen.net\/?p=176471"},"modified":"2014-06-03T05:21:18","modified_gmt":"2014-06-03T10:21:18","slug":"piden-a-senado-aprobar-reforma-politica-del-df","status":"publish","type":"post","link":"https:\/\/www.diarioimagen.net\/?p=176471","title":{"rendered":"Piden a Senado aprobar reforma pol\u00edtica del DF"},"content":{"rendered":"<ul>\n<li><em><strong>El diputado local se\u00f1al\u00f3 que la acci\u00f3n debe realizarse durante un periodo extraordinario de sesiones de la C\u00e1mara alta<\/strong><\/em><\/li>\n<\/ul>\n<div id=\"attachment_176546\" style=\"width: 250px\" class=\"wp-caption alignleft\"><a href=\"http:\/\/www.diarioimagen.net\/wp-content\/uploads\/2014\/06\/asamblea-2369.jpg\"><img loading=\"lazy\" decoding=\"async\" aria-describedby=\"caption-attachment-176546\" class=\"size-medium wp-image-176546\" src=\"http:\/\/www.diarioimagen.net\/wp-content\/uploads\/2014\/06\/asamblea-2369-240x135.jpg\" alt=\"Manuel Granados, presidente de la Comisi\u00f3n de Gobierno de la ALDF, pide al Congreso acelerar la reforma pol\u00edtica para la capital del pa\u00eds.\" width=\"240\" height=\"135\" srcset=\"https:\/\/www.diarioimagen.net\/wp-content\/uploads\/2014\/06\/asamblea-2369-240x135.jpg 240w, https:\/\/www.diarioimagen.net\/wp-content\/uploads\/2014\/06\/asamblea-2369-420x236.jpg 420w, https:\/\/www.diarioimagen.net\/wp-content\/uploads\/2014\/06\/asamblea-2369-235x132.jpg 235w, https:\/\/www.diarioimagen.net\/wp-content\/uploads\/2014\/06\/asamblea-2369-202x114.jpg 202w, https:\/\/www.diarioimagen.net\/wp-content\/uploads\/2014\/06\/asamblea-2369-350x196.jpg 350w, https:\/\/www.diarioimagen.net\/wp-content\/uploads\/2014\/06\/asamblea-2369-220x123.jpg 220w, https:\/\/www.diarioimagen.net\/wp-content\/uploads\/2014\/06\/asamblea-2369-237x132.jpg 237w, https:\/\/www.diarioimagen.net\/wp-content\/uploads\/2014\/06\/asamblea-2369.jpg 480w\" sizes=\"auto, (max-width: 240px) 100vw, 240px\" \/><\/a><p id=\"caption-attachment-176546\" class=\"wp-caption-text\">Manuel Granados, presidente de la Comisi\u00f3n de Gobierno de la ALDF, pide al Congreso acelerar la reforma pol\u00edtica para la capital del pa\u00eds.<\/p><\/div>\n<p>El presidente de la Comisi\u00f3n de Gobierno de la ALDF, Manuel Granados, pidi\u00f3 que en periodo extraordinario de sesiones el Senado apruebe la reforma pol\u00edtica del Distrito Federal, que le permita plena autonom\u00eda y constituci\u00f3n.<\/p>\n<p>\u201cCreemos que hay acuerdo de los partidos pol\u00edticos para que estas reformas constitucionales que le den autonom\u00eda a la ciudad puedan darse en un pr\u00f3ximo periodo extraordinario de sesiones, y que \u00e9ste nos lleve a una ruta de darle ya la mayor\u00eda de edad a la ciudad\u201d, dijo.<\/p>\n<p>En el ciclo de conferencias para promover el Fortalecimiento del R\u00e9gimen Democr\u00e1tico de los Partidos Pol\u00edticos Locales 2014, record\u00f3 que los \u201ctiempos electorales apremian\u201d, luego de la aprobaci\u00f3n de la reforma pol\u00edtica-electoral y su legislaci\u00f3n secundaria.<\/p>\n<p>Ello, anot\u00f3, dado que impactan las instituciones electorales y se deben ajustar las normas locales en la materia, \u201cpor lo que estaremos muy atentos desde la Asamblea Legislativa para cumplir con la norma constitucional\u201d.<\/p>\n<p>Granados Covarrubias resalt\u00f3 que el pr\u00f3ximo a\u00f1o se elegir\u00e1n en la capital del pa\u00eds 66 diputados locales y 16 jefes delegacionales, de ah\u00ed el inter\u00e9s de contar con reglas electorales claras y hacer los ajustes necesarios para llevar a buen puerto esos comicios.<\/p>\n<p>Consider\u00f3 que los partidos pol\u00edticos deber\u00e1n estar preparados para enfrentar el reto de participar en t\u00e9rminos de equidad, igualdad y transparencia, \u201cello incumbe en su vinculaci\u00f3n directa a partidos con autoridades electorales\u201d.<\/p>\n","protected":false},"excerpt":{"rendered":"<p>El presidente de la Comisi\u00f3n de Gobierno de la ALDF, Manuel Granados, pidi\u00f3 que en periodo extraordinario de sesiones el Senado apruebe la reforma pol\u00edtica del Distrito Federal, que le permita plena autonom\u00eda y constituci\u00f3n.<\/p>\n","protected":false},"author":3,"featured_media":176546,"comment_status":"open","ping_status":"open","sticky":false,"template":"","format":"standard","meta":{"_monsterinsights_skip_tracking":false,"_monsterinsights_sitenote_active":false,"_monsterinsights_sitenote_note":"","_monsterinsights_sitenote_category":0,"footnotes":""},"categories":[6],"tags":[204,1392,116],"class_list":["post-176471","post","type-post","status-publish","format-standard","has-post-thumbnail","hentry","category-cd-de-mexico","tag-ciudad-de-mexico","tag-reforma-politica","tag-senado-de-la-republica"],"_links":{"self":[{"href":"https:\/\/www.diarioimagen.net\/index.php?rest_route=\/wp\/v2\/posts\/176471","targetHints":{"allow":["GET"]}}],"collection":[{"href":"https:\/\/www.diarioimagen.net\/index.php?rest_route=\/wp\/v2\/posts"}],"about":[{"href":"https:\/\/www.diarioimagen.net\/index.php?rest_route=\/wp\/v2\/types\/post"}],"author":[{"embeddable":true,"href":"https:\/\/www.diarioimagen.net\/index.php?rest_route=\/wp\/v2\/users\/3"}],"replies":[{"embeddable":true,"href":"https:\/\/www.diarioimagen.net\/index.php?rest_route=%2Fwp%2Fv2%2Fcomments&post=176471"}],"version-history":[{"count":0,"href":"https:\/\/www.diarioimagen.net\/index.php?rest_route=\/wp\/v2\/posts\/176471\/revisions"}],"wp:featuredmedia":[{"embeddable":true,"href":"https:\/\/www.diarioimagen.net\/index.php?rest_route=\/wp\/v2\/media\/176546"}],"wp:attachment":[{"href":"https:\/\/www.diarioimagen.net\/index.php?rest_route=%2Fwp%2Fv2%2Fmedia&parent=176471"}],"wp:term":[{"taxonomy":"category","embeddable":true,"href":"https:\/\/www.diarioimagen.net\/index.php?rest_route=%2Fwp%2Fv2%2Fcategories&post=176471"},{"taxonomy":"post_tag","embeddable":true,"href":"https:\/\/www.diarioimagen.net\/index.php?rest_route=%2Fwp%2Fv2%2Ftags&post=176471"}],"curies":[{"name":"wp","href":"https:\/\/api.w.org\/{rel}","templated":true}]}}