{"id":176818,"date":"2014-06-05T00:03:09","date_gmt":"2014-06-05T05:03:09","guid":{"rendered":"http:\/\/www.diarioimagen.net\/?p=176818"},"modified":"2014-06-06T05:11:14","modified_gmt":"2014-06-06T10:11:14","slug":"la-ley-tardo-en-reconocer-la-violencia-escolar-edgar-elias-azar","status":"publish","type":"post","link":"https:\/\/www.diarioimagen.net\/?p=176818","title":{"rendered":"La ley tard\u00f3 en reconocer la violencia escolar: Edgar Elias Azar"},"content":{"rendered":"<ul>\n<li><strong><em>El magistrado presidente del TSJDF se\u00f1ala que una buena pol\u00edtica y el rigor judicial son claves para erradicarla<\/em><\/strong><\/li>\n<\/ul>\n<div id=\"attachment_176879\" style=\"width: 250px\" class=\"wp-caption alignleft\"><a href=\"http:\/\/www.diarioimagen.net\/wp-content\/uploads\/2014\/06\/EDGAR-ELIAS-2371.jpg\"><img loading=\"lazy\" decoding=\"async\" aria-describedby=\"caption-attachment-176879\" class=\"size-medium wp-image-176879\" src=\"http:\/\/www.diarioimagen.net\/wp-content\/uploads\/2014\/06\/EDGAR-ELIAS-2371-240x161.jpg\" alt=\"Edgar El\u00edas Azar,\u00a0durante su participaci\u00f3n en la presentaci\u00f3n del programa Poblaci\u00f3n escolar libre de violencia, que estuvo encabezado por el jefe del GDF, Miguel \u00c1ngel Mancera. (Foto: Alfonso Mora)\" width=\"240\" height=\"161\" srcset=\"https:\/\/www.diarioimagen.net\/wp-content\/uploads\/2014\/06\/EDGAR-ELIAS-2371-240x161.jpg 240w, https:\/\/www.diarioimagen.net\/wp-content\/uploads\/2014\/06\/EDGAR-ELIAS-2371-420x282.jpg 420w, https:\/\/www.diarioimagen.net\/wp-content\/uploads\/2014\/06\/EDGAR-ELIAS-2371.jpg 700w\" sizes=\"auto, (max-width: 240px) 100vw, 240px\" \/><\/a><p id=\"caption-attachment-176879\" class=\"wp-caption-text\">Edgar El\u00edas Azar,\u00a0durante su participaci\u00f3n en la presentaci\u00f3n del programa Poblaci\u00f3n escolar libre de violencia, que estuvo encabezado por el jefe del GDF, Miguel \u00c1ngel Mancera. (Foto: Alfonso Mora)<\/p><\/div>\n<p>El presidente del Tribunal Superior de Justicia del Distrito Federal (TSJDF), magistrado Edgar El\u00edas Azar, destac\u00f3 que el \u00f3rgano jurisdiccional estar\u00e1 atento a la convocatoria del gobierno capitalino para coadyuvar en la soluci\u00f3n de la violencia escolar en la ciudad de M\u00e9xico, problema que, advirti\u00f3, la legislaci\u00f3n mexicana tard\u00f3 en reconocer y que, hasta hoy, no se ha abordado de manera formal.<\/p>\n<p>Durante la presentaci\u00f3n del programa \u201cPoblaci\u00f3n escolar libre de violencia\u201d, encabezada por el jefe de gobierno del Distrito Federal, Miguel \u00c1ngel Mancera Espinosa, El\u00edas Azar puntualiz\u00f3 que el reto de perfeccionar los instrumentos legislativos para prevenir, castigar y erradicar el acoso u hostigamiento escolar depende de la suma del trabajo de la fuerza legislativa, la buena pol\u00edtica del gobierno de la ciudad de M\u00e9xico y el rigor judicial.<\/p>\n<p>Asegur\u00f3 que en este trabajo conjunto el TSJDF aportar\u00e1 su experiencia en el tema de la mediaci\u00f3n, para la intervenci\u00f3n en el problema de violencia en las escuelas, y manifest\u00f3 que todo lo que se haga por actualizar la justicia, por restarle problemas de accesibilidad, evidencias, opacidad y agotamiento, nunca ser\u00e1 suficiente.<\/p>\n<p>\u201cSiempre se requiere trabajar para lograr esa justicia que todos anhelamos, que al decidir, no desconcierte; que al recorrer sus procesos, resulte sencilla de comprender; que sea de acceso abierto y sin exclusiones y fundamentalmente, que podamos tener una justicia para todos, una justicia abierta al escrutinio p\u00fablico en su calidad, honradez y credibilidad, una justicia que abarque todo, absolutamente todo\u201d, manifest\u00f3.<\/p>\n<p>Para lograr justicia y soluciones, precis\u00f3, es necesario liderazgo y condiciones suficientes, y dijo que el representante del gobierno local ha liderado la convivencia con los poderes federales, lo que ayudar\u00e1 a la alineaci\u00f3n de pol\u00edticas para la eliminaci\u00f3n de dicho problema en escuelas.<\/p>\n<p>Sobre el tema, resalt\u00f3 que liderazgo de la ciudad de M\u00e9xico est\u00e1 dando una clase de buena pol\u00edtica a todo el pa\u00eds, por su ejemplo de coordinaci\u00f3n y buenas pr\u00e1cticas de justicia y pol\u00edtica.<\/p>\n<p>El presidente del TSJDF record\u00f3 que la Organizaci\u00f3n para la Cooperaci\u00f3n y el Desarrollo Econ\u00f3mico (OCDE) marc\u00f3 a M\u00e9xico como el pa\u00eds con el primer lugar internacional con el problema de violencia escolar, y que pocas entidades, entre ellas el Distrito Federal, se abocaron a la b\u00fasqueda de soluciones en el tema.<\/p>\n<p>Agreg\u00f3 que la Comisi\u00f3n Nacional de Derechos Humanos report\u00f3 en 2011 que 30 por ciento de los estudiantes de primaria sufr\u00edan acoso escolar, cifra que subi\u00f3 a 40 por ciento en 2012, lo cual resulta ser un \u201ctema desgarrador\u201d.<\/p>\n","protected":false},"excerpt":{"rendered":"<p>El presidente del Tribunal Superior de Justicia del Distrito Federal (TSJDF), magistrado Edgar El\u00edas Azar, destac\u00f3 que el \u00f3rgano jurisdiccional estar\u00e1 atento a la convocatoria del gobierno capitalino para coadyuvar en la soluci\u00f3n de la violencia escolar en la ciudad de M\u00e9xico, problema que, advirti\u00f3, la legislaci\u00f3n mexicana tard\u00f3 en reconocer y que, hasta hoy, no se ha abordado de manera formal.<\/p>\n","protected":false},"author":3,"featured_media":176879,"comment_status":"open","ping_status":"open","sticky":false,"template":"","format":"standard","meta":{"_monsterinsights_skip_tracking":false,"_monsterinsights_sitenote_active":false,"_monsterinsights_sitenote_note":"","_monsterinsights_sitenote_category":0,"footnotes":""},"categories":[17,6],"tags":[204,1925,2942,5066],"class_list":["post-176818","post","type-post","status-publish","format-standard","has-post-thumbnail","hentry","category-especiales","category-cd-de-mexico","tag-ciudad-de-mexico","tag-edgar-elias-azar","tag-tribunal-superior-de-justicia-del-distrito-federal","tag-violencia"],"_links":{"self":[{"href":"https:\/\/www.diarioimagen.net\/index.php?rest_route=\/wp\/v2\/posts\/176818","targetHints":{"allow":["GET"]}}],"collection":[{"href":"https:\/\/www.diarioimagen.net\/index.php?rest_route=\/wp\/v2\/posts"}],"about":[{"href":"https:\/\/www.diarioimagen.net\/index.php?rest_route=\/wp\/v2\/types\/post"}],"author":[{"embeddable":true,"href":"https:\/\/www.diarioimagen.net\/index.php?rest_route=\/wp\/v2\/users\/3"}],"replies":[{"embeddable":true,"href":"https:\/\/www.diarioimagen.net\/index.php?rest_route=%2Fwp%2Fv2%2Fcomments&post=176818"}],"version-history":[{"count":0,"href":"https:\/\/www.diarioimagen.net\/index.php?rest_route=\/wp\/v2\/posts\/176818\/revisions"}],"wp:featuredmedia":[{"embeddable":true,"href":"https:\/\/www.diarioimagen.net\/index.php?rest_route=\/wp\/v2\/media\/176879"}],"wp:attachment":[{"href":"https:\/\/www.diarioimagen.net\/index.php?rest_route=%2Fwp%2Fv2%2Fmedia&parent=176818"}],"wp:term":[{"taxonomy":"category","embeddable":true,"href":"https:\/\/www.diarioimagen.net\/index.php?rest_route=%2Fwp%2Fv2%2Fcategories&post=176818"},{"taxonomy":"post_tag","embeddable":true,"href":"https:\/\/www.diarioimagen.net\/index.php?rest_route=%2Fwp%2Fv2%2Ftags&post=176818"}],"curies":[{"name":"wp","href":"https:\/\/api.w.org\/{rel}","templated":true}]}}