{"id":177137,"date":"2014-06-09T00:09:14","date_gmt":"2014-06-09T05:09:14","guid":{"rendered":"http:\/\/www.diarioimagen.net\/?p=177137"},"modified":"2014-06-09T04:16:48","modified_gmt":"2014-06-09T09:16:48","slug":"issemym-firma-convenio-para-capacitar-su-personal-medico","status":"publish","type":"post","link":"https:\/\/www.diarioimagen.net\/?p=177137","title":{"rendered":"ISSEMyM firma convenio para capacitar su personal m\u00e9dico"},"content":{"rendered":"<ul>\n<li><strong><em>Concretan acciones de educaci\u00f3n cont\u00ednua para el desarrollo profesional de los trabajadores de la instituci\u00f3n mexiquense<\/em><\/strong><\/li>\n<\/ul>\n<div id=\"attachment_177226\" style=\"width: 250px\" class=\"wp-caption alignleft\"><a href=\"http:\/\/www.diarioimagen.net\/wp-content\/uploads\/2014\/06\/issemym-2373.jpg\"><img loading=\"lazy\" decoding=\"async\" aria-describedby=\"caption-attachment-177226\" class=\"size-medium wp-image-177226\" src=\"http:\/\/www.diarioimagen.net\/wp-content\/uploads\/2014\/06\/issemym-2373-240x135.jpg\" alt=\"El director general del ISSEMyM, Delfino Reyes Paredes\" width=\"240\" height=\"135\" srcset=\"https:\/\/www.diarioimagen.net\/wp-content\/uploads\/2014\/06\/issemym-2373-240x135.jpg 240w, https:\/\/www.diarioimagen.net\/wp-content\/uploads\/2014\/06\/issemym-2373-420x236.jpg 420w, https:\/\/www.diarioimagen.net\/wp-content\/uploads\/2014\/06\/issemym-2373-235x132.jpg 235w, https:\/\/www.diarioimagen.net\/wp-content\/uploads\/2014\/06\/issemym-2373-202x114.jpg 202w, https:\/\/www.diarioimagen.net\/wp-content\/uploads\/2014\/06\/issemym-2373-350x196.jpg 350w, https:\/\/www.diarioimagen.net\/wp-content\/uploads\/2014\/06\/issemym-2373-220x123.jpg 220w, https:\/\/www.diarioimagen.net\/wp-content\/uploads\/2014\/06\/issemym-2373-237x132.jpg 237w, https:\/\/www.diarioimagen.net\/wp-content\/uploads\/2014\/06\/issemym-2373.jpg 480w\" sizes=\"auto, (max-width: 240px) 100vw, 240px\" \/><\/a><p id=\"caption-attachment-177226\" class=\"wp-caption-text\">El director general del ISSEMyM, Delfino Reyes Paredes<\/p><\/div>\n<p><strong>Toluca, Estado de M\u00e9xico<\/strong>.- Con el objetivo de impulsar la capacitaci\u00f3n del personal que labora en el Instituto de Seguridad Social del Estado de M\u00e9xico y Municipios (ISSEMyM), el director general de este organismo, Delfino Reyes Paredes, firm\u00f3 un convenio de colaboraci\u00f3n con la compa\u00f1\u00eda farmac\u00e9utica Novartis, para concretar acciones de educaci\u00f3n continua y desarrollo profesional que permitan trabajar en favor de los derechohabientes.<\/p>\n<p>\u201cEl compromiso del ISSEMyM con Novartis es ofrecer soluciones integrales de salud y a partir del inicio de una estrategia conjunta que beneficiar\u00e1 a los m\u00e1s de un mill\u00f3n de derechohabientes en el Estado de M\u00e9xico\u201d, indic\u00f3.<\/p>\n<p>Durante los tres a\u00f1os que durar\u00e1 esta colaboraci\u00f3n, se desarrollar\u00e1n acciones clave para la difusi\u00f3n de informaci\u00f3n sobre detecci\u00f3n, diagn\u00f3stico oportuno, prevenci\u00f3n, tratamiento y rehabilitaci\u00f3n temprana de 14 padecimientos entre los que destacan: osteoporosis, diabetes, EPOC, asma, trasplantes, S\u00edndrome Metab\u00f3lico, Alzheimer, Parkinson, esclerosis m\u00faltiple, fibrosis qu\u00edstica, y psoriasis.<\/p>\n<p>La primera etapa comenzar\u00e1 en el Hospital Materno Infantil, los Centros M\u00e9dicos ISSEMyM, los Hospitales Regionales de Toluca, Zumpango, Atlacomulco, Nezahualc\u00f3yotl y Tlalnepantla, as\u00ed como en las Cl\u00ednicas de Consulta Externa de Coacalco, Metepec y Toluca.<\/p>\n<p>Agreg\u00f3 que a trav\u00e9s de talleres, simposios y mesas redondas que se impartir\u00e1n como parte de este convenio, m\u00e1s de tres mil m\u00e9dicos y alrededor de 600 enfermeras tendr\u00e1n acceso a informaci\u00f3n de vanguardia sobre enfermedades cr\u00f3nico-degenerativas. Esta proyecci\u00f3n es un aproximado de los asistentes presenciales, ya que la cifra incrementar\u00e1 significativamente gracias a que cada una de las capacitaciones ser\u00e1n difundidas en tiempo real a distintas unidades m\u00e9dicas mediante videoconferencias.<\/p>\n<p>Delfino Reyes recalc\u00f3 que se integrar\u00e1n grupos de ayuda mutua y se dar\u00e1 seguimiento para detectar y modificar conductas no saludables tanto en los pacientes como en sus familias, lo que fortificar\u00e1 el modelo de medicina familiar de esta instituci\u00f3n.<\/p>\n<p>Por su parte, Alexis Serlin, presidente de Grupo Novartis M\u00e9xico, coment\u00f3 que es fundamental para la industria farmac\u00e9utica y las empresas que la conforman, establecer una vinculaci\u00f3n directa con las principales instituciones de salud p\u00fablica, a efecto de ofrecer soluciones de valor y as\u00ed enfrentar en conjunto los desaf\u00edos m\u00e1s importantes en salud en M\u00e9xico.<\/p>\n<p>Explic\u00f3 que con este acuerdo de colaboraci\u00f3n, primero en su tipo, se marca un precedente para que otras empresas farmac\u00e9uticas y de la industria privada se acerquen a instituciones de salud con un alto sentido de compromiso y servicio.<\/p>\n","protected":false},"excerpt":{"rendered":"<p>Con el objetivo de impulsar la capacitaci\u00f3n del personal que labora en el Instituto de Seguridad Social del Estado de M\u00e9xico y Municipios (ISSEMyM), el director general de este organismo, Delfino Reyes Paredes, firm\u00f3 un convenio de colaboraci\u00f3n con la compa\u00f1\u00eda farmac\u00e9utica Novartis, para concretar acciones de educaci\u00f3n continua y desarrollo profesional que permitan trabajar en favor de los derechohabientes.<\/p>\n","protected":false},"author":3,"featured_media":177226,"comment_status":"open","ping_status":"open","sticky":false,"template":"","format":"standard","meta":{"_monsterinsights_skip_tracking":false,"_monsterinsights_sitenote_active":false,"_monsterinsights_sitenote_note":"","_monsterinsights_sitenote_category":0,"footnotes":""},"categories":[5],"tags":[43675,700,14499,452],"class_list":["post-177137","post","type-post","status-publish","format-standard","has-post-thumbnail","hentry","category-estado-de-mexico","tag-estado-de-mexico","tag-instituto-de-seguridad-social-del-estado-de-mexico-y-municipios","tag-personal","tag-toluca"],"_links":{"self":[{"href":"https:\/\/www.diarioimagen.net\/index.php?rest_route=\/wp\/v2\/posts\/177137","targetHints":{"allow":["GET"]}}],"collection":[{"href":"https:\/\/www.diarioimagen.net\/index.php?rest_route=\/wp\/v2\/posts"}],"about":[{"href":"https:\/\/www.diarioimagen.net\/index.php?rest_route=\/wp\/v2\/types\/post"}],"author":[{"embeddable":true,"href":"https:\/\/www.diarioimagen.net\/index.php?rest_route=\/wp\/v2\/users\/3"}],"replies":[{"embeddable":true,"href":"https:\/\/www.diarioimagen.net\/index.php?rest_route=%2Fwp%2Fv2%2Fcomments&post=177137"}],"version-history":[{"count":0,"href":"https:\/\/www.diarioimagen.net\/index.php?rest_route=\/wp\/v2\/posts\/177137\/revisions"}],"wp:featuredmedia":[{"embeddable":true,"href":"https:\/\/www.diarioimagen.net\/index.php?rest_route=\/wp\/v2\/media\/177226"}],"wp:attachment":[{"href":"https:\/\/www.diarioimagen.net\/index.php?rest_route=%2Fwp%2Fv2%2Fmedia&parent=177137"}],"wp:term":[{"taxonomy":"category","embeddable":true,"href":"https:\/\/www.diarioimagen.net\/index.php?rest_route=%2Fwp%2Fv2%2Fcategories&post=177137"},{"taxonomy":"post_tag","embeddable":true,"href":"https:\/\/www.diarioimagen.net\/index.php?rest_route=%2Fwp%2Fv2%2Ftags&post=177137"}],"curies":[{"name":"wp","href":"https:\/\/api.w.org\/{rel}","templated":true}]}}