{"id":177150,"date":"2014-06-09T00:09:57","date_gmt":"2014-06-09T05:09:57","guid":{"rendered":"http:\/\/www.diarioimagen.net\/?p=177150"},"modified":"2014-06-09T04:23:44","modified_gmt":"2014-06-09T09:23:44","slug":"el-informe-sobre-la-linea-12-el-martes","status":"publish","type":"post","link":"https:\/\/www.diarioimagen.net\/?p=177150","title":{"rendered":"El informe sobre la L\u00ednea 12, el martes"},"content":{"rendered":"<ul>\n<li><strong><em>Prev\u00e9 Manuel Granados Covarrubias<\/em><\/strong><\/li>\n<\/ul>\n<div id=\"attachment_177233\" style=\"width: 250px\" class=\"wp-caption alignleft\"><a href=\"http:\/\/www.diarioimagen.net\/wp-content\/uploads\/2014\/06\/metro-2373.jpg\"><img loading=\"lazy\" decoding=\"async\" aria-describedby=\"caption-attachment-177233\" class=\"size-medium wp-image-177233\" src=\"http:\/\/www.diarioimagen.net\/wp-content\/uploads\/2014\/06\/metro-2373-240x135.jpg\" alt=\"La Comisi\u00f3n Investigadora\u00a0de la L\u00ednea 12 del Metro prev\u00e9 entregar el martes su informe, si es que no hay alguna desavenencia entre sus integrantes.\" width=\"240\" height=\"135\" srcset=\"https:\/\/www.diarioimagen.net\/wp-content\/uploads\/2014\/06\/metro-2373-240x135.jpg 240w, https:\/\/www.diarioimagen.net\/wp-content\/uploads\/2014\/06\/metro-2373-420x236.jpg 420w, https:\/\/www.diarioimagen.net\/wp-content\/uploads\/2014\/06\/metro-2373-235x132.jpg 235w, https:\/\/www.diarioimagen.net\/wp-content\/uploads\/2014\/06\/metro-2373-202x114.jpg 202w, https:\/\/www.diarioimagen.net\/wp-content\/uploads\/2014\/06\/metro-2373-350x196.jpg 350w, https:\/\/www.diarioimagen.net\/wp-content\/uploads\/2014\/06\/metro-2373-220x123.jpg 220w, https:\/\/www.diarioimagen.net\/wp-content\/uploads\/2014\/06\/metro-2373-237x132.jpg 237w, https:\/\/www.diarioimagen.net\/wp-content\/uploads\/2014\/06\/metro-2373.jpg 480w\" sizes=\"auto, (max-width: 240px) 100vw, 240px\" \/><\/a><p id=\"caption-attachment-177233\" class=\"wp-caption-text\">La Comisi\u00f3n Investigadora\u00a0de la L\u00ednea 12 del Metro prev\u00e9 entregar el martes su informe, si es que no hay alguna desavenencia entre sus integrantes.<\/p><\/div>\n<p>Si hay acuerdo, la Comisi\u00f3n Especial Investigadora de la L\u00ednea 12 del Metro presentar\u00e1 su informe el pr\u00f3ximo martes en el marco del periodo extraordinario de sesiones de la Asamblea Legislativa del Distrito Federal (ALDF), y si no hasta finales de junio, afirm\u00f3 el presidente de la Comisi\u00f3n de Gobierno, Manuel Granados Covarrubias.<\/p>\n<p>\u201cEstamos pendientes de que concluya la comisi\u00f3n el dictamen final, est\u00e1n citados para el d\u00eda de ma\u00f1ana (hoy), si concluyen el dictamen estar\u00edamos en posibilidad de pasarlo al pleno el martes, en caso contrario ser\u00eda hasta el extraordinario del final de mes\u201d, se\u00f1al\u00f3 en entrevista despu\u00e9s de participar en la toma de protesta del Pentatl\u00f3n Deportivo Militarizado.<\/p>\n<p>El perredista neg\u00f3 que no haya acuerdo entre los diputados integrantes de dicha comisi\u00f3n, pues asegur\u00f3 que se est\u00e1 revisando punto por punto el dictamen. \u201cNo hay empantanamientos, est\u00e1n revis\u00e1ndose punto por punto las propuestas de todos los partidos pol\u00edticos\u201d, asegur\u00f3.<\/p>\n<p>Granados Covarrubias afirm\u00f3 que el informe se elabora con base en la pruebas y la informaci\u00f3n presentada por los funcionarios involucrados en la tambi\u00e9n llamada L\u00ednea Dorada.<\/p>\n<p>\u201cYo lo que les he pedido es que sea un dictamen con sustento legal y que sea una resoluci\u00f3n contundente que permita tener certeza para darle garant\u00edas a los capitalinos de que la L\u00ednea 12 reabrir\u00e1 su servicio\u201d, indic\u00f3.<\/p>\n<p>Por otro lado, el coordinador de la bancada del PRD en el ALDF explic\u00f3 que revisar\u00e1n 70 dict\u00e1menes este lunes y martes que se llevar\u00e1 a cabo el periodo extraordinario.<\/p>\n<p>\u201cEsencialmente tienen que ver con la Ley Integral de J\u00f3venes, con esquemas de procuraci\u00f3n y administraci\u00f3n de Justicia y en materias de Medio Ambiente, adem\u00e1s de la ratificaci\u00f3n del magistrado del Tribunal de la Contencioso Administrativo\u201d, detall\u00f3.<\/p>\n<p>Respecto a la iniciativa para descentralizar el Sistema de Aguas, Granados Covarrubias dijo que se abordar\u00e1 en el siguiente periodo extraordinario, programado para finales de junio.<\/p>\n<p>\u201cSe sigue trabajando la Ley de Agua, que ser\u00e1 propuesta junto con la Ley Electoral para el segundo periodo extraordinario\u201d, expres\u00f3.<\/p>\n<p>Neg\u00f3 que el jefe de Gobierno, Miguel \u00c1ngel Mancera, busque quitar a la Asamblea Legislativa la atribuci\u00f3n para establecer las tarifas de agua.<\/p>\n<p>En ese sentido, el perredista rechaz\u00f3 que se vayan a presentar dict\u00e1menes sin conocer, como ocurri\u00f3 el periodo pasado, para reducir el rezago legislativo en la ALDF.<\/p>\n","protected":false},"excerpt":{"rendered":"<p>Si hay acuerdo, la Comisi\u00f3n Especial Investigadora de la L\u00ednea 12 del Metro presentar\u00e1 su informe el pr\u00f3ximo martes en el marco del periodo extraordinario de sesiones de la Asamblea Legislativa del Distrito Federal (ALDF), y si no hasta finales de junio, afirm\u00f3 el presidente de la Comisi\u00f3n de Gobierno, Manuel Granados Covarrubias.<\/p>\n","protected":false},"author":3,"featured_media":177233,"comment_status":"open","ping_status":"open","sticky":false,"template":"","format":"standard","meta":{"_monsterinsights_skip_tracking":false,"_monsterinsights_sitenote_active":false,"_monsterinsights_sitenote_note":"","_monsterinsights_sitenote_category":0,"footnotes":""},"categories":[6],"tags":[204,8433],"class_list":["post-177150","post","type-post","status-publish","format-standard","has-post-thumbnail","hentry","category-cd-de-mexico","tag-ciudad-de-mexico","tag-linea-12"],"_links":{"self":[{"href":"https:\/\/www.diarioimagen.net\/index.php?rest_route=\/wp\/v2\/posts\/177150","targetHints":{"allow":["GET"]}}],"collection":[{"href":"https:\/\/www.diarioimagen.net\/index.php?rest_route=\/wp\/v2\/posts"}],"about":[{"href":"https:\/\/www.diarioimagen.net\/index.php?rest_route=\/wp\/v2\/types\/post"}],"author":[{"embeddable":true,"href":"https:\/\/www.diarioimagen.net\/index.php?rest_route=\/wp\/v2\/users\/3"}],"replies":[{"embeddable":true,"href":"https:\/\/www.diarioimagen.net\/index.php?rest_route=%2Fwp%2Fv2%2Fcomments&post=177150"}],"version-history":[{"count":0,"href":"https:\/\/www.diarioimagen.net\/index.php?rest_route=\/wp\/v2\/posts\/177150\/revisions"}],"wp:featuredmedia":[{"embeddable":true,"href":"https:\/\/www.diarioimagen.net\/index.php?rest_route=\/wp\/v2\/media\/177233"}],"wp:attachment":[{"href":"https:\/\/www.diarioimagen.net\/index.php?rest_route=%2Fwp%2Fv2%2Fmedia&parent=177150"}],"wp:term":[{"taxonomy":"category","embeddable":true,"href":"https:\/\/www.diarioimagen.net\/index.php?rest_route=%2Fwp%2Fv2%2Fcategories&post=177150"},{"taxonomy":"post_tag","embeddable":true,"href":"https:\/\/www.diarioimagen.net\/index.php?rest_route=%2Fwp%2Fv2%2Ftags&post=177150"}],"curies":[{"name":"wp","href":"https:\/\/api.w.org\/{rel}","templated":true}]}}