{"id":177188,"date":"2014-06-09T00:08:52","date_gmt":"2014-06-09T05:08:52","guid":{"rendered":"http:\/\/www.diarioimagen.net\/?p=177188"},"modified":"2014-06-09T04:21:52","modified_gmt":"2014-06-09T09:21:52","slug":"edil-de-coacalco-entrega-material-en-san-lorenzo","status":"publish","type":"post","link":"https:\/\/www.diarioimagen.net\/?p=177188","title":{"rendered":"Edil de Coacalco entrega material en San Lorenzo"},"content":{"rendered":"<ul>\n<li><em><strong>Pintar\u00e1n una unidad habitacional<\/strong><\/em><\/li>\n<\/ul>\n<div id=\"attachment_177219\" style=\"width: 250px\" class=\"wp-caption alignleft\"><a href=\"http:\/\/www.diarioimagen.net\/wp-content\/uploads\/2014\/06\/COACALCO-2373.jpg\"><img loading=\"lazy\" decoding=\"async\" aria-describedby=\"caption-attachment-177219\" class=\"size-medium wp-image-177219\" src=\"http:\/\/www.diarioimagen.net\/wp-content\/uploads\/2014\/06\/COACALCO-2373-240x160.jpg\" alt=\"Luego de organizar a los cond\u00f3minos de un conjunto habitacional, el alcalde de Coacalco les entreg\u00f3 la pintura para que lo embellezcan.\" width=\"240\" height=\"160\" srcset=\"https:\/\/www.diarioimagen.net\/wp-content\/uploads\/2014\/06\/COACALCO-2373-240x160.jpg 240w, https:\/\/www.diarioimagen.net\/wp-content\/uploads\/2014\/06\/COACALCO-2373-420x280.jpg 420w, https:\/\/www.diarioimagen.net\/wp-content\/uploads\/2014\/06\/COACALCO-2373.jpg 700w\" sizes=\"auto, (max-width: 240px) 100vw, 240px\" \/><\/a><p id=\"caption-attachment-177219\" class=\"wp-caption-text\">Luego de organizar a los cond\u00f3minos de un conjunto habitacional, el alcalde de Coacalco les entreg\u00f3 la pintura para que lo embellezcan.<\/p><\/div>\n<p><strong>Coacalco, Estado de M\u00e9xico<\/strong>.- Siguiendo con un \u201cgobierno de atenci\u00f3n y resultados\u201d, el presidente municipal, David S\u00e1nchez Isidoro, entreg\u00f3 material para pintar la Unidad Habitacional \u201cLas Fuentes\u201d en la colonia de San Lorenzo.<\/p>\n<p>El alcalde coment\u00f3 que esto fue posible gracias a la organizaci\u00f3n de los vecinos, pues asegur\u00f3 que mientras ellos pongan la mitad de los materiales, \u00e9l ayudar\u00e1 con lo que falta.<\/p>\n<p>\u201cCon estas acciones demostramos que cuando se quiere s\u00ed se puede\u201d, cit\u00f3.<\/p>\n<p>Adem\u00e1s, el ejecutivo municipal, se comprometi\u00f3 a construir un tope, colocar tapas de coladera e instalar alumbrado afuera de esta unidad habitacional y subray\u00f3 que todo estar\u00e1 listo para el d\u00eda lunes nueve del mes en curso.<\/p>\n<p>David S\u00e1nchez agradeci\u00f3 a su representante del sector, el tesorero Manuel Huicochea, por estar al pendiente de la comunidad coacalquense e informarle de las inquietudes de cada uno.<\/p>\n<p>As\u00ed mismo, el edil mencion\u00f3 que en todo el municipio ya finaliz\u00f3 la primera etapa en el programa de cambio de luminarias, la cual consist\u00eda en la remodelaci\u00f3n de alumbrado p\u00fablica por tecnolog\u00eda de LED en todas las avenidas principales, y agreg\u00f3 que la segunda etapa ya est\u00e1 en funcionamiento para tener nuevo alumbrado en todas las calles del municipio para lograr que \u201cCoacalco se mueva en grande\u201d.<\/p>\n","protected":false},"excerpt":{"rendered":"<p>Siguiendo con un \u201cgobierno de atenci\u00f3n y resultados\u201d, el presidente municipal, David S\u00e1nchez Isidoro, entreg\u00f3 material<\/p>\n","protected":false},"author":3,"featured_media":177219,"comment_status":"open","ping_status":"open","sticky":false,"template":"","format":"standard","meta":{"_monsterinsights_skip_tracking":false,"_monsterinsights_sitenote_active":false,"_monsterinsights_sitenote_note":"","_monsterinsights_sitenote_category":0,"footnotes":""},"categories":[5],"tags":[579,26134,43675,19250],"class_list":["post-177188","post","type-post","status-publish","format-standard","has-post-thumbnail","hentry","category-estado-de-mexico","tag-coacalco","tag-david-sanchez-isidoro","tag-estado-de-mexico","tag-san-lorenzo"],"_links":{"self":[{"href":"https:\/\/www.diarioimagen.net\/index.php?rest_route=\/wp\/v2\/posts\/177188","targetHints":{"allow":["GET"]}}],"collection":[{"href":"https:\/\/www.diarioimagen.net\/index.php?rest_route=\/wp\/v2\/posts"}],"about":[{"href":"https:\/\/www.diarioimagen.net\/index.php?rest_route=\/wp\/v2\/types\/post"}],"author":[{"embeddable":true,"href":"https:\/\/www.diarioimagen.net\/index.php?rest_route=\/wp\/v2\/users\/3"}],"replies":[{"embeddable":true,"href":"https:\/\/www.diarioimagen.net\/index.php?rest_route=%2Fwp%2Fv2%2Fcomments&post=177188"}],"version-history":[{"count":0,"href":"https:\/\/www.diarioimagen.net\/index.php?rest_route=\/wp\/v2\/posts\/177188\/revisions"}],"wp:featuredmedia":[{"embeddable":true,"href":"https:\/\/www.diarioimagen.net\/index.php?rest_route=\/wp\/v2\/media\/177219"}],"wp:attachment":[{"href":"https:\/\/www.diarioimagen.net\/index.php?rest_route=%2Fwp%2Fv2%2Fmedia&parent=177188"}],"wp:term":[{"taxonomy":"category","embeddable":true,"href":"https:\/\/www.diarioimagen.net\/index.php?rest_route=%2Fwp%2Fv2%2Fcategories&post=177188"},{"taxonomy":"post_tag","embeddable":true,"href":"https:\/\/www.diarioimagen.net\/index.php?rest_route=%2Fwp%2Fv2%2Ftags&post=177188"}],"curies":[{"name":"wp","href":"https:\/\/api.w.org\/{rel}","templated":true}]}}