{"id":177294,"date":"2014-06-10T00:13:03","date_gmt":"2014-06-10T05:13:03","guid":{"rendered":"http:\/\/www.diarioimagen.net\/?p=177294"},"modified":"2014-06-10T03:27:54","modified_gmt":"2014-06-10T08:27:54","slug":"reforzaran-proteccion-a-periodistas","status":"publish","type":"post","link":"https:\/\/www.diarioimagen.net\/?p=177294","title":{"rendered":"Reforzar\u00e1n protecci\u00f3n a periodistas"},"content":{"rendered":"<h2>Arco Norte<\/h2>\n<h5>Jos\u00e9 Luis Monta\u00f1ez Aguilar<\/h5>\n<p>&nbsp;<\/p>\n<div id=\"attachment_177354\" style=\"width: 250px\" class=\"wp-caption alignleft\"><a href=\"http:\/\/www.diarioimagen.net\/wp-content\/uploads\/2014\/06\/arco-2374.jpg\"><img loading=\"lazy\" decoding=\"async\" aria-describedby=\"caption-attachment-177354\" class=\"size-medium wp-image-177354\" src=\"http:\/\/www.diarioimagen.net\/wp-content\/uploads\/2014\/06\/arco-2374-240x160.jpg\" alt=\"Durante una reuni\u00f3n con representantes de medios de comunicaci\u00f3n de la entidad, con motivo del D\u00eda de la Libertad de Expresi\u00f3n, el gobernador Eruviel \u00c1vila Villegas confi\u00f3 que en breve sea aprobada la Ley para la Protecci\u00f3n Integral del Ejercicio Period\u00edstico en el Estado de M\u00e9xico.\" width=\"240\" height=\"160\" srcset=\"https:\/\/www.diarioimagen.net\/wp-content\/uploads\/2014\/06\/arco-2374-240x160.jpg 240w, https:\/\/www.diarioimagen.net\/wp-content\/uploads\/2014\/06\/arco-2374-420x280.jpg 420w, https:\/\/www.diarioimagen.net\/wp-content\/uploads\/2014\/06\/arco-2374.jpg 700w\" sizes=\"auto, (max-width: 240px) 100vw, 240px\" \/><\/a><p id=\"caption-attachment-177354\" class=\"wp-caption-text\">Durante una reuni\u00f3n con representantes de medios de comunicaci\u00f3n de la entidad, con motivo del D\u00eda de la Libertad de Expresi\u00f3n, el gobernador Eruviel \u00c1vila Villegas confi\u00f3 que en breve sea aprobada la Ley para la Protecci\u00f3n Integral del Ejercicio Period\u00edstico en el Estado de M\u00e9xico.<\/p><\/div>\n<p><strong>Naucalpan, Estado de M\u00e9xico<\/strong>.- Al aseverar que en la entidad hay libertad de expresi\u00f3n y facilidades para informar a la sociedad, el gobernador Eruviel \u00c1vila Villegas confi\u00f3 que en breve sea aprobada la Ley para la Protecci\u00f3n Integral del Ejercicio Period\u00edstico en el Estado de M\u00e9xico, iniciativa presentada por el Ejecutivo estatal para garantizar y tutelar el libre desempe\u00f1o de esta actividad, el derecho a la informaci\u00f3n, la libertad de criterio y opini\u00f3n al informar, al tiempo de facilitar una pr\u00e1ctica responsable, objetiva, clara y eficaz, adem\u00e1s de reconocer como derechos el secreto profesional, el libre acceso a las fuentes informativas y la seguridad del periodista, entre otros y afirm\u00f3 que la aportaci\u00f3n que realicen los legisladores ser\u00e1 fundamental para contar con este marco legal. Durante una reuni\u00f3n con representantes de medios de comunicaci\u00f3n de la entidad, con motivo del D\u00eda de la Libertad de Expresi\u00f3n, el gobernador detall\u00f3 que dicha propuesta se elabor\u00f3 para proteger a quienes dan voz a la sociedad. \u201cFelicidades con motivo del D\u00eda de la Libertad de Expresi\u00f3n, siempre he referido que todos los d\u00edas deben sembrarse, respetarse, reconocerse la labor period\u00edstica, la labor informativa de quienes hacen de la difusi\u00f3n, de la informaci\u00f3n, un espacio para poder tener a la gente comunicada, informada al tanto de los acontecimientos del d\u00eda a d\u00eda, que se llevan a cabo en M\u00e9xico, en el mundo, en el Estado de M\u00e9xico\u201d, expres\u00f3. Al reconocer la importante labor que los representantes de medios de comunicaci\u00f3n llevan a cabo d\u00eda a d\u00eda en la entidad, Eruviel \u00c1vila agradeci\u00f3 el punto de vista cr\u00edtico y constructivo hacia su administraci\u00f3n para que las acciones que realiza puedan estar por muy buen camino, ya que tanto el gobierno como medios de comunicaci\u00f3n tienen el mismo objetivo, buscar el bienestar de la poblaci\u00f3n y corregir el rumbo cuando es necesario.<\/p>\n<p><em><a href=\"mailto:montanezaguilar@gmail.com\" target=\"_blank\">montanezaguilar@gmail.com<\/a><\/em><\/p>\n","protected":false},"excerpt":{"rendered":"<p><span style=\"color: #005497;\"><strong>Jos\u00e9 Luis Monta\u00f1ez Aguilar<\/strong><\/span><br \/>\n<br \/>\nAl aseverar que en la entidad hay libertad de expresi\u00f3n y facilidades para informar a la sociedad, el gobernador Eruviel \u00c1vila Villegas confi\u00f3 que en breve sea aprobada la Ley para la Protecci\u00f3n Integral del Ejercicio Period\u00edstico en el Estado de M\u00e9xico&#8230;<\/p>\n","protected":false},"author":3,"featured_media":177354,"comment_status":"open","ping_status":"open","sticky":false,"template":"","format":"standard","meta":{"_monsterinsights_skip_tracking":false,"_monsterinsights_sitenote_active":false,"_monsterinsights_sitenote_note":"","_monsterinsights_sitenote_category":0,"footnotes":""},"categories":[5],"tags":[13284,43675,43704,970,43674],"class_list":["post-177294","post","type-post","status-publish","format-standard","has-post-thumbnail","hentry","category-estado-de-mexico","tag-arco-norte","tag-estado-de-mexico","tag-jose-luis-montanez-aguilar","tag-naucalpan","tag-opinion"],"_links":{"self":[{"href":"https:\/\/www.diarioimagen.net\/index.php?rest_route=\/wp\/v2\/posts\/177294","targetHints":{"allow":["GET"]}}],"collection":[{"href":"https:\/\/www.diarioimagen.net\/index.php?rest_route=\/wp\/v2\/posts"}],"about":[{"href":"https:\/\/www.diarioimagen.net\/index.php?rest_route=\/wp\/v2\/types\/post"}],"author":[{"embeddable":true,"href":"https:\/\/www.diarioimagen.net\/index.php?rest_route=\/wp\/v2\/users\/3"}],"replies":[{"embeddable":true,"href":"https:\/\/www.diarioimagen.net\/index.php?rest_route=%2Fwp%2Fv2%2Fcomments&post=177294"}],"version-history":[{"count":0,"href":"https:\/\/www.diarioimagen.net\/index.php?rest_route=\/wp\/v2\/posts\/177294\/revisions"}],"wp:featuredmedia":[{"embeddable":true,"href":"https:\/\/www.diarioimagen.net\/index.php?rest_route=\/wp\/v2\/media\/177354"}],"wp:attachment":[{"href":"https:\/\/www.diarioimagen.net\/index.php?rest_route=%2Fwp%2Fv2%2Fmedia&parent=177294"}],"wp:term":[{"taxonomy":"category","embeddable":true,"href":"https:\/\/www.diarioimagen.net\/index.php?rest_route=%2Fwp%2Fv2%2Fcategories&post=177294"},{"taxonomy":"post_tag","embeddable":true,"href":"https:\/\/www.diarioimagen.net\/index.php?rest_route=%2Fwp%2Fv2%2Ftags&post=177294"}],"curies":[{"name":"wp","href":"https:\/\/api.w.org\/{rel}","templated":true}]}}