{"id":177323,"date":"2014-06-10T00:08:12","date_gmt":"2014-06-10T05:08:12","guid":{"rendered":"http:\/\/www.diarioimagen.net\/?p=177323"},"modified":"2014-06-10T03:31:46","modified_gmt":"2014-06-10T08:31:46","slug":"edil-de-huixquilucan-premia-a-ganadores-del-norceca","status":"publish","type":"post","link":"https:\/\/www.diarioimagen.net\/?p=177323","title":{"rendered":"Edil de Huixquilucan premia a ganadores del NORCECA"},"content":{"rendered":"<ul>\n<li><strong><em>Torneo de voleibol internacional<\/em><\/strong><\/li>\n<\/ul>\n<div id=\"attachment_177360\" style=\"width: 250px\" class=\"wp-caption alignleft\"><a href=\"http:\/\/www.diarioimagen.net\/wp-content\/uploads\/2014\/06\/HUIXQUILUCAN-2374.jpg\"><img loading=\"lazy\" decoding=\"async\" aria-describedby=\"caption-attachment-177360\" class=\"size-medium wp-image-177360\" src=\"http:\/\/www.diarioimagen.net\/wp-content\/uploads\/2014\/06\/HUIXQUILUCAN-2374-240x153.jpg\" alt=\"Durante la ceremonia de premiaci\u00f3n el presidente municipal, Carlos Iriarte Mercado, asegur\u00f3 que el VIII Circuito del NORCECA logr\u00f3 unir a la familia de Huixquilucan y a los mexiquenses.\" width=\"240\" height=\"153\" srcset=\"https:\/\/www.diarioimagen.net\/wp-content\/uploads\/2014\/06\/HUIXQUILUCAN-2374-240x153.jpg 240w, https:\/\/www.diarioimagen.net\/wp-content\/uploads\/2014\/06\/HUIXQUILUCAN-2374-420x268.jpg 420w, https:\/\/www.diarioimagen.net\/wp-content\/uploads\/2014\/06\/HUIXQUILUCAN-2374.jpg 700w\" sizes=\"auto, (max-width: 240px) 100vw, 240px\" \/><\/a><p id=\"caption-attachment-177360\" class=\"wp-caption-text\">Durante la ceremonia de premiaci\u00f3n el presidente municipal, Carlos Iriarte Mercado, asegur\u00f3 que el VIII Circuito del NORCECA logr\u00f3 unir a la familia de Huixquilucan y a los mexiquenses.<\/p><\/div>\n<p><strong>Huixquilucan, Estado de M\u00e9xico<\/strong>.- Al finalizar el VIII Circuito del North Central American and Caribbean Volleyball Confederation (NORCECA), donde participaron 16 pa\u00edses en la rama femenil y varonil, el presidente municipal, Carlos Iriarte Mercado, hizo entrega de las medallas a los equipos campeones de \u00e9sta disciplina en la rama femenil y varonil.<\/p>\n<p>Acompa\u00f1ado del Iriarte Mercado asegur\u00f3 que el deporte fomenta los valores y \u00e9stos son la piedra fundamental del gobierno municipal, agreg\u00f3 que eventos de esta naturaleza fueron posibles gracias al trabajo en equipo con la Federaci\u00f3n Mexicana, el Instituto Mexiquense de Cultura F\u00edsica y Deporte y con la comunidad de Huixquilucan.<\/p>\n<p>Acompa\u00f1ado del titular del IMCUFIDE, Fernando Platas \u00c1lvarez, el edil huixquiluquense se\u00f1al\u00f3 que el VIII Circuito del NORCECA ser\u00e1 un referente para las pr\u00f3ximas generaciones en los niveles aspiracionales, en este sentido agreg\u00f3 que es una muestra de la perseverancia, la constancia, de ser solidarios y del trabajo en comunidad, valores que promueve el deporte en cualquiera de las disciplinas.<\/p>\n<p>&nbsp;<\/p>\n","protected":false},"excerpt":{"rendered":"<p>Al finalizar el VIII Circuito del North Central American and Caribbean Volleyball Confederation (NORCECA), donde participaron 16 pa\u00edses en la rama femenil y varonil, el presidente municipal, Carlos Iriarte Mercado, hizo entrega de las medallas a los equipos campeones de \u00e9sta disciplina en la rama femenil y varonil.<\/p>\n","protected":false},"author":3,"featured_media":177360,"comment_status":"open","ping_status":"open","sticky":false,"template":"","format":"standard","meta":{"_monsterinsights_skip_tracking":false,"_monsterinsights_sitenote_active":false,"_monsterinsights_sitenote_note":"","_monsterinsights_sitenote_category":0,"footnotes":""},"categories":[5],"tags":[43675,1097],"class_list":["post-177323","post","type-post","status-publish","format-standard","has-post-thumbnail","hentry","category-estado-de-mexico","tag-estado-de-mexico","tag-huixquilucan"],"_links":{"self":[{"href":"https:\/\/www.diarioimagen.net\/index.php?rest_route=\/wp\/v2\/posts\/177323","targetHints":{"allow":["GET"]}}],"collection":[{"href":"https:\/\/www.diarioimagen.net\/index.php?rest_route=\/wp\/v2\/posts"}],"about":[{"href":"https:\/\/www.diarioimagen.net\/index.php?rest_route=\/wp\/v2\/types\/post"}],"author":[{"embeddable":true,"href":"https:\/\/www.diarioimagen.net\/index.php?rest_route=\/wp\/v2\/users\/3"}],"replies":[{"embeddable":true,"href":"https:\/\/www.diarioimagen.net\/index.php?rest_route=%2Fwp%2Fv2%2Fcomments&post=177323"}],"version-history":[{"count":0,"href":"https:\/\/www.diarioimagen.net\/index.php?rest_route=\/wp\/v2\/posts\/177323\/revisions"}],"wp:featuredmedia":[{"embeddable":true,"href":"https:\/\/www.diarioimagen.net\/index.php?rest_route=\/wp\/v2\/media\/177360"}],"wp:attachment":[{"href":"https:\/\/www.diarioimagen.net\/index.php?rest_route=%2Fwp%2Fv2%2Fmedia&parent=177323"}],"wp:term":[{"taxonomy":"category","embeddable":true,"href":"https:\/\/www.diarioimagen.net\/index.php?rest_route=%2Fwp%2Fv2%2Fcategories&post=177323"},{"taxonomy":"post_tag","embeddable":true,"href":"https:\/\/www.diarioimagen.net\/index.php?rest_route=%2Fwp%2Fv2%2Ftags&post=177323"}],"curies":[{"name":"wp","href":"https:\/\/api.w.org\/{rel}","templated":true}]}}