{"id":177470,"date":"2014-06-11T00:06:36","date_gmt":"2014-06-11T05:06:36","guid":{"rendered":"http:\/\/www.diarioimagen.net\/?p=177470"},"modified":"2014-06-12T05:18:55","modified_gmt":"2014-06-12T10:18:55","slug":"eav-entregara-aves-de-postura-a-comedores-comunitarios","status":"publish","type":"post","link":"https:\/\/www.diarioimagen.net\/?p=177470","title":{"rendered":"EAV entregar\u00e1 aves de postura a comedores comunitarios"},"content":{"rendered":"<ul>\n<li><strong><em>El gobernador y la titular de la Sedesol, Rosario Robles Berlanga, inauguraron el local de este plan en San Antonio delas HUertas<\/em><\/strong><\/li>\n<\/ul>\n<div id=\"attachment_177534\" style=\"width: 250px\" class=\"wp-caption alignleft\"><a href=\"http:\/\/www.diarioimagen.net\/wp-content\/uploads\/2014\/06\/eruviel-2375.jpg\"><img loading=\"lazy\" decoding=\"async\" aria-describedby=\"caption-attachment-177534\" class=\"size-medium wp-image-177534\" src=\"http:\/\/www.diarioimagen.net\/wp-content\/uploads\/2014\/06\/eruviel-2375-240x159.jpg\" alt=\"El gobernador Eruviel \u00c1vila Villegas y la titular de la Secretaria de Desarrollo Social federal, Rosario Robles Berlanga, inauguraron un comedor comunitario en San Antonio de las Huertas, en este municipio.\" width=\"240\" height=\"159\" srcset=\"https:\/\/www.diarioimagen.net\/wp-content\/uploads\/2014\/06\/eruviel-2375-240x159.jpg 240w, https:\/\/www.diarioimagen.net\/wp-content\/uploads\/2014\/06\/eruviel-2375-420x279.jpg 420w, https:\/\/www.diarioimagen.net\/wp-content\/uploads\/2014\/06\/eruviel-2375.jpg 700w\" sizes=\"auto, (max-width: 240px) 100vw, 240px\" \/><\/a><p id=\"caption-attachment-177534\" class=\"wp-caption-text\">El gobernador Eruviel \u00c1vila Villegas y la titular de la Secretaria de Desarrollo Social federal, Rosario Robles Berlanga, inauguraron un comedor comunitario en San Antonio de las Huertas, en este municipio.<\/p><\/div>\n<p><strong>San Felipe del Progreso, Estado de M\u00e9xico<\/strong>.- Para contribuir al desarrollo de la Cruzada Nacional Contra el Hambre en el Estado de M\u00e9xico, el gobierno estatal otorgar\u00e1 2 mil paquetes de aves de postura, para los dos mil comedores comunitarios que se abrir\u00e1n en territorio mexiquense, adem\u00e1s, las personas mayores de 65 a\u00f1os que requieran tramitar su acta de nacimiento para poder recibir los apoyos de este programa federal, podr\u00e1n realizar dicho procedimiento de forma gratuita, inform\u00f3 el gobernador Eruviel \u00c1vila Villegas, quien inaugur\u00f3, junto con la secretaria de Desarrollo Social federal, Rosario Robles Berlanga, un comedor comunitario en San Antonio de las Huertas, San Felipe del Progreso.<\/p>\n<p>\u201cEstamos ya casi listos para que en pr\u00f3ximos meses podamos tener los dos mil comedores que generosamente el se\u00f1or presidente ofreci\u00f3 al Estado de M\u00e9xico, seremos el \u00fanico estado con tal cantidad de comedores comunitarios en todo el pa\u00eds y para ello, vamos a seguir poniendo la parte que nos corresponde. Estamos llevando a cabo en el Estado de M\u00e9xico, estamos dotando de pollitas, de pollos en donde las comunidades, las familias van cuidando a sus pollitos y van produciendo huevo, y esto nos permite fortalecer su alimentaci\u00f3n. Hoy secretaria, est\u00e1n a su disposici\u00f3n dos mil paquetes para que est\u00e9n en los dos mil comedores y en dichos comedores se pueda producir huevo por parte de nuestras mam\u00e1s, por parte de la gente\u201d, coment\u00f3 el gobernador.<\/p>\n<p>Eruviel \u00c1vila destac\u00f3 que a trav\u00e9s de la Cruzada Nacional Contra el Hambre, se beneficia a m\u00e1s de un mill\u00f3n de mexiquenses en pobreza extrema de 66 municipios, adem\u00e1s tres mil casas ya cuentan con agua potable y m\u00e1s de nueve mil 400 tienen energ\u00eda el\u00e9ctrica; 65 mil familias se incorporaron al programa Oportunidades; 173 mil adultos mayores reciben su pensi\u00f3n y 280 mil mujeres est\u00e1n afiliadas al seguro de vida para jefas de familia.<\/p>\n<p>Se\u00f1al\u00f3 que estos logros son gracias al trabajo coordinado entre el gobierno federal, estatal, los ayuntamientos mexiquenses y la sociedad, lo cual dijo, se refleja en los m\u00e1s de 300 comedores comunitarios ya instalados que atienden a ni\u00f1os, adultos mayores, personas con discapacidad y mujeres embarazadas, y manifest\u00f3 que la meta es llegar a 2 mil espacios de este tipo en la entidad.<\/p>\n<p>Por su parte, Rosario Robles indic\u00f3 que los dos mil paquetes de aves de postura que otorgar\u00e1 el gobierno del Estado de M\u00e9xico a este programa, permitir\u00e1n mejorar la calidad alimenticia de las personas que acuden a los comedores comunitarios mexiquenses, y destac\u00f3 que este tipo de acciones demuestran con hechos que el compromiso del gobierno federal de combatir el hambre en el pa\u00eds, se est\u00e1 cumpliendo.<\/p>\n<p>Asever\u00f3 que la Cruzada Nacional Contra el Hambre es una estrategia integral que garantiza el derecho a la alimentaci\u00f3n a los m\u00e1s de 3 millones de mexicanos a los que llega este programa, a trav\u00e9s de apoyos como el seguro para jefas de familia, la pensi\u00f3n para adultos mayores, la tarjeta Sin Hambre, entre otros.<\/p>\n<p>El delegado de la Secretar\u00eda de Desarrollo Social federal en la entidad, Fernando Alberto Garc\u00eda Cuevas, sostuvo que la Cruzada Nacional Contra el Hambre, es un movimiento social transformador de la realidad del pa\u00eds y del Estado de M\u00e9xico, destac\u00f3 que a trav\u00e9s del programa de comedores comunitarios se beneficia a cerca de 28 mil personas de las comunidades m\u00e1s necesitadas de la entidad, mediante 56 mil 800 raciones diarias de alimentaci\u00f3n, y dio a conocer que este d\u00eda se aperturaron 40 comedores m\u00e1s.<\/p>\n","protected":false},"excerpt":{"rendered":"<p>Para contribuir al desarrollo de la Cruzada Nacional Contra el Hambre en el Estado de M\u00e9xico, el gobierno estatal otorgar\u00e1 2 mil paquetes de aves de postura, para los dos mil comedores comunitarios que se abrir\u00e1n en territorio mexiquense, adem\u00e1s, las personas mayores de 65 a\u00f1os que requieran tramitar su acta de nacimiento para poder recibir los apoyos de este programa federal, podr\u00e1n realizar dicho procedimiento de forma gratuita, inform\u00f3 el gobernador Eruviel \u00c1vila Villegas, quien inaugur\u00f3, junto con la secretaria de Desarrollo Social federal, Rosario Robles Berlanga, un comedor comunitario en San Antonio de las Huertas, San Felipe del Progreso. <\/p>\n","protected":false},"author":3,"featured_media":177534,"comment_status":"open","ping_status":"open","sticky":false,"template":"","format":"standard","meta":{"_monsterinsights_skip_tracking":false,"_monsterinsights_sitenote_active":false,"_monsterinsights_sitenote_note":"","_monsterinsights_sitenote_category":0,"footnotes":""},"categories":[17,5],"tags":[5828,43675,6710],"class_list":["post-177470","post","type-post","status-publish","format-standard","has-post-thumbnail","hentry","category-especiales","category-estado-de-mexico","tag-eruviel-avila-villegas","tag-estado-de-mexico","tag-san-felipe-del-progreso"],"_links":{"self":[{"href":"https:\/\/www.diarioimagen.net\/index.php?rest_route=\/wp\/v2\/posts\/177470","targetHints":{"allow":["GET"]}}],"collection":[{"href":"https:\/\/www.diarioimagen.net\/index.php?rest_route=\/wp\/v2\/posts"}],"about":[{"href":"https:\/\/www.diarioimagen.net\/index.php?rest_route=\/wp\/v2\/types\/post"}],"author":[{"embeddable":true,"href":"https:\/\/www.diarioimagen.net\/index.php?rest_route=\/wp\/v2\/users\/3"}],"replies":[{"embeddable":true,"href":"https:\/\/www.diarioimagen.net\/index.php?rest_route=%2Fwp%2Fv2%2Fcomments&post=177470"}],"version-history":[{"count":0,"href":"https:\/\/www.diarioimagen.net\/index.php?rest_route=\/wp\/v2\/posts\/177470\/revisions"}],"wp:featuredmedia":[{"embeddable":true,"href":"https:\/\/www.diarioimagen.net\/index.php?rest_route=\/wp\/v2\/media\/177534"}],"wp:attachment":[{"href":"https:\/\/www.diarioimagen.net\/index.php?rest_route=%2Fwp%2Fv2%2Fmedia&parent=177470"}],"wp:term":[{"taxonomy":"category","embeddable":true,"href":"https:\/\/www.diarioimagen.net\/index.php?rest_route=%2Fwp%2Fv2%2Fcategories&post=177470"},{"taxonomy":"post_tag","embeddable":true,"href":"https:\/\/www.diarioimagen.net\/index.php?rest_route=%2Fwp%2Fv2%2Ftags&post=177470"}],"curies":[{"name":"wp","href":"https:\/\/api.w.org\/{rel}","templated":true}]}}