{"id":178240,"date":"2014-06-17T00:07:26","date_gmt":"2014-06-17T05:07:26","guid":{"rendered":"http:\/\/www.diarioimagen.net\/?p=178240"},"modified":"2014-06-18T05:22:24","modified_gmt":"2014-06-18T10:22:24","slug":"en-michoacan-habra-cero-impunidad-osorio-chong","status":"publish","type":"post","link":"https:\/\/www.diarioimagen.net\/?p=178240","title":{"rendered":"En Michoac\u00e1n habr\u00e1 cero impunidad: Osorio Chong"},"content":{"rendered":"<ul>\n<li><em><strong>\u201cHay videos con aguacateros, gasolineros, constructores, alcaldes, y no son delincuentes\u201d: Vallejo<\/strong><\/em><\/li>\n<\/ul>\n<h6>Jos\u00e9 Luis Monta\u00f1ez<\/h6>\n<p>&nbsp;<\/p>\n<div id=\"attachment_178372\" style=\"width: 250px\" class=\"wp-caption alignleft\"><a href=\"http:\/\/www.diarioimagen.net\/wp-content\/uploads\/2014\/06\/tuta-gerber-2379.jpg\"><img loading=\"lazy\" decoding=\"async\" aria-describedby=\"caption-attachment-178372\" class=\"size-medium wp-image-178372\" src=\"http:\/\/www.diarioimagen.net\/wp-content\/uploads\/2014\/06\/tuta-gerber-2379-240x135.jpg\" alt=\"Son numerosos los videos que se han difundido, unos son montajes y otros no, pues Los Caballeros Templarios lo ten\u00edan como estrategia.\" width=\"240\" height=\"135\" srcset=\"https:\/\/www.diarioimagen.net\/wp-content\/uploads\/2014\/06\/tuta-gerber-2379-240x135.jpg 240w, https:\/\/www.diarioimagen.net\/wp-content\/uploads\/2014\/06\/tuta-gerber-2379-420x236.jpg 420w, https:\/\/www.diarioimagen.net\/wp-content\/uploads\/2014\/06\/tuta-gerber-2379-235x132.jpg 235w, https:\/\/www.diarioimagen.net\/wp-content\/uploads\/2014\/06\/tuta-gerber-2379-202x114.jpg 202w, https:\/\/www.diarioimagen.net\/wp-content\/uploads\/2014\/06\/tuta-gerber-2379-350x196.jpg 350w, https:\/\/www.diarioimagen.net\/wp-content\/uploads\/2014\/06\/tuta-gerber-2379-220x123.jpg 220w, https:\/\/www.diarioimagen.net\/wp-content\/uploads\/2014\/06\/tuta-gerber-2379-237x132.jpg 237w, https:\/\/www.diarioimagen.net\/wp-content\/uploads\/2014\/06\/tuta-gerber-2379.jpg 480w\" sizes=\"auto, (max-width: 240px) 100vw, 240px\" \/><\/a><p id=\"caption-attachment-178372\" class=\"wp-caption-text\">Son numerosos los videos que se han difundido, unos son montajes y otros no, pues Los Caballeros Templarios lo ten\u00edan como estrategia.<\/p><\/div>\n<p>El secretario de Gobernaci\u00f3n, Miguel \u00c1ngel Osorio Chong, subray\u00f3 que habr\u00e1 cero impunidad contra cualquier persona o funcionario que est\u00e9 involucrado con organizaciones criminales o en actos il\u00edcitos en Michoac\u00e1n.<\/p>\n<p>En conferencia de prensa, dijo que sobre la imagen que circula en redes sociales -del hijo de Fausto Vallejo, gobernador de Michoac\u00e1n, reunido con Servando Gonz\u00e1lez<em> La Tuta<\/em>&#8211; primero se debe corroborar si es real para despu\u00e9s determinar si se pasa a la etapa de investigaci\u00f3n.<\/p>\n<p>Respecto a algunas versiones sobre dicha fotograf\u00eda del hijo del gobernador de la entidad, Fausto Vallejo, con el l\u00edder <em>Los Caballero Templarios<\/em>, recalc\u00f3 que para cualquier persona que est\u00e9 involucrada en alg\u00fan il\u00edcito se aplicar\u00e1 la ley sin distinci\u00f3n.<\/p>\n<p>La fotograf\u00eda donde supuestamente aparece Rodrigo Vallejo Mora, hijo menor del gobernador, en una reuni\u00f3n con <em>La Tuta<\/em>, comenz\u00f3 a circular hace unos d\u00edas en redes sociales como Facebook y Twitter.<\/p>\n<p>La imagen fue difundida en el perfil de Facebook, Valor por Michoac\u00e1n, y en ella se aprecia al v\u00e1stago de Vallejo, a quien apodan <em>El Gerber<\/em>, sentado al centro de una mesa junto a otras tres personas no identificadas a\u00fan; a su izquierda se ubica el ex maestro de primaria, hoy capo, quien pese a los esfuerzos del gobierno federal, sigue pr\u00f3fugo.<\/p>\n<p>En esa cuenta de Facebook se advierte: \u201cEsperemos en la semana tener el v\u00eddeo, pero por el momento una imagen de una de las reuniones de Servando G\u00f3mez Mart\u00ednez alias <em>La Tuta<\/em> con Rodrigo Vallejo Mora alias <em>El Gerber<\/em>, hijo del gobernador de Michoac\u00e1n, como grandes amigos bebiendo, comiendo y en una amena charla\u201d.<\/p>\n<p>Hace unos d\u00edas, antes de partir a Estados Unidos para hacerse una revisi\u00f3n m\u00e9dica, Fausto Vallejo ret\u00f3 a las autoridades para que lo investiguen igual que a su familia para que se compruebe que no ha amasado una fortuna. En un comunicado, el mandatario estatal reiter\u00f3 que muchos presidentes municipales y representantes de diferentes sectores fueron obligados a reunirse con integrantes del crimen organizado, incluso que algunos de ellos fueron grabados durante las reuniones. Por eso, las investigaciones deben hacerse con pulcritud, a fondo y sin distingos.<\/p>\n<p>\u201cHay videos donde desfilaron los principales aguacateros, hasta en autob\u00fas se los llevaban; hay gasolineros, constructores, presidentes municipales y, si est\u00e1n en video, eso no implica que sea una actividad delictiva; hay mucha gente que va a aparecer con toda seguridad conforme sigan avanzando las investigaciones pero, no por eso, son delincuentes\u201d, consider\u00f3.<\/p>\n","protected":false},"excerpt":{"rendered":"<p><span style=\"color: #005497;\"><strong>Jos\u00e9 Luis Monta\u00f1ez<\/strong><\/span><br \/>\n<br \/>\nEl secretario de Gobernaci\u00f3n, Miguel \u00c1ngel Osorio Chong, subray\u00f3 que habr\u00e1 cero impunidad contra cualquier persona o funcionario que est\u00e9 involucrado con organizaciones criminales o en actos il\u00edcitos en Michoac\u00e1n.<\/p>\n","protected":false},"author":5,"featured_media":178372,"comment_status":"open","ping_status":"open","sticky":false,"template":"","format":"standard","meta":{"_monsterinsights_skip_tracking":false,"_monsterinsights_sitenote_active":false,"_monsterinsights_sitenote_note":"","_monsterinsights_sitenote_category":0,"footnotes":""},"categories":[3],"tags":[18971,10324,3676,33352],"class_list":["post-178240","post","type-post","status-publish","format-standard","has-post-thumbnail","hentry","category-nacional","tag-fausto-vallejo-figueroa","tag-la-tuta","tag-miguel-angel-osorio-chong","tag-rodrigo-vallejo-mora"],"_links":{"self":[{"href":"https:\/\/www.diarioimagen.net\/index.php?rest_route=\/wp\/v2\/posts\/178240","targetHints":{"allow":["GET"]}}],"collection":[{"href":"https:\/\/www.diarioimagen.net\/index.php?rest_route=\/wp\/v2\/posts"}],"about":[{"href":"https:\/\/www.diarioimagen.net\/index.php?rest_route=\/wp\/v2\/types\/post"}],"author":[{"embeddable":true,"href":"https:\/\/www.diarioimagen.net\/index.php?rest_route=\/wp\/v2\/users\/5"}],"replies":[{"embeddable":true,"href":"https:\/\/www.diarioimagen.net\/index.php?rest_route=%2Fwp%2Fv2%2Fcomments&post=178240"}],"version-history":[{"count":0,"href":"https:\/\/www.diarioimagen.net\/index.php?rest_route=\/wp\/v2\/posts\/178240\/revisions"}],"wp:featuredmedia":[{"embeddable":true,"href":"https:\/\/www.diarioimagen.net\/index.php?rest_route=\/wp\/v2\/media\/178372"}],"wp:attachment":[{"href":"https:\/\/www.diarioimagen.net\/index.php?rest_route=%2Fwp%2Fv2%2Fmedia&parent=178240"}],"wp:term":[{"taxonomy":"category","embeddable":true,"href":"https:\/\/www.diarioimagen.net\/index.php?rest_route=%2Fwp%2Fv2%2Fcategories&post=178240"},{"taxonomy":"post_tag","embeddable":true,"href":"https:\/\/www.diarioimagen.net\/index.php?rest_route=%2Fwp%2Fv2%2Ftags&post=178240"}],"curies":[{"name":"wp","href":"https:\/\/api.w.org\/{rel}","templated":true}]}}