{"id":178310,"date":"2014-06-17T00:02:06","date_gmt":"2014-06-17T05:02:06","guid":{"rendered":"http:\/\/www.diarioimagen.net\/?p=178310"},"modified":"2014-06-17T04:31:12","modified_gmt":"2014-06-17T09:31:12","slug":"los-hijos-incomodos","status":"publish","type":"post","link":"https:\/\/www.diarioimagen.net\/?p=178310","title":{"rendered":"Los hijos inc\u00f3modos"},"content":{"rendered":"<h2>Acta P\u00fablica<\/h2>\n<h5>Claudia Rodr\u00edguez<\/h5>\n<p>&nbsp;<\/p>\n<p>Pareciera que no es noticia el que Rodrigo Vallejo, el hijo menor del a\u00fan gobernador de\u00a0 Michoac\u00e1n, Fausto Vallejo; tuviera al menos una reuni\u00f3n con Servando G\u00f3mez Mart\u00ednez \u00a0\u201cLa Tuta\u201d de Los Caballeros Templarios, de la que existe al menos un testimonio video gr\u00e1fico.<\/p>\n<p>En ning\u00fan \u00e1mbito de gobierno ni federal, ni local se ha dicho nada.\u00a0 El Gerber, como se apoda al hijo en cuesti\u00f3n del gobernador michoacano, tendr\u00eda que presentarse ya a declarar para aclarar, pero en Michoac\u00e1n la situaci\u00f3n sigue sali\u00e9ndose de curso, con todo y la presencia del comisionado para la Seguridad y el Desarrollo de la entidad, Alfredo Castillo.<\/p>\n<p>Ya Fausto Vallejo ha salido a decir con anterioridad que es \u201cmala leche\u201d y nada m\u00e1s, la descalificaci\u00f3n que sobre su familia hacen michoacanos y m\u00e1s, pero que tan no hay nada que averiguar o fincar, que las autoridades no han procedido de ninguna manera en contra de sus cercanos; claro, como no haya sido ya en la persona de Jes\u00fas Reyna, su segundo de abordo en el gobierno estatal durante muchos meses, al grado de llegar a ocupar el mism\u00edsimo cargo de gobernador interino.<\/p>\n<p>En Michoac\u00e1n hay m\u00e1s de lo que s\u00f3lo se ve y se dice.<\/p>\n<p>Mientras tanto, habr\u00eda que investigar sobre las piedras que suenan en el r\u00edo del comportamiento de los hijos del gobernador Vallejo, de quienes se dice que cuando pap\u00e1 gobernador sale de la entidad \u2014 sobre todo por asuntos m\u00e9dicos en torno a su salud ya visiblemente muy dereriorada\u2014, Rodrigo, el chico \u00a0y Fausto, \u00a0el grande; realizan en el mismo palacio de gobierno estatal, mega reuniones con mega excesos, pagados: \u00bfDe d\u00f3nde? \u00bfCon qu\u00e9?<\/p>\n<p>No es la primera vez que a los descendientes de Vallejo se les vincula con el crimen, con el narco y con las desproporciones.<\/p>\n<p>Una vez que su padre gan\u00f3 la gubernatura de Michoac\u00e1n a la panista y hermana de Felipe Calder\u00f3n, Mar\u00eda Luisa Calder\u00f3n \u201cCocoa\u201d, esta fue la primera en se\u00f1alar las relaciones criminales de Rodrigo, hijo menor de Fausto Vallejo, pero nunca lo hizo ante instancias legales, s\u00f3lo ante los medios de comunicaci\u00f3n.<\/p>\n<p>La respuesta de Vallejo gobernador, fue que la \u201cCocoa\u201d estaba enferma \u2013como de la cabeza quiso decir\u2014 y que ni ella, ni su hermano Felipe hab\u00edan superado la derrota en Michoac\u00e1n.<\/p>\n<p>Valdr\u00e1 la pena dar seguimiento a este escenario que se avecina para el a\u00fan gobernador michoacano, quien si bien no se ha querido descartar de su encargo con todo y la fragilidad de su salud, tal vez sus hijos \u201cs\u00ed pasen a retirarlo\u201d.<\/p>\n<p><strong><em>Acta Divina\u2026<\/em><\/strong>El gobernador de Michoac\u00e1n, Fausto Vallejo Figueroa asegur\u00f3 que uno de sus dos hijos fue \u2018levantado\u2019 por miembros del crimen organizado cuando \u00e9l se ausent\u00f3 de su cargo, debido a la intervenci\u00f3n quir\u00fargica que se le realiz\u00f3 en 2013, as\u00ed mismo confes\u00f3 que tanto \u00e9l como sus dos v\u00e1stagos han sido amenazados de muerte.<\/p>\n<p><strong><em>Para advertir\u2026<\/em><\/strong>\u00a0 Cuando los hijos se vuelven inc\u00f3modos.<\/p>\n<p><em><a href=\"mailto:actapublica@gmail.com\" target=\"_blank\">actapublica@gmail.com<\/a><\/em><\/p>\n","protected":false},"excerpt":{"rendered":"<p><span style=\"color: #005497;\"><strong>Claudia Rodr\u00edguez<\/strong><\/span><\/p>\n","protected":false},"author":3,"featured_media":0,"comment_status":"open","ping_status":"open","sticky":false,"template":"","format":"standard","meta":{"_monsterinsights_skip_tracking":false,"_monsterinsights_sitenote_active":false,"_monsterinsights_sitenote_note":"","_monsterinsights_sitenote_category":0,"footnotes":""},"categories":[1281],"tags":[10324,43674,33352],"class_list":["post-178310","post","type-post","status-publish","format-standard","hentry","category-claudia-rodriguez","tag-la-tuta","tag-opinion","tag-rodrigo-vallejo-mora"],"_links":{"self":[{"href":"https:\/\/www.diarioimagen.net\/index.php?rest_route=\/wp\/v2\/posts\/178310","targetHints":{"allow":["GET"]}}],"collection":[{"href":"https:\/\/www.diarioimagen.net\/index.php?rest_route=\/wp\/v2\/posts"}],"about":[{"href":"https:\/\/www.diarioimagen.net\/index.php?rest_route=\/wp\/v2\/types\/post"}],"author":[{"embeddable":true,"href":"https:\/\/www.diarioimagen.net\/index.php?rest_route=\/wp\/v2\/users\/3"}],"replies":[{"embeddable":true,"href":"https:\/\/www.diarioimagen.net\/index.php?rest_route=%2Fwp%2Fv2%2Fcomments&post=178310"}],"version-history":[{"count":0,"href":"https:\/\/www.diarioimagen.net\/index.php?rest_route=\/wp\/v2\/posts\/178310\/revisions"}],"wp:attachment":[{"href":"https:\/\/www.diarioimagen.net\/index.php?rest_route=%2Fwp%2Fv2%2Fmedia&parent=178310"}],"wp:term":[{"taxonomy":"category","embeddable":true,"href":"https:\/\/www.diarioimagen.net\/index.php?rest_route=%2Fwp%2Fv2%2Fcategories&post=178310"},{"taxonomy":"post_tag","embeddable":true,"href":"https:\/\/www.diarioimagen.net\/index.php?rest_route=%2Fwp%2Fv2%2Ftags&post=178310"}],"curies":[{"name":"wp","href":"https:\/\/api.w.org\/{rel}","templated":true}]}}