{"id":178312,"date":"2014-06-17T00:01:13","date_gmt":"2014-06-17T05:01:13","guid":{"rendered":"http:\/\/www.diarioimagen.net\/?p=178312"},"modified":"2014-06-17T04:31:16","modified_gmt":"2014-06-17T09:31:16","slug":"apariciones-forzadas","status":"publish","type":"post","link":"https:\/\/www.diarioimagen.net\/?p=178312","title":{"rendered":"\u00bfApariciones forzadas?"},"content":{"rendered":"<h2>Pol\u00edtica Spot<\/h2>\n<h5>Juan Manuel Maga\u00f1a<\/h5>\n<p>&nbsp;<\/p>\n<p>El secretario de Gobernaci\u00f3n, Miguel \u00c1ngel Osorio Chong, sac\u00f3 ayer una nueva cifra de desaparecidos en el pa\u00eds: \u201calrededor de 16 mil\u201d, dijo.<\/p>\n<p>Ante los cuestionamientos del semanario de \u201cThe Economist\u201d sobre la incertidumbre en torno a la cifra de desaparecidos en M\u00e9xico y el m\u00e9todo con el que el gobierno de la Rep\u00fablica calcula estas cifras, el secretario asegur\u00f3 que simplemente se trata de una base de datos que se actualiza d\u00eda con d\u00eda, a la vez que rechaz\u00f3 que exista discrepancia entre los n\u00fameros que manejan las autoridades federales con las locales.<\/p>\n<p>As\u00ed lo trat\u00f3 de explicar: \u201cLa lista original de 27 mil, que solamente se estaba llenando pero no se le daba su revisi\u00f3n y actualizaci\u00f3n. \u00bfPor qu\u00e9 requiere revisi\u00f3n y actualizaci\u00f3n? Porque el ejemplo que le acabo de poner, de la se\u00f1orita que no regres\u00f3 a tiempo a su hogar y fueron a levantar una denuncia, pues resulta que s\u00ed regresa, pero los pap\u00e1s ya no se ocupan de informarlo a la autoridad, se sigui\u00f3 incrementando a partir de 2012, con otro n\u00famero aproximado de 10 mil, 14 mil, y tambi\u00e9n se redujo a 8 mil en la revisi\u00f3n.<\/p>\n<p>El caso es que se redujo en una sola lista que hoy tenemos en alrededor de 16 mil\u201d.<\/p>\n<p>Si usted no lo entendi\u00f3, ac\u00e1 se lo explico. Al inicio de la actual administraci\u00f3n pri\u00edsta, en enero de 2013, L\u00eda Lim\u00f3n, subsecretaria de Derechos Humanos de Segob, confirm\u00f3 que la cifra de desaparecidos, producto del horror que el calderonismo le hizo vivir a este pa\u00eds, era de 26 mil personas. La suma era bastante cre\u00edble, aun cuando para mucho podr\u00eda ser mayor, si se considera el inmenso n\u00famero de muertos de la guerra de Felipe Calder\u00f3n: unos cien mil.<\/p>\n<p>El 20 de mayo, el ombudsman de la Comisi\u00f3n Nacional de Derechos Humanos, Ra\u00fal Plascencia Villanueva, precis\u00f3 otra suma al comparecer ante el Senado: 24 mi 800. La cifra luego cambi\u00f3 a 13 mil cuando el procurador Murillo Karam la dijo, un d\u00eda despu\u00e9s, en una reuni\u00f3n privada con familiares de las v\u00edctimas. Argument\u00f3 que el nuevo dato surgi\u00f3 despu\u00e9s de efectuada \u201cuna depuraci\u00f3n\u201d.<\/p>\n<p>Apenas el pasado 22 de mayo, mientras familiares de v\u00edctimas ped\u00edan en el Senado la creaci\u00f3n de una comisi\u00f3n especial para los desaparecidos, el propio Osorio Chong explic\u00f3 durante su comparecencia ante las Comisiones de Gobernaci\u00f3n y de Seguridad P\u00fablica que tras realizar una depuraci\u00f3n de los datos, la cifra disminuy\u00f3 a 13 mil, pues se localiz\u00f3 a 14 mil 688 personas vivas y 748 muertas. No obstante, apunt\u00f3, de 2012 a 2014 se reportaron nuevamente 16 mil no localizados, de los cuales se han encontrado 8 mil vivos y 385 muertos, con lo que la cifra era ya de \u00fanicamente 8 mil no localizados.<\/p>\n<p>Son tan s\u00f3lo 8 mil las personas \u201cno localizadas\u201d en nuestro pa\u00eds, subray\u00f3 Osorio, lo cual contrastaba con la cifra de 24 mil 800 presentada por el ombudsman y no se diga con los 26 mil de la subsecretar\u00eda L\u00eda Lim\u00f3n. Osorio incluso detall\u00f3 que de 2006 a 2012 se registraron casi 27 mil personas no localizadas. Es decir, se refiri\u00f3 a las cifras que seguramente a Calder\u00f3n se le antoj\u00f3 dejar al siguiente gobierno. Y n\u00f3tese que aqu\u00ed hay mil desaparecidos m\u00e1s sobre la cifra de L\u00eda Lim\u00f3n.<\/p>\n<p>En la entrega de ayer habl\u00e1bamos de que en febrero de 2013 fue Osorio Chong el que habl\u00f3 de 70 mil muertos en la guerra de Calder\u00f3n. S\u00f3lo esos, dijo, porque no existe la suficiente informaci\u00f3n sobre el tema debido a que la anterior administraci\u00f3n dej\u00f3 de hacer \u201cun conteo oficial\u201d, lo que tambi\u00e9n dificulta dar una cifra exacta no s\u00f3lo sobre muertos sino tambi\u00e9n sobre desaparecidos.<\/p>\n<p>Hoy niega la cifra que \u00e9l mismo dio hace un mes y arriesga el monto de 16 mil desaparecidos. Pero digamos que no el secretario, sino el gobierno da la impresi\u00f3n de no tener claro lo que afirma.<\/p>\n<p>Decir que estos datos tienen sustento porque se lograron con una llamada telef\u00f3nica o acudiendo a los domicilios de las personas reportadas o dando seguimiento a una denuncia que en muchos casos se trat\u00f3 de personas que se escaparon con el novio, que se fueron a trabajar a los Estados Unidos o de conflictos matrimoniales en los que se abandon\u00f3 el hogar, es como querer banalizar y hasta querer hacer f\u00e1cil la aparici\u00f3n de desaparecidos.<\/p>\n<p>Ya se ha dicho que en miles de madres que a\u00fan buscan a sus hijos, la danza de las cifras que se trae la autoridad parece m\u00e1s un intento por disminuir el tama\u00f1o real y el impacto del problema.<\/p>\n<p><em><a href=\"mailto:%20maganapalace@yahoo.com.mx\" target=\"_blank\">maganapalace@yahoo.com.mx<\/a><\/em><\/p>\n","protected":false},"excerpt":{"rendered":"<p><span style=\"color: #005497;\"><strong>Juan Manuel Maga\u00f1a<\/strong><\/span><\/p>\n","protected":false},"author":3,"featured_media":0,"comment_status":"open","ping_status":"open","sticky":false,"template":"","format":"standard","meta":{"_monsterinsights_skip_tracking":false,"_monsterinsights_sitenote_active":false,"_monsterinsights_sitenote_note":"","_monsterinsights_sitenote_category":0,"footnotes":""},"categories":[22905],"tags":[43709,3676,22904],"class_list":["post-178312","post","type-post","status-publish","format-standard","hentry","category-juan-manuel-magana","tag-juan-manuel-magana","tag-miguel-angel-osorio-chong","tag-politica-spot"],"_links":{"self":[{"href":"https:\/\/www.diarioimagen.net\/index.php?rest_route=\/wp\/v2\/posts\/178312","targetHints":{"allow":["GET"]}}],"collection":[{"href":"https:\/\/www.diarioimagen.net\/index.php?rest_route=\/wp\/v2\/posts"}],"about":[{"href":"https:\/\/www.diarioimagen.net\/index.php?rest_route=\/wp\/v2\/types\/post"}],"author":[{"embeddable":true,"href":"https:\/\/www.diarioimagen.net\/index.php?rest_route=\/wp\/v2\/users\/3"}],"replies":[{"embeddable":true,"href":"https:\/\/www.diarioimagen.net\/index.php?rest_route=%2Fwp%2Fv2%2Fcomments&post=178312"}],"version-history":[{"count":0,"href":"https:\/\/www.diarioimagen.net\/index.php?rest_route=\/wp\/v2\/posts\/178312\/revisions"}],"wp:attachment":[{"href":"https:\/\/www.diarioimagen.net\/index.php?rest_route=%2Fwp%2Fv2%2Fmedia&parent=178312"}],"wp:term":[{"taxonomy":"category","embeddable":true,"href":"https:\/\/www.diarioimagen.net\/index.php?rest_route=%2Fwp%2Fv2%2Fcategories&post=178312"},{"taxonomy":"post_tag","embeddable":true,"href":"https:\/\/www.diarioimagen.net\/index.php?rest_route=%2Fwp%2Fv2%2Ftags&post=178312"}],"curies":[{"name":"wp","href":"https:\/\/api.w.org\/{rel}","templated":true}]}}