{"id":178323,"date":"2014-06-17T00:03:29","date_gmt":"2014-06-17T05:03:29","guid":{"rendered":"http:\/\/www.diarioimagen.net\/?p=178323"},"modified":"2014-06-17T04:31:22","modified_gmt":"2014-06-17T09:31:22","slug":"tres-anos-de-formula-c-onfidencial","status":"publish","type":"post","link":"https:\/\/www.diarioimagen.net\/?p=178323","title":{"rendered":"Tres a\u00f1os de F\u00f3rmula C onfidencial"},"content":{"rendered":"<h2>Detr\u00e1s del Poder<\/h2>\n<h5>Jos\u00e9 Antonio L\u00f3pez Sosa<\/h5>\n<p>&nbsp;<\/p>\n<p>Hace tres a\u00f1os arrancamos la continuaci\u00f3n de un proyecto que naciera en 2010, un programa radiof\u00f3nico que ha pretendido durante su existencia darle voz a los ciudadanos, aquellos que no tienen cabina por cuestiones de tiempo o espectro en los grandes noticieros nacionales.<\/p>\n<p>F\u00f3rmula Confidencial naci\u00f3 en el seno de Grupo Radio F\u00f3rmula, dirigido por Leopoldo Mend\u00edvil y conducido por \u00e9l mismo y este periodista, con un gran equipo que ha dedicado a fomentar el periodismo ciudadano y la respuesta de las autoridades locales y nacionales ante la problem\u00e1tica cotidiana.<\/p>\n<p>Los fines de semana arrancamos entonces tambi\u00e9n el programa De Viaje en F\u00f3rmula que se ha posicionado dentro del espectro tur\u00edstico del cuadrante nacional.<\/p>\n<p>As\u00ed llegamos a los tres a\u00f1os en este grupo radiof\u00f3nico, contentos e inspirados esperando hacer m\u00e1s por la ciudadan\u00eda, por la libertad de expresi\u00f3n en los medios electr\u00f3nicos y sobre todo, por ser un eje de apoyo de forma positiva con las autoridades.<\/p>\n<p>\u00bfC\u00f3mo se logra esto?, no es lo mismo ser promotor o vocero de un gobierno, cualquiera que este sea, a coadyuvar con ellos se\u00f1alando lo malo y lo bueno, dando a conocer cuando alg\u00fan gobierno responde positivamente al ciudadano y denunciando cuando se calla y no da respuesta.<\/p>\n<p>Evidentemente esto nos ha tra\u00eddo muy buenas y malas relaciones con la gente de la pol\u00edtica, sobre todo en la Ciudad de M\u00e9xico. Delegados que nos tienen \u201cvetados\u201d como el caso de Nora Arias en Gustavo A. Madero y Jorge Romero en Benito Ju\u00e1rez, simplemente porque no les gusta la cr\u00edtica, as\u00ed como delegados que trabajan y responden a sus ciudadanos como V\u00edctor Romo en Miguel Hidalgo.<\/p>\n<p>En fin, nuestro cometido se va cumpliendo, hacer un periodismo distinto, uno para que las cosas se hagan.<\/p>\n<p><em><a href=\"mailto:lopez.sosa@mexico.com\" target=\"_blank\">lopez.sosa@mexico.com<\/a><\/em><br \/>\n<em> <a href=\"http:\/\/twitter.com\/#%21\/joseantonio1977\" target=\"_blank\">@joseantonio1977<br \/>\n<\/a><a href=\"http:\/\/www.formulaconfidencial.com.mx\/\" target=\"_blank\">www.formulaconfidencial.com.mx<\/a><\/em><\/p>\n","protected":false},"excerpt":{"rendered":"<p><span style=\"color: #005497;\"><strong>Jos\u00e9 Antonio L\u00f3pez Sosa<\/strong><\/span><\/p>\n","protected":false},"author":3,"featured_media":0,"comment_status":"open","ping_status":"open","sticky":false,"template":"","format":"standard","meta":{"_monsterinsights_skip_tracking":false,"_monsterinsights_sitenote_active":false,"_monsterinsights_sitenote_note":"","_monsterinsights_sitenote_category":0,"footnotes":""},"categories":[637],"tags":[638,19533,43690,43674],"class_list":["post-178323","post","type-post","status-publish","format-standard","hentry","category-jose-antonio-lopez-sosa","tag-detras-del-poder","tag-grupo-radio-formula","tag-jose-antonio-lopez-sosa","tag-opinion"],"_links":{"self":[{"href":"https:\/\/www.diarioimagen.net\/index.php?rest_route=\/wp\/v2\/posts\/178323","targetHints":{"allow":["GET"]}}],"collection":[{"href":"https:\/\/www.diarioimagen.net\/index.php?rest_route=\/wp\/v2\/posts"}],"about":[{"href":"https:\/\/www.diarioimagen.net\/index.php?rest_route=\/wp\/v2\/types\/post"}],"author":[{"embeddable":true,"href":"https:\/\/www.diarioimagen.net\/index.php?rest_route=\/wp\/v2\/users\/3"}],"replies":[{"embeddable":true,"href":"https:\/\/www.diarioimagen.net\/index.php?rest_route=%2Fwp%2Fv2%2Fcomments&post=178323"}],"version-history":[{"count":0,"href":"https:\/\/www.diarioimagen.net\/index.php?rest_route=\/wp\/v2\/posts\/178323\/revisions"}],"wp:attachment":[{"href":"https:\/\/www.diarioimagen.net\/index.php?rest_route=%2Fwp%2Fv2%2Fmedia&parent=178323"}],"wp:term":[{"taxonomy":"category","embeddable":true,"href":"https:\/\/www.diarioimagen.net\/index.php?rest_route=%2Fwp%2Fv2%2Fcategories&post=178323"},{"taxonomy":"post_tag","embeddable":true,"href":"https:\/\/www.diarioimagen.net\/index.php?rest_route=%2Fwp%2Fv2%2Ftags&post=178323"}],"curies":[{"name":"wp","href":"https:\/\/api.w.org\/{rel}","templated":true}]}}