{"id":178371,"date":"2014-06-17T00:01:13","date_gmt":"2014-06-17T05:01:13","guid":{"rendered":"http:\/\/www.diarioimagen.net\/?p=178371"},"modified":"2014-06-17T06:17:08","modified_gmt":"2014-06-17T11:17:08","slug":"brand-usa-implementa-estrategias-de-promocion-conjuntas-en-mexico-y-centroamerica","status":"publish","type":"post","link":"https:\/\/www.diarioimagen.net\/?p=178371","title":{"rendered":"<em>Brand USA<\/em> implementa estrategias de promoci\u00f3n conjuntas en M\u00e9xico y Centroam\u00e9rica"},"content":{"rendered":"<h2>De cinco estrellas<\/h2>\n<h5>Victoria Gonz\u00e1lez Prado<\/h5>\n<p>&nbsp;<\/p>\n<ul>\n<li><em><strong>Volaris, la segunda aerol\u00ednea m\u00e1s conocida en nuestro pa\u00eds, de acuerdo a los resultados de Consulta Mitofsky<\/strong><\/em><\/li>\n<li><em><strong>El primer Hotel Escuela, fue abierto en Quer\u00e9taro de la mano de Hoteles Misi\u00f3n y la UAQ<\/strong><\/em><\/li>\n<li><em><strong>Se prev\u00e9 que el turismo crezca en el mundo durante los pr\u00f3ximos siete o 10 a\u00f1os: Claudia Ruiz Massieu<\/strong><\/em><\/li>\n<\/ul>\n<div id=\"attachment_178406\" style=\"width: 250px\" class=\"wp-caption alignleft\"><a href=\"http:\/\/www.diarioimagen.net\/wp-content\/uploads\/2014\/06\/turismo-806.jpg\"><img loading=\"lazy\" decoding=\"async\" aria-describedby=\"caption-attachment-178406\" class=\"size-medium wp-image-178406\" src=\"http:\/\/www.diarioimagen.net\/wp-content\/uploads\/2014\/06\/turismo-806-240x135.jpg\" alt=\"Comit\u00e9 Consultivo Brand USA M\u00e9xico.\" width=\"240\" height=\"135\" srcset=\"https:\/\/www.diarioimagen.net\/wp-content\/uploads\/2014\/06\/turismo-806-240x135.jpg 240w, https:\/\/www.diarioimagen.net\/wp-content\/uploads\/2014\/06\/turismo-806-420x236.jpg 420w, https:\/\/www.diarioimagen.net\/wp-content\/uploads\/2014\/06\/turismo-806-235x132.jpg 235w, https:\/\/www.diarioimagen.net\/wp-content\/uploads\/2014\/06\/turismo-806-202x114.jpg 202w, https:\/\/www.diarioimagen.net\/wp-content\/uploads\/2014\/06\/turismo-806-350x196.jpg 350w, https:\/\/www.diarioimagen.net\/wp-content\/uploads\/2014\/06\/turismo-806-220x123.jpg 220w, https:\/\/www.diarioimagen.net\/wp-content\/uploads\/2014\/06\/turismo-806-237x132.jpg 237w, https:\/\/www.diarioimagen.net\/wp-content\/uploads\/2014\/06\/turismo-806.jpg 480w\" sizes=\"auto, (max-width: 240px) 100vw, 240px\" \/><\/a><p id=\"caption-attachment-178406\" class=\"wp-caption-text\">Comit\u00e9 Consultivo Brand USA M\u00e9xico.<\/p><\/div>\n<p><em>Brand USA<\/em> implement\u00f3 actividades cruciales de promoci\u00f3n en la regi\u00f3n y realiz\u00f3 la primera reuni\u00f3n de los Comit\u00e9s Consultivos de M\u00e9xico y Centroam\u00e9rica, integrados por m\u00e1s de 40 socios estrat\u00e9gicos en total que, tienen como finalidad\u00a0\u00a0 desarrollar estrategias de promoci\u00f3n conjuntas, unificar esfuerzos para posicionar a Estados Unidos y captar mayor nivel de turistas.<\/p>\n<p>El primero cont\u00f3 con la presencia de representantes de Arizona, Houston, New York, Miami, New Orleans, Texas, Orlando y Los \u00c1ngeles; adem\u00e1s de la Oficina de Comercio de la Embajada y tour operadores, asociaciones y aerol\u00edneas.<\/p>\n<p>En la reuni\u00f3n <strong>Benjam\u00edn D\u00edaz<\/strong>, director de <em>Brand USA<\/em> M\u00e9xico y Centroam\u00e9rica, explic\u00f3 la estrategia y plan de trabajo que llevar\u00e1 a cabo durante el a\u00f1o, mencion\u00f3 din\u00e1micas de participaci\u00f3n y sent\u00f3 las bases para elaborar proyectos en conjunto. A la reuni\u00f3n de Centro Am\u00e9rica asistieron importantes aliados estrat\u00e9gicos de los pa\u00edses que integran la regi\u00f3n: Costa Rica, Guatemala, El Salvador, Honduras, Nicaragua y Panam\u00e1 y,\u00a0\u00a0 representantes de la Oficina de Comercio de la Embajada. Ah\u00ed, <strong>Benjam\u00edn D\u00edaz<\/strong> y <strong>Marcela Carmona<\/strong>, gerente de <em>Brand USA<\/em> en M\u00e9xico y Centroam\u00e9rica, anunciaron el inicio de las actividades y compartieron su importancia para Estados Unidos en cuesti\u00f3n tur\u00edstica. <strong>D\u00edaz<\/strong> puntualiz\u00f3: \u201cEl n\u00famero de visitantes que provienen de Centroam\u00e9rica est\u00e1 creciendo a\u00f1o con a\u00f1o, tan solo el a\u00f1o pasado viajaron a Estados Unidos m\u00e1s de 800 mil turistas provenientes de la regi\u00f3n, lo que se tradujo en un crecimiento del 4% con respecto a 2012. Si se suman esfuerzos ya realizados de manera individual, el resultado se potencializar\u00e1.\u201d<\/p>\n<p>Como parte de la estrategia de promoci\u00f3n de la marca pa\u00eds<strong>, Alfredo Gonz\u00e1lez<\/strong>, vicepresidente de <em>Brand USA<\/em>, visit\u00f3 el Distrito Federal y particip\u00f3 en el 2\u00b0 Foro Global de la Red del Conocimiento de la Organizaci\u00f3n Mundial del Turismo, Innovaci\u00f3n en el Turismo: Uniendo la teor\u00eda a la pr\u00e1ctica; y el foro de negocios de la industria tur\u00edstica\u00a0<em>#NEXT Travel Trade Exchange <\/em>donde form\u00f3 parte en el panel dedicado a la Alianza Pac\u00edfico, al lado de importantes personalidades de la industria como <strong>Andrea Wolleter<\/strong>, gerente general de Turismo Chile, <strong>Enrique Stellabatti<\/strong>, vicepresidente de Proexport Colombia y <strong>Javier Vega<\/strong>, ex director del Consejo de Promoci\u00f3n Tur\u00edstica de M\u00e9xico (CPTM).<\/p>\n<p>\u201cM\u00e9xico es el segundo pa\u00eds emisor de turistas hacia Estados Unidos \u2013detr\u00e1s de Canad\u00e1\u2013 por esta raz\u00f3n es primordial fortalecer la labor de promoci\u00f3n en este mercado con el apoyo de socios clave en la industria. En 2013, 70 millones de turistas internacionales viajaron a Estados Unidos, lo que represent\u00f3 un aumento de 4,7 millones en comparaci\u00f3n con 2012. M\u00e9xico represent\u00f3 el 20.5%, lo que equivale a poco m\u00e1s 14.3 millones de viajeros mexicanos\u201d, dijo <strong>Alfredo Gonz\u00e1lez<\/strong>.<\/p>\n<p>\u2730\u2730\u2730\u2730\u2730 Volaris, es la segunda aerol\u00ednea m\u00e1s conocida en nuestro pa\u00eds de acuerdo a los resultados de la Encuesta sobre L\u00edneas A\u00e9reas en M\u00e9xico, publicada por Consulta Mitofsky.<\/p>\n<p>Es considerada tambi\u00e9n, entre los usuarios que han viajado una vez al a\u00f1o en avi\u00f3n, como la aerol\u00ednea nacional m\u00e1s puntual y con el mejor servicio.<\/p>\n<p>La encuesta -cuyos datos fueron obtenidos de una muestra mil mexicanos mayores de 18 a\u00f1os con credencial para votar-, se\u00f1ala que el 26% ha viajado al menos una vez al a\u00f1o en avi\u00f3n y de ese porcentaje, el 40.4% considera que Volaris es la aerol\u00ednea m\u00e1s puntual, mientras que el 36.6% considera que tiene el mejor servicio. Un 38.2% del total de los encuestados conoce a Volaris lo que la hace la segunda l\u00ednea a\u00e9rea m\u00e1s conocida en el pa\u00eds. Adem\u00e1s, de las personas que afirman viajar al menos una vez al a\u00f1o en avi\u00f3n, al pregunt\u00e1rseles qu\u00e9 l\u00ednea a\u00e9rea elegir\u00edan para sus pr\u00f3ximos viajes, el 35.9% contest\u00f3 que Volaris por encima del resto de las aerol\u00edneas nacionales.<\/p>\n<p>La aerol\u00ednea se enorgullece de su posici\u00f3n como uno de los competidores m\u00e1s importantes de la industria a\u00e9rea nacional, gracias a su solida estrategia de negocios y presencia de marca. En la p\u00e1gina de consulta Mitofsky puedes ver la encuesta completa.\u00a0\u00a0 <a href=\"http:\/\/www.consulta.mx\/web\/images\/MexicoOpina\/2014\/NA_Lineas%20Aereas%20en%20M%C3%A9xico.pdf\" target=\"_blank\">http:\/\/www.consulta.mx\/web\/images\/MexicoOpina\/2014\/NA_Lineas%20Aereas%20en%20M%C3%A9xico.pdf<\/a><\/p>\n<p>\u2730\u2730\u2730\u2730\u2730 El primer Hotel Escuela en el pa\u00eds, fue abierto en Quer\u00e9taro el estado innovador de la mano de Hoteles Misi\u00f3n y la Universidad Aut\u00f3noma de Quer\u00e9taro (UAQ). Ubicado en Amealco, municipio con mayor desarrollo y que trabaja para convertirse en Pueblo M\u00e1gico.<\/p>\n<p>\u201cEste Hotel Escuela tiene como prop\u00f3sito formar profesionistas exitosos no en un formato acad\u00e9mico si no en interacci\u00f3n con los clientes del mundo real, con un conocimiento pr\u00e1ctico que pueda ser aplicable en su vida futura, entendiendo el perfil y sentido del servicio al cliente como un trabajo de campo emp\u00e1tico\u201d, afirm\u00f3 <strong>Roberto Zapata Llabr\u00e9s<\/strong>, director general de Hoteles Misi\u00f3n y promotor de este nuevo espacio. La propiedad es llamada \u201cHotel Posada Amealco\u201d est\u00e1 en IV Centenario No. 45. Col. Centro, Amealco, Quer\u00e9taro; estar\u00e1 a disposici\u00f3n de todos los estudiantes que quieran hacer uso de esta gran herramienta, no s\u00f3lo en la rama de la hospitalidad, tambi\u00e9n en \u00e1reas como: Ingenier\u00eda, Nutrici\u00f3n, Gastronom\u00eda, entre otras, siendo operado por Hoteles Misi\u00f3n y habilitado para los estudiantes de la UAQ.<\/p>\n<p>El hotel escuela abri\u00f3 en el marco del 4\u00b0 Congreso Internacional de Turismo y Econom\u00eda realizado por la UAQ y brind\u00f3 un programa de actividades a los estudiantes de estas carreras contando con la presencia de maestros de talla internacional. El secretario de Turismo de la entidad, <strong>Mauricio Salm\u00f3n<\/strong>; el presidente municipal de Amealco, <strong>Gilberto Garc\u00eda<\/strong>; el coordinador de la Licenciatura de Negocios Tur\u00edsticos, <strong>Jorge Francisco Barrag\u00e1n<\/strong>; el director general de Hoteles Misi\u00f3n, <strong>Roberto Zapata<\/strong> y el gerente general del Hotel Misi\u00f3n La Muralla, <strong>Miguel Irazaba<\/strong>, inauguraron el inmueble y sumaron sus esfuerzos para contribuir a este gran reto.<\/p>\n<p>\u2730\u2730\u2730\u2730\u2730 Las estimaciones en el mundo se\u00f1alan que el turismo tendr\u00e1 una tendencia de crecimiento sostenido durante los pr\u00f3ximos siete o 10 a\u00f1os, afirm\u00f3 la secretaria de Turismo del gobierno de la Rep\u00fablica, <strong>Claudia Ruiz Massieu<\/strong>, quien recalc\u00f3 que M\u00e9xico debe aprovechar esta ventaja.<\/p>\n<p>Ante miembros del <em>Club Harvard,<\/em> integrado por egresados de esa prestigiada universidad, la titular de la Sectur present\u00f3 la ponencia\u00a0\u00a0Panorama del Turismo en M\u00e9xico, y se\u00f1al\u00f3 que en estos momentos se vive una buena \u00e9poca en la industria tur\u00edstica a nivel mundial, que \u201cest\u00e1 empezando una tendencia de crecimiento\u201d. <strong>Ruiz Massieu<\/strong> expuso tambi\u00e9n que el papel del turismo es clave en la balanza comercial, ya que contribuye, sistem\u00e1ticamente, con un saldo superavitario, y consider\u00f3 que este sector es uno de los principales detonantes de la inversi\u00f3n de capital y desarrollo de infraestructura.<\/p>\n<p>El sector turismo, destac\u00f3, ha mantenido una participaci\u00f3n superior al 8% del total del Producto Interno Bruto (PIB), a\u00fan en periodos de crisis econ\u00f3micas y emergencias sanitarias. En este sentido, resalt\u00f3 el significativo crecimiento que registr\u00f3 la actividad tur\u00edstica en 2013, al superar los niveles hist\u00f3ricos del 2008, que era considerado como el a\u00f1o con el mayor desempe\u00f1o del turismo en M\u00e9xico.<\/p>\n<p>Dijo que seg\u00fan reportes del Consejo Mundial de Viajes y Turismo (WTTC, por sus siglas en ingl\u00e9s), se estima un crecimiento, para este a\u00f1o, del 4.4% en t\u00e9rminos reales del PIB de la industria de viajes y turismo en nuestro pa\u00eds.<\/p>\n<p>Asimismo, el sector tur\u00edstico tendr\u00e1 un incremento del 3.5% ciento en empleos generados. Durante su participaci\u00f3n, la secretaria de Turismo detall\u00f3 que se dise\u00f1\u00f3 un plan de acciones espec\u00edficas contempladas en las 44 Agendas de Competitividad de Destinos Tur\u00edsticos (ACDT) que el presidente <strong>Enrique Pe\u00f1a Nieto<\/strong> entreg\u00f3, el pasado mi\u00e9rcoles, a los mandatarios de las 32 entidades federativas del pa\u00eds. Estas Agendas, expres\u00f3, permitir\u00e1n modernizar y revitalizar los destinos tur\u00edsticos de M\u00e9xico, mediante la diversificaci\u00f3n de la oferta y mejorar la calidad de los servicios en los sitios donde se concentra el 80% de la actividad tur\u00edstica del pa\u00eds.<\/p>\n<p><strong>Ruiz Massieu<\/strong> manifest\u00f3 que las 44 Agendas de Competitividad se fundamentan en cinco l\u00edneas de acci\u00f3n que permitan aumentar la competitividad: diversificaci\u00f3n de la oferta; desarrollo regional; modernizaci\u00f3n; detonante del desarrollo econ\u00f3mico, y\u00a0 consolidaci\u00f3n. La titular de la Sectur tambi\u00e9n se refiri\u00f3 a las acciones que el gobierno de la Republica ha implementado para convertir a nuestro pa\u00eds en un destino de clase mundial, y mencion\u00f3 que el mayor reto fue aumentar la cooperaci\u00f3n interinstitucional que permitiera acuerdos transversales, y ante la ausencia de un mecanismo coordinador de los esfuerzos institucionales, el presidente <strong>Pe\u00f1a Nieto<\/strong> estableci\u00f3 el gabinete tur\u00edstico. \u00c9ste, asever\u00f3, ha sido reconocido por la Organizaci\u00f3n para la Cooperaci\u00f3n y el Desarrollo Econ\u00f3micos (OCDE)\u00a0 como un importante instrumento para la planeaci\u00f3n de pol\u00edticas p\u00fablicas, as\u00ed como para la coordinaci\u00f3n del gobierno, que permitiera la capacidad de administraci\u00f3n y facilitara la implementaci\u00f3n de planes, presupuestos y acciones del sector tur\u00edstico.<\/p>\n<p><strong>Ruiz Massieu<\/strong> expres\u00f3 que para reafirmar el compromiso del Presidente de la Rep\u00fablica con el turismo como actividad prioritaria, se incluy\u00f3 al sector en ejercicios de planeaci\u00f3n estrat\u00e9gica para impulsar el desarrollo econ\u00f3mico y social de nuestro pa\u00eds.<\/p>\n<p><em><i><em><a href=\"mailto:victoriagprado@gmail.com\" target=\"_blank\">victoriagprado@gmail.com<\/a><\/em><\/i><\/em><\/p>\n","protected":false},"excerpt":{"rendered":"<p><em>Brand USA<\/em> implement\u00f3 actividades cruciales de promoci\u00f3n en la regi\u00f3n y realiz\u00f3 la primera reuni\u00f3n de los Comit\u00e9s Consultivos de M\u00e9xico y Centroam\u00e9rica, integrados por m\u00e1s de 40 socios estrat\u00e9gicos en total que, tienen como finalidad  desarrollar estrategias de promoci\u00f3n conjuntas, unificar esfuerzos para posicionar a Estados Unidos y captar mayor nivel de turistas.<\/p>\n","protected":false},"author":3,"featured_media":178406,"comment_status":"open","ping_status":"open","sticky":false,"template":"","format":"standard","meta":{"_monsterinsights_skip_tracking":false,"_monsterinsights_sitenote_active":false,"_monsterinsights_sitenote_note":"","_monsterinsights_sitenote_category":0,"footnotes":""},"categories":[11],"tags":[107,43681,106],"class_list":["post-178371","post","type-post","status-publish","format-standard","has-post-thumbnail","hentry","category-turismo","tag-de-cinco-estrellas","tag-turismo","tag-victoria-gonzalez-prado"],"_links":{"self":[{"href":"https:\/\/www.diarioimagen.net\/index.php?rest_route=\/wp\/v2\/posts\/178371","targetHints":{"allow":["GET"]}}],"collection":[{"href":"https:\/\/www.diarioimagen.net\/index.php?rest_route=\/wp\/v2\/posts"}],"about":[{"href":"https:\/\/www.diarioimagen.net\/index.php?rest_route=\/wp\/v2\/types\/post"}],"author":[{"embeddable":true,"href":"https:\/\/www.diarioimagen.net\/index.php?rest_route=\/wp\/v2\/users\/3"}],"replies":[{"embeddable":true,"href":"https:\/\/www.diarioimagen.net\/index.php?rest_route=%2Fwp%2Fv2%2Fcomments&post=178371"}],"version-history":[{"count":0,"href":"https:\/\/www.diarioimagen.net\/index.php?rest_route=\/wp\/v2\/posts\/178371\/revisions"}],"wp:featuredmedia":[{"embeddable":true,"href":"https:\/\/www.diarioimagen.net\/index.php?rest_route=\/wp\/v2\/media\/178406"}],"wp:attachment":[{"href":"https:\/\/www.diarioimagen.net\/index.php?rest_route=%2Fwp%2Fv2%2Fmedia&parent=178371"}],"wp:term":[{"taxonomy":"category","embeddable":true,"href":"https:\/\/www.diarioimagen.net\/index.php?rest_route=%2Fwp%2Fv2%2Fcategories&post=178371"},{"taxonomy":"post_tag","embeddable":true,"href":"https:\/\/www.diarioimagen.net\/index.php?rest_route=%2Fwp%2Fv2%2Ftags&post=178371"}],"curies":[{"name":"wp","href":"https:\/\/api.w.org\/{rel}","templated":true}]}}