{"id":178395,"date":"2014-06-17T00:09:38","date_gmt":"2014-06-17T05:09:38","guid":{"rendered":"http:\/\/www.diarioimagen.net\/?p=178395"},"modified":"2014-06-18T01:57:15","modified_gmt":"2014-06-18T06:57:15","slug":"cero-impunidad-al-hijo-de-vallejo-osorio-chong","status":"publish","type":"post","link":"https:\/\/www.diarioimagen.net\/?p=178395","title":{"rendered":"Cero impunidad al hijo de Vallejo; Osorio Chong"},"content":{"rendered":"<h2>Tras la puerta del poder<\/h2>\n<h5>Roberto Vizca\u00edno<\/h5>\n<p>&nbsp;<\/p>\n<ul>\n<li><em><strong>De ser cierta, como al parecer lo es, la reuni\u00f3n de El Gerber con La Tuta llevar\u00e1 a la c\u00e1rcel al hijo de Fausto\u00a0<\/strong><\/em><\/li>\n<li><em><strong>Beltrones, con el estilo suave que le caracteriza, revel\u00f3 que los panistas son quienes obstruyen al Congreso<\/strong><\/em><\/li>\n<li><em><strong>\u00a0Marcelo recibi\u00f3 una r\u00e1pida y contundente respuesta de Mancera; ahora a ver c\u00f3mo le va con Pe\u00f1a Nieto\u00a0<\/strong><\/em><\/li>\n<\/ul>\n<div id=\"attachment_178396\" style=\"width: 250px\" class=\"wp-caption alignleft\"><a href=\"http:\/\/www.diarioimagen.net\/wp-content\/uploads\/2014\/06\/ecos-futboleros-LUIS-XAVIER-2378.jpg\"><img loading=\"lazy\" decoding=\"async\" aria-describedby=\"caption-attachment-178396\" class=\"size-medium wp-image-178396\" src=\"http:\/\/www.diarioimagen.net\/wp-content\/uploads\/2014\/06\/ecos-futboleros-LUIS-XAVIER-2378-240x184.jpg\" alt=\"Ecos futboleros... | Luis Xavier\" width=\"240\" height=\"184\" srcset=\"https:\/\/www.diarioimagen.net\/wp-content\/uploads\/2014\/06\/ecos-futboleros-LUIS-XAVIER-2378-240x184.jpg 240w, https:\/\/www.diarioimagen.net\/wp-content\/uploads\/2014\/06\/ecos-futboleros-LUIS-XAVIER-2378-420x323.jpg 420w, https:\/\/www.diarioimagen.net\/wp-content\/uploads\/2014\/06\/ecos-futboleros-LUIS-XAVIER-2378.jpg 700w\" sizes=\"auto, (max-width: 240px) 100vw, 240px\" \/><\/a><p id=\"caption-attachment-178396\" class=\"wp-caption-text\">Ecos futboleros&#8230; | Luis Xavier<\/p><\/div>\n<p style=\"color: #343436;\">El secretario de Gobernaci\u00f3n, <b>Miguel \u00c1ngel Osorio Chong<\/b> revel\u00f3 ayer que la PGR, que encabeza el tambi\u00e9n hidalguense <b>Jes\u00fas Murillo Karam<\/b>, ya realiza una investigaci\u00f3n para determinar si quien aparece en una foto con <b>Servando G\u00f3mez<\/b>, <i>La Tuta<\/i>, y que circula desde el s\u00e1bado en redes sociales es <b>Rodrigo Vallejo Mora<\/b>, hijo del Gobernador de Michoac\u00e1n.<\/p>\n<p style=\"color: #343436;\">\u201cDe ser cierta, habr\u00e1 cero impunidad\u2026\u201d, asegur\u00f3.<\/p>\n<p style=\"color: #343436;\">Pero primero se tiene que determinar que sea cierta, aclar\u00f3, real.<\/p>\n<p style=\"color: #343436;\">\u201cLa PGR ya da seguimiento al caso\u2026\u00a0 y cuando se compruebe un il\u00edcito habr\u00e1 cero impunidad,\u00a0 para quien se le compruebe la comisi\u00f3n de alg\u00fan delito\u2026 por supuesto es que cero impunidad\u201d, insisti\u00f3 el titular de gobernaci\u00f3n.<\/p>\n<p style=\"color: #343436;\">Hace unos d\u00edas, luego de que se habl\u00f3 de que exist\u00eda un video que confirmaba que uno de los hijos del gobernador michoacano <b>Fausto Vallejo<\/b> estaba involucrado con el grupo de <i>Los Caballeros Templarios<\/i>, el mandatario sali\u00f3 a informar a los medios que en 2013 &#8211;no precis\u00f3 ni d\u00eda ni mes&#8211;, uno de sus hijos fue \u201clevantado\u201d por un grupo de delincuentes y luego puesto en libertad.<\/p>\n<p style=\"color: #343436;\">La aclaraci\u00f3n p\u00fablica fue asumida por polit\u00f3logos, analistas, periodistas y pol\u00edticos como una excusa a priori para evitar el encarcelamiento de su hijo.<\/p>\n<p style=\"color: #343436;\">La foto, muy borrosa, presumiblemente obtenida de un video, fue circulada desde la p\u00e1gina de \u201cValor Michoacano\u201d un sitio de Internet utilizado anteriormente por los grupos de autodefensas para evidenciar y denunciar a funcionarios y sus parientes, presumibles c\u00f3mplices de \u201cLos Caballeros Templarios\u201d.<\/p>\n<p style=\"color: #343436;\">En esta aparece <i>La Tuta<\/i>, de pie, y varios sujetos sentados alrededor de una mesa, en un aparente encuentro amistoso. En esta imagen, de frente, se ve a un hombre que afirman es Rodrigo Vallejo Mora, alias <i>El Gerber<\/i>, hijo del gobernador Fausto Vallejo.<\/p>\n<p style=\"color: #343436;\">Los medios comenzaron a fijarse en \u00e9l, luego de que la senadora Luisa Mar\u00eda Calder\u00f3n, <i>La Cocoa<\/i>, hermana del ex presidente Felipe Calder\u00f3n y ex candidata perdedora ante Fausto Vallejo, denunciara que el gobernador hab\u00eda negociado su triunfo con la delincuencia organizada.<\/p>\n<p style=\"color: #343436;\">Hoy finalmente hay una investigaci\u00f3n sobre estos hechos.<\/p>\n<p style=\"color: #343436; text-align: center;\"><b>EL PAN FIJA LOS TIEMPOS<\/b><\/p>\n<p style=\"color: #343436;\">Luego de dejar en claro que los panistas, a causa de sus desacuerdos y disputas internas, son quienes fijan la agenda de extraordinarios de Senadores y Diputados, el coordinador de los diputados del PRI, el sonorense Manlio Fabo Beltrones indic\u00f3 que es casi seguro que este fin de semana se realice el primer extraordinario de este entretiempo legislativo y ser\u00eda para concluir con las secundarias de la reforma pol\u00edtico-electoral y para avanzar en otras m\u00e1s.<\/p>\n<p style=\"color: #343436;\">Entrevistado por el conductor de radio, Ciro G\u00f3mez Leyva, el diputado dijo:<\/p>\n<p style=\"color: #343436;\">\u201cDesde hace unos 15 d\u00edas, los coordinadores parlamentarios en C\u00e1mara de Diputados hemos estado conversando para realizar un periodo extraordinario a fin de hacer los ajustes finales a la Ley Electoral, que operar\u00e1 en los comicios de 2015<\/p>\n<p style=\"color: #343436;\">\u201cY para cumplir tambi\u00e9n con las leyes en materia reglamentaria en Telecomunicaciones, que tenemos pendientes desde el 9 de diciembre pasado.<\/p>\n<p style=\"color: #343436;\">\u201cEn C\u00e1mara de Diputados estamos todos: PAN, PRD, PRI, Partido Verde, PANAL, PT y MC listos para recibir la minuta de C\u00e1mara de Senadores, y concluir lo de Telecomunicaciones.<\/p>\n<p style=\"color: #343436;\">\u201cHa sido ya un largo trecho, mucho tiempo invertido en la negociaci\u00f3n para concluir con las leyes reglamentarias.<\/p>\n<p style=\"color: #343436;\">\u201cYo esperar\u00eda que de una reuni\u00f3n que al parecer tendr\u00e1n ma\u00f1ana (hoy martes) en el Partido Acci\u00f3n Nacional, salga su posici\u00f3n definitiva que nos permita tener dictamen para llevar a cabo el periodo extraordinario jueves y viernes de esta semana.<\/p>\n<p style=\"color: #343436;\">\u201cEst\u00e1 pendiente adem\u00e1s adecuar el Estatuto de Gobierno del Distrito Federal para que la Asamblea pueda reglamentar los cambios electorales establecidos en la reforma constitucional.<\/p>\n<p style=\"color: #343436;\">\u201cMe refiero, por ejemplo, a cambiar la fecha de las elecciones, de julio a junio. De no hacerlo as\u00ed, la Asamblea no tendr\u00eda facultades para realizarlo.<\/p>\n<p style=\"color: #343436;\">\u201cTenemos pendiente tambi\u00e9n cancelar lo de los haberes de retiro que causaron mucha controversia y rechazo entre los ciudadanos\u2026\u201d, enumer\u00f3<\/p>\n<p style=\"color: #343436;\">Y, en cuanto a c\u00f3mo est\u00e1 afectando el trabajo legislativo las disputas y desacuerdos internos del grupo del PAN, explic\u00f3:<\/p>\n<p style=\"color: #343436;\">\u201cAhora, digo &#8211;y eso es una posici\u00f3n m\u00eda&#8211;, si el Partido Acci\u00f3n Nacional quiere unos d\u00edas m\u00e1s, podr\u00edamos llevar a cabo ese periodo extraordinario, si no es el 19 y 20, el 23 y 24, en el entendido de que ya estamos muy cerca de que se termine el mes de junio, y con ello el plazo l\u00edmite, fatal que tenemos para hacer las correcciones en materia electoral.<\/p>\n<p style=\"color: #343436;\">\u201c(Porque) Lo que no se corrija el 30 de junio, no es aplicable en las elecciones del 2015\u201d, indic\u00f3.<\/p>\n<p style=\"color: #343436;\">En este punto se dijo dispuesto a ir a cuantos periodos extraordinarios sean necesarios.<\/p>\n<p style=\"color: #343436;\">\u201cNo podemos pararnos y detener la marcha del pa\u00eds&#8230; En lo electoral ser\u00eda una irresponsabilidad no concluir el d\u00eda el 30 de junio\u201d, dijo en obvia referencia al debate interno de los panistas.<\/p>\n<p style=\"color: #343436;\">El sonorense advirti\u00f3 que en cuanto a las secundarias de la reforma de telecomunicaciones, \u201cya estamos en falta, porque las leyes reglamentarias debieron estar concluidas el 9 de diciembre pasado. No hay ya mayor raz\u00f3n para seguir aplazando el dictamen de leyes reglamentarias en telecomunicaciones\u2026<\/p>\n<p style=\"color: #343436;\">\u201cYo no lo veo. Tenemos ya muchos meses discuti\u00e9ndolas\u2026 donde hay posiciones encontradas, que son muy naturales, es dentro de la fracci\u00f3n parlamentaria del Partido Acci\u00f3n Nacional\u2026 Javier Corral tiene una y Javier Lozano otra. Pero ya es la hora de sacar las conclusiones\u201d, urgi\u00f3.<\/p>\n<p style=\"color: #343436; text-align: center;\"><b>MARCELO PATALEA<\/b><\/p>\n<p style=\"color: #343436;\">Con la soga al cuello, ya sin grandes posibilidades de aspirar en serio a la Presidencia de la Rep\u00fablica en 2018, el exjefe de Gobierno capitalino Marcelo Ebrard sali\u00f3 de su cueva para intentar a trav\u00e9s de los medios de imponerle una agenda pol\u00edtica a su sucesor Miguel \u00c1ngel Mancera.<\/p>\n<p style=\"color: #343436;\">S\u00f3lo que se encontr\u00f3 con un equipo muy probado, y no fue lejos por la respuesta. El asunto es simple, le dijeron: las fallas de origen en la l\u00ednea 12 son t\u00e9cnicas y no pol\u00edticas y por lo tanto un dictamen t\u00e9cnico que estar\u00e1 listo cuando los t\u00e9cnicos lo decidan, sin prisas ni apuros, \u00a0entonces se sabr\u00e1 qui\u00e9n o qui\u00e9nes tienen la responsabilidad de las fallas.<\/p>\n<p style=\"color: #343436;\">Ebrard sali\u00f3 a los medios a exigirle a Mancera a apurar la investigaci\u00f3n y a se\u00f1alar que \u00e9l no ten\u00eda nada que ver con el asunto cuando \u00e9l fue quien orden\u00f3 y defini\u00f3 la construcci\u00f3n y operaci\u00f3n de esa l\u00ednea del Metro.<\/p>\n<p style=\"color: #343436;\">Los t\u00e9cnicos y otros muchos dicen que la falla estuvo en que Marcelo, por querer significarse, hizo que la L\u00ednea 12 fuese diferente del resto del sistema en que opera el Metro capitalino y que lleva decenios de operaci\u00f3n sin tener fallas como las que hicieron parar a la 12.<\/p>\n<p style=\"color: #343436;\">La obviedad indica que los trenes y sus ejes, sus ruedas y largos, no encajan ni son afines a los rieles y sus trazos. Por ah\u00ed hay la versi\u00f3n de que la contrataci\u00f3n de los vagones fue hecha en medio de encuentros finsemanales y fiestas con artistas cubanos &#8211;que actuaban como intermediarios de las empresas contratistas&#8211;, no en mesas de negociaci\u00f3n con t\u00e9cnicos.<\/p>\n<p style=\"color: #343436; text-align: center;\"><b>Y FALTA LO DE LOS \u00a0<\/b><b>MILLONES \u201cPERDIDOS\u201d<\/b><\/p>\n<p style=\"color: #343436;\">El pretendido aspirante a la presidencia del PRD y luego a la candidatura de la Presidencia de la Rep\u00fablica tiene adem\u00e1s pendiente el asunto de los 480 millones de pesos \u201cperdidos\u201d en el curso de la construcci\u00f3n de la l\u00ednea 12.<\/p>\n<p style=\"color: #343436;\">Ese asunto lo tiene que responder Marcelo y su equipo ante las instancias federales, porque esos recursos eran de presupuestos federales.<\/p>\n<p style=\"color: #343436;\">As\u00ed que pues al parecer Marcelo necesita un milagro mayor que el de la selecci\u00f3n mexicana de fut que acude al Mundial. Quiz\u00e1 sea m\u00e1s f\u00e1cil que los de la selecci\u00f3n traigan el campeonato mundial (nada de risas ehh) que Marcelo pueda ser lo que quiere ser.<\/p>\n<p><em><a href=\"mailto:rvizcainoa@gmail.com\">rvizcainoa@gmail.com<\/a><\/em><\/p>\n","protected":false},"excerpt":{"rendered":"<p><span style=\"color: #005497;\"><strong>Roberto Vizca\u00edno<\/strong><\/span><br \/>\n<br \/>\nEl secretario de Gobernaci\u00f3n, Miguel \u00c1ngel Osorio Chong revel\u00f3 ayer que la PGR, que encabeza el tambi\u00e9n hidalguense Jes\u00fas Murillo Karam, ya realiza una investigaci\u00f3n para determinar si quien aparece en una foto con Servando G\u00f3mez, La Tuta, y que circula desde el s\u00e1bado en redes sociales es Rodrigo Vallejo Mora, hijo del Gobernador de Michoac\u00e1n.<\/p>\n","protected":false},"author":1,"featured_media":178396,"comment_status":"open","ping_status":"open","sticky":false,"template":"","format":"standard","meta":{"_monsterinsights_skip_tracking":false,"_monsterinsights_sitenote_active":false,"_monsterinsights_sitenote_note":"","_monsterinsights_sitenote_category":0,"footnotes":""},"categories":[136],"tags":[5428,3676,43674],"class_list":["post-178395","post","type-post","status-publish","format-standard","has-post-thumbnail","hentry","category-roberto-vizcaino-opinion","tag-jesus-murillo-karam","tag-miguel-angel-osorio-chong","tag-opinion"],"_links":{"self":[{"href":"https:\/\/www.diarioimagen.net\/index.php?rest_route=\/wp\/v2\/posts\/178395","targetHints":{"allow":["GET"]}}],"collection":[{"href":"https:\/\/www.diarioimagen.net\/index.php?rest_route=\/wp\/v2\/posts"}],"about":[{"href":"https:\/\/www.diarioimagen.net\/index.php?rest_route=\/wp\/v2\/types\/post"}],"author":[{"embeddable":true,"href":"https:\/\/www.diarioimagen.net\/index.php?rest_route=\/wp\/v2\/users\/1"}],"replies":[{"embeddable":true,"href":"https:\/\/www.diarioimagen.net\/index.php?rest_route=%2Fwp%2Fv2%2Fcomments&post=178395"}],"version-history":[{"count":0,"href":"https:\/\/www.diarioimagen.net\/index.php?rest_route=\/wp\/v2\/posts\/178395\/revisions"}],"wp:featuredmedia":[{"embeddable":true,"href":"https:\/\/www.diarioimagen.net\/index.php?rest_route=\/wp\/v2\/media\/178396"}],"wp:attachment":[{"href":"https:\/\/www.diarioimagen.net\/index.php?rest_route=%2Fwp%2Fv2%2Fmedia&parent=178395"}],"wp:term":[{"taxonomy":"category","embeddable":true,"href":"https:\/\/www.diarioimagen.net\/index.php?rest_route=%2Fwp%2Fv2%2Fcategories&post=178395"},{"taxonomy":"post_tag","embeddable":true,"href":"https:\/\/www.diarioimagen.net\/index.php?rest_route=%2Fwp%2Fv2%2Ftags&post=178395"}],"curies":[{"name":"wp","href":"https:\/\/api.w.org\/{rel}","templated":true}]}}