{"id":178415,"date":"2014-06-17T00:04:08","date_gmt":"2014-06-17T05:04:08","guid":{"rendered":"http:\/\/www.diarioimagen.net\/?p=178415"},"modified":"2014-06-17T06:25:45","modified_gmt":"2014-06-17T11:25:45","slug":"descuartizan-a-lider-municipal-del-pri","status":"publish","type":"post","link":"https:\/\/www.diarioimagen.net\/?p=178415","title":{"rendered":"Descuartizan a l\u00edder municipal del PRI"},"content":{"rendered":"<ul>\n<li><strong><em>Ajuchit\u00e1n del Progreso, Guerrero<\/em><\/strong><\/li>\n<\/ul>\n<div id=\"attachment_178420\" style=\"width: 250px\" class=\"wp-caption alignleft\"><a href=\"http:\/\/www.diarioimagen.net\/wp-content\/uploads\/2014\/06\/seguridad-2379.jpg\"><img loading=\"lazy\" decoding=\"async\" aria-describedby=\"caption-attachment-178420\" class=\"size-medium wp-image-178420\" src=\"http:\/\/www.diarioimagen.net\/wp-content\/uploads\/2014\/06\/seguridad-2379-240x135.jpg\" alt=\"Pese a que sus familiares pagaron el rescate, Carlos Salanueva de la Cruz fue asesinado por sus secuestradores.\" width=\"240\" height=\"135\" srcset=\"https:\/\/www.diarioimagen.net\/wp-content\/uploads\/2014\/06\/seguridad-2379-240x135.jpg 240w, https:\/\/www.diarioimagen.net\/wp-content\/uploads\/2014\/06\/seguridad-2379-420x236.jpg 420w, https:\/\/www.diarioimagen.net\/wp-content\/uploads\/2014\/06\/seguridad-2379-235x132.jpg 235w, https:\/\/www.diarioimagen.net\/wp-content\/uploads\/2014\/06\/seguridad-2379-202x114.jpg 202w, https:\/\/www.diarioimagen.net\/wp-content\/uploads\/2014\/06\/seguridad-2379-350x196.jpg 350w, https:\/\/www.diarioimagen.net\/wp-content\/uploads\/2014\/06\/seguridad-2379-220x123.jpg 220w, https:\/\/www.diarioimagen.net\/wp-content\/uploads\/2014\/06\/seguridad-2379-237x132.jpg 237w, https:\/\/www.diarioimagen.net\/wp-content\/uploads\/2014\/06\/seguridad-2379.jpg 480w\" sizes=\"auto, (max-width: 240px) 100vw, 240px\" \/><\/a><p id=\"caption-attachment-178420\" class=\"wp-caption-text\">Pese a que sus familiares pagaron el rescate, Carlos Salanueva de la Cruz fue asesinado por sus secuestradores.<\/p><\/div>\n<p><strong>Chilpancingo, Guerrero<\/strong>.- En la comunidad Santa Ana de \u00c1guila, municipio de Ajuchit\u00e1n del Progreso, fue localizado descuartizado el cuerpo del dirigente municipal del Partido Revolucionario Institucional (PRI) en San Miguel Totolapan, Carlos Salanueva de la Cruz, informaron ayer autoridades policiacas.<\/p>\n<p>Los restos del dirigente pri\u00edsta fueron localizados alrededor de las 19:00 horas del domingo y estaban en el interior de una bolsa de pl\u00e1stico color negra, en un paraje solitario en Ajuchitl\u00e1n del Progreso.<\/p>\n<p>Familiares del l\u00edder hab\u00edan pagado a los delincuentes el rescate para que fuera liberado; sin embargo, el pol\u00edtico fue asesinado, dijo el dirigente del PRI en Guerrero, Cuauht\u00e9moc Salgado.<\/p>\n<p>\u201cPidieron rescate estas personas, fue entregada una cantidad m\u00ednima en comparaci\u00f3n con lo que hab\u00edan solicitado en un principio y hasta donde estoy enterado, todo iba bien en la lide Carlos, pero el d\u00eda de ayer nos sorprendi\u00f3 mucho que fue encontrado el cuerpo y sobre todo de esa manera\u201d, explic\u00f3.<\/p>\n<p>El funcionario detall\u00f3 que Salanueva de la Cruz desapareci\u00f3 aproximadamente hace ocho d\u00edas y ayer se dio a conocer \u201cnuestro compa\u00f1ero\u201d fue asesinado de una manera muy violenta.<\/p>\n<p>En entrevista televisiva, dijo que \u201cel choque de grupos delincuenciales ha ocasionado que todos los d\u00edas sucedan hechos lamentables de ese tipo en esta ocasi\u00f3n que cae en una gente priista sana, joven, que hace un par de meses fui a tomarle protesta como dirigente del PRI\u201d.<\/p>\n","protected":false},"excerpt":{"rendered":"<p>En la comunidad Santa Ana de \u00c1guila, municipio de Ajuchit\u00e1n del Progreso, fue localizado descuartizado el cuerpo del dirigente municipal del Partido Revolucionario Institucional (PRI) en San Miguel Totolapan, Carlos Salanueva de la Cruz, informaron ayer autoridades policiacas.<\/p>\n","protected":false},"author":3,"featured_media":178420,"comment_status":"open","ping_status":"open","sticky":false,"template":"","format":"standard","meta":{"_monsterinsights_skip_tracking":false,"_monsterinsights_sitenote_active":false,"_monsterinsights_sitenote_note":"","_monsterinsights_sitenote_category":0,"footnotes":""},"categories":[7],"tags":[8099,10875,3244,19969,362,43677],"class_list":["post-178415","post","type-post","status-publish","format-standard","has-post-thumbnail","hentry","category-seguridad","tag-chilpancingo","tag-descuartizan","tag-guerrero","tag-lider","tag-pri","tag-seguridad"],"_links":{"self":[{"href":"https:\/\/www.diarioimagen.net\/index.php?rest_route=\/wp\/v2\/posts\/178415","targetHints":{"allow":["GET"]}}],"collection":[{"href":"https:\/\/www.diarioimagen.net\/index.php?rest_route=\/wp\/v2\/posts"}],"about":[{"href":"https:\/\/www.diarioimagen.net\/index.php?rest_route=\/wp\/v2\/types\/post"}],"author":[{"embeddable":true,"href":"https:\/\/www.diarioimagen.net\/index.php?rest_route=\/wp\/v2\/users\/3"}],"replies":[{"embeddable":true,"href":"https:\/\/www.diarioimagen.net\/index.php?rest_route=%2Fwp%2Fv2%2Fcomments&post=178415"}],"version-history":[{"count":0,"href":"https:\/\/www.diarioimagen.net\/index.php?rest_route=\/wp\/v2\/posts\/178415\/revisions"}],"wp:featuredmedia":[{"embeddable":true,"href":"https:\/\/www.diarioimagen.net\/index.php?rest_route=\/wp\/v2\/media\/178420"}],"wp:attachment":[{"href":"https:\/\/www.diarioimagen.net\/index.php?rest_route=%2Fwp%2Fv2%2Fmedia&parent=178415"}],"wp:term":[{"taxonomy":"category","embeddable":true,"href":"https:\/\/www.diarioimagen.net\/index.php?rest_route=%2Fwp%2Fv2%2Fcategories&post=178415"},{"taxonomy":"post_tag","embeddable":true,"href":"https:\/\/www.diarioimagen.net\/index.php?rest_route=%2Fwp%2Fv2%2Ftags&post=178415"}],"curies":[{"name":"wp","href":"https:\/\/api.w.org\/{rel}","templated":true}]}}