{"id":178422,"date":"2014-06-17T00:04:23","date_gmt":"2014-06-17T05:04:23","guid":{"rendered":"http:\/\/www.diarioimagen.net\/?p=178422"},"modified":"2014-06-17T06:34:06","modified_gmt":"2014-06-17T11:34:06","slug":"la-atencion-medica-2","status":"publish","type":"post","link":"https:\/\/www.diarioimagen.net\/?p=178422","title":{"rendered":"La atenci\u00f3n m\u00e9dica"},"content":{"rendered":"<h2>Punto por punto<\/h2>\n<h5>Augusto Corro<\/h5>\n<p>&nbsp;<\/p>\n<p>En Oaxaca es nula la atenci\u00f3n m\u00e9dica para los sectores m\u00e1s desprotegidos de la poblaci\u00f3n. Por lo menos trece mujeres parieron en ba\u00f1os o jardines de los hospitales, lejos de la sala de partos.<\/p>\n<p>Lo anterior obedece a una pol\u00edtica de malos tratos y discriminaci\u00f3n vigente que no le interesa erradicar al gobierno oaxaque\u00f1o.<\/p>\n<p>El fin de semana (s\u00e1bado), Juana Garc\u00eda, de 39 a\u00f1os, dio a luz en el ba\u00f1o de un nosocomio, luego de que el encargado del mostrador del \u00e1rea de urgencias le negara el acceso.<\/p>\n<p>Un solo m\u00e9dico para atender a muchos enfermos fue el pretexto del funcionario para no recibir a la parturienta.<\/p>\n<p>-Lleve a caminar a su se\u00f1ora, hay mucha gente \u2013le dijo el encargado del mostrador al alba\u00f1il Abel Torres Garc\u00eda\u2014.<\/p>\n<p>El hecho se registr\u00f3 en Pochutla, queremos pensar que se trata de un pueblo, como muchos de los que hay en Oaxaca, olvidado: sin recursos para la salud.<\/p>\n<p>El propio director del Hospital General de San Pedro Pochutla, V\u00edctor Manuel Vasconcelos Ordaz, se neg\u00f3 a dar una explicaci\u00f3n del por qu\u00e9 Juana no fue atendida en esos momentos cr\u00edticos del parto.<\/p>\n<p>En Oaxaca, trece mujeres han parido en ba\u00f1os o en jardines de los hospitales. \u00bfY los organismos defensores de los derechos humanos? Bien, gracias.<\/p>\n<p style=\"text-align: center;\"><strong>LAS ELECCIONES NAYARITAS<\/strong><\/p>\n<p>El pr\u00f3ximo mes ser\u00e1n elegidos nuevos alcaldes y diputados locales en Nayarit, en medio de un \u00e1mbito r\u00edspido.<\/p>\n<p>Los panistas-perredistas que participar\u00e1n con candidatos comunes solicitan a las autoridades federales que pongan fin a la guerra sucia protagonizada por el gobernador Roberto Sandoval. Los amarillos y azules recurren una vez m\u00e1s a sus viejas ma\u00f1as para enfrentar al mandatario pri\u00edsta.<\/p>\n<p>Por su parte, el gobernador Sandoval declar\u00f3 que habr\u00eda que analizar muy bien a los candidatos perredistas-panistas porque tienen relaciones con el narcotr\u00e1fico.<\/p>\n<p>Esas acusaciones calaron en el \u00e1nimo de los amarrillos-azules y le exigieron una explicaci\u00f3n al mandatario nayarita.<\/p>\n<p>Los dos l\u00edderes nacionales, Gustavo Madero y Jes\u00fas Zambrano, fueron a aquella entidad a entrevistarse con Sandoval. Este no los recibi\u00f3. En su lugar envi\u00f3 al fiscal del Estado y a un batall\u00f3n de polic\u00edas, una tanqueta antidisturbios y un dr\u00f3n a darles la bienvenida a los dirigentes, bajo un intenso sol nayarita.<\/p>\n<p>Por cierto, la campa\u00f1a electoral se vio salpicada por el cinismo de uno de los candidatos a presidente municipal de San Blas, Nayarit.<\/p>\n<p>Hilario Ram\u00edrez, candidato independiente, admiti\u00f3 que en su primera gesti\u00f3n como alcalde rob\u00f3 las arcas p\u00fablicas, \u201cpero que fue poquito porque el municipio es bien pobre\u201d. A esto se le llama cinismo liso y llano.<\/p>\n<p style=\"text-align: center;\"><strong>MALTRATO A ADULTOS MAYORES<\/strong><\/p>\n<p>En el Distrito Federal (DF) alrededor de 50 mil adultos mayores dicen sentirse maltratados por sus parientes o gente con la que tienen una relaci\u00f3n de dependencia.<\/p>\n<p>El tema es importante porque parece que no hay ning\u00fan sector social que se encuentre exento de padecer alguna agresi\u00f3n o mal trato de los seres humanos. Recientemente tratamos el asunto del \u201cbullying\u201d esa terrible pr\u00e1ctica agresiva entre ni\u00f1os y adolescentes que en varias ocasiones termina con la muerte de la v\u00edctima.<\/p>\n<p>Es m\u00e1s que preocupante el n\u00famero elevado de mujeres que son golpeadas y asesinadas por sus parejas.<\/p>\n<p>Se debe incluir el porcentaje de casos relacionados con el maltrato de los ni\u00f1os por parte de los padres y o de los padrastros. Ah\u00ed est\u00e1 por ejemplo la golpiza que recibi\u00f3 el ni\u00f1o Owen que tuvo que ser hospitalizado. A lo anterior se debe a\u00f1adir la conducta criminal de la delincuencia organizada que se encuentra decidida a acabar con sus enemigos con las peores maneras o formas de matar.<\/p>\n<p>\u00bfCu\u00e1ndo empez\u00f3 la descomposici\u00f3n de nuestra sociedad? \u00bfQu\u00e9 es lo que nos ha regresado a pr\u00e1cticas propias del hombre primitivo? \u00bfPor qu\u00e9 esa sa\u00f1a contra los adultos mayores?<\/p>\n<p>Los ancianos se quejan de que son humillados, golpeados hasta sufrir fracturas, privados de su libertad, etc.<\/p>\n<p><strong>UNA CURIOSIDAD<\/strong><\/p>\n<p>Hace varios d\u00edas corri\u00f3 el rumor de que hab\u00eda muerto el capo del narcotr\u00e1fico, Juan Jos\u00e9 Esparragoza Moreno (a) El Azul. Las autoridades manifestaron que no ten\u00edan informaci\u00f3n sobre el mencionado deceso. El hecho qued\u00f3 en la pura especulaci\u00f3n. En Culiac\u00e1n, Sinaloa, familiares y allegados participaron en tres misas para honrar la memoria de \u201cEl Azul\u201d.<\/p>\n<p>De acuerdo con informaciones de la revista Riodoce , Esparragoza Moreno habr\u00eda muerto de un infarto d\u00edas despu\u00e9s de sufrir un accidente en Guadalajara. El gobernador de Sinaloa, Mario L\u00f3pez Vald\u00e9s, dijo que las versiones sobre la muerte del capo eran \u201csolo rumores\u201d.<\/p>\n<p style=\"text-align: center;\"><strong>COSAS DE LA PATADA<\/strong><\/p>\n<p>La ventaja de contar con un crack en el equipo es determinante para obtener el triunfo.<\/p>\n<p>As\u00ed lo demostr\u00f3 Lionel Messi \u201cLa Pulga\u201d en el juego de la Selecci\u00f3n Argentina- Bosnia Herzegovina. Fue una anotaci\u00f3n para terminar 2-1 a favor del conjunto albiceleste.<\/p>\n<p>La demostraci\u00f3n del excelente futbol que practica \u201cLa Pulga\u201d satisfizo las exigencias de los amantes del futbol.<\/p>\n<p><em><a href=\"mailto:aco2742@hotmail.com\" target=\"_blank\">aco2742@hotmail.com<\/a><\/em><\/p>\n","protected":false},"excerpt":{"rendered":"<p><span style=\"color: #005497;\"><strong>Augusto Corro<\/strong><\/span><\/p>\n","protected":false},"author":3,"featured_media":0,"comment_status":"open","ping_status":"open","sticky":false,"template":"","format":"standard","meta":{"_monsterinsights_skip_tracking":false,"_monsterinsights_sitenote_active":false,"_monsterinsights_sitenote_note":"","_monsterinsights_sitenote_category":0,"footnotes":""},"categories":[157],"tags":[43686,43674,11515],"class_list":["post-178422","post","type-post","status-publish","format-standard","hentry","category-augusto-corro","tag-augusto-corro","tag-opinion","tag-punto-por-punto"],"_links":{"self":[{"href":"https:\/\/www.diarioimagen.net\/index.php?rest_route=\/wp\/v2\/posts\/178422","targetHints":{"allow":["GET"]}}],"collection":[{"href":"https:\/\/www.diarioimagen.net\/index.php?rest_route=\/wp\/v2\/posts"}],"about":[{"href":"https:\/\/www.diarioimagen.net\/index.php?rest_route=\/wp\/v2\/types\/post"}],"author":[{"embeddable":true,"href":"https:\/\/www.diarioimagen.net\/index.php?rest_route=\/wp\/v2\/users\/3"}],"replies":[{"embeddable":true,"href":"https:\/\/www.diarioimagen.net\/index.php?rest_route=%2Fwp%2Fv2%2Fcomments&post=178422"}],"version-history":[{"count":0,"href":"https:\/\/www.diarioimagen.net\/index.php?rest_route=\/wp\/v2\/posts\/178422\/revisions"}],"wp:attachment":[{"href":"https:\/\/www.diarioimagen.net\/index.php?rest_route=%2Fwp%2Fv2%2Fmedia&parent=178422"}],"wp:term":[{"taxonomy":"category","embeddable":true,"href":"https:\/\/www.diarioimagen.net\/index.php?rest_route=%2Fwp%2Fv2%2Fcategories&post=178422"},{"taxonomy":"post_tag","embeddable":true,"href":"https:\/\/www.diarioimagen.net\/index.php?rest_route=%2Fwp%2Fv2%2Ftags&post=178422"}],"curies":[{"name":"wp","href":"https:\/\/api.w.org\/{rel}","templated":true}]}}