{"id":179168,"date":"2014-06-24T00:03:43","date_gmt":"2014-06-24T05:03:43","guid":{"rendered":"http:\/\/www.diarioimagen.net\/?p=179168"},"modified":"2014-06-25T03:09:01","modified_gmt":"2014-06-25T08:09:01","slug":"consignan-al-hijo-de-la-tuta-lo-ingresan-al-penal-del-altiplano","status":"publish","type":"post","link":"https:\/\/www.diarioimagen.net\/?p=179168","title":{"rendered":"Hijo de <em>La Tuta<\/em> ingresa al penal del Altiplano"},"content":{"rendered":"<ul>\n<li><em><strong>Huber G\u00f3mez Pati\u00f1o qued\u00f3 a disposici\u00f3n de un juzgado federal en Toluca<\/strong><\/em><\/li>\n<\/ul>\n<div id=\"attachment_179169\" style=\"width: 250px\" class=\"wp-caption alignleft\"><img loading=\"lazy\" decoding=\"async\" aria-describedby=\"caption-attachment-179169\" class=\"wp-image-179169 size-medium\" src=\"http:\/\/www.diarioimagen.net\/wp-content\/uploads\/2014\/06\/HIJO-portal1-240x135.jpg\" alt=\"G\u00f3mez Pati\u00f1o fue detenido el s\u00e1bado por elementos de la Polic\u00eda Federal.\" width=\"240\" height=\"135\" srcset=\"https:\/\/www.diarioimagen.net\/wp-content\/uploads\/2014\/06\/HIJO-portal1-240x135.jpg 240w, https:\/\/www.diarioimagen.net\/wp-content\/uploads\/2014\/06\/HIJO-portal1-420x236.jpg 420w, https:\/\/www.diarioimagen.net\/wp-content\/uploads\/2014\/06\/HIJO-portal1-235x132.jpg 235w, https:\/\/www.diarioimagen.net\/wp-content\/uploads\/2014\/06\/HIJO-portal1-202x114.jpg 202w, https:\/\/www.diarioimagen.net\/wp-content\/uploads\/2014\/06\/HIJO-portal1-350x196.jpg 350w, https:\/\/www.diarioimagen.net\/wp-content\/uploads\/2014\/06\/HIJO-portal1-220x123.jpg 220w, https:\/\/www.diarioimagen.net\/wp-content\/uploads\/2014\/06\/HIJO-portal1-237x132.jpg 237w, https:\/\/www.diarioimagen.net\/wp-content\/uploads\/2014\/06\/HIJO-portal1.jpg 480w\" sizes=\"auto, (max-width: 240px) 100vw, 240px\" \/><p id=\"caption-attachment-179169\" class=\"wp-caption-text\">Huber G\u00f3mez Pati\u00f1o ya se encuentra en el penal del Altiplano acusado de un rosario de delitos, aunque falta probarlos.<\/p><\/div>\n<p>La Procuradur\u00eda General de la Rep\u00fablica intern\u00f3 en el penal de m\u00e1xima seguridad del Altiplano, en el Estado de M\u00e9xico, a Huber G\u00f3mez Pati\u00f1o, hijo de Servando G\u00f3mez Mart\u00ednez,\u00a0<em>La Tuta<\/em>.<\/p>\n<p>El hijo del capo qued\u00f3 a disposici\u00f3n del juzgado Cuarto de Distrito en Materia de Procesos Penales Federales en Toluca, quien en las pr\u00f3ximas horas tomar\u00e1 su declaraci\u00f3n preparatoria para definir su situaci\u00f3n jur\u00eddica.<\/p>\n<p>Se dijo que Huber G\u00f3mez Mart\u00ednez fue ingresado la noche del domingo al centro penitenciario por su probable responsabilidad en los delitos de delincuencia organizada, contra la salud y portaci\u00f3n de arma de fuego de uso exclusivo del Ej\u00e9rcito, Armada o Fuerza A\u00e9rea.<\/p>\n<p>El t\u00e9rmino de tiempo para resolver su situaci\u00f3n jur\u00eddica vence el mi\u00e9rcoles 25 de presente mes, a las 18 horas con 30 minutos. En un comunicado, la Comisi\u00f3n Nacional de Seguridad confirmo que el hijo de La Tuta est\u00e1 acusado de portaci\u00f3n de arma de fuego de uso exclusivo del Ej\u00e9rcito y de posesi\u00f3n de un kilo de crystal (droga sint\u00e9tica).<\/p>\n<p>Tambi\u00e9n se dijo que la hermana de Huber, identificada como Sayonara G\u00f3mez Pati\u00f1o, tambi\u00e9n es buscada por autoridades federales, aunque no se ha mencionado los cargos que se le imputan<\/p>\n<p>En la cuenta de Facebook \u201cValor por Michoac\u00e1n\u201d, integrantes de las llamadas autodefensas destacaron la vida social de G\u00f3mez Pati\u00f1o e incluso publicaron una fotograf\u00eda con la fallecida cantante Jenny Rivera.<\/p>\n","protected":false},"excerpt":{"rendered":"<p>La Procuradur\u00eda General de la Rep\u00fablica intern\u00f3 en el penal de m\u00e1xima seguridad del Altiplano, en el Estado de M\u00e9xico, a Huber G\u00f3mez Pati\u00f1o, hijo de Servando G\u00f3mez Mart\u00ednez, <em>La Tuta<\/em>.<\/p>\n","protected":false},"author":5,"featured_media":179169,"comment_status":"open","ping_status":"open","sticky":false,"template":"","format":"standard","meta":{"_monsterinsights_skip_tracking":false,"_monsterinsights_sitenote_active":false,"_monsterinsights_sitenote_note":"","_monsterinsights_sitenote_category":0,"footnotes":""},"categories":[3],"tags":[4085,33571,10324,43673,29291],"class_list":["post-179168","post","type-post","status-publish","format-standard","has-post-thumbnail","hentry","category-nacional","tag-altiplano","tag-huber-gomez-patino","tag-la-tuta","tag-nacional","tag-servando-gomez-martinez"],"_links":{"self":[{"href":"https:\/\/www.diarioimagen.net\/index.php?rest_route=\/wp\/v2\/posts\/179168","targetHints":{"allow":["GET"]}}],"collection":[{"href":"https:\/\/www.diarioimagen.net\/index.php?rest_route=\/wp\/v2\/posts"}],"about":[{"href":"https:\/\/www.diarioimagen.net\/index.php?rest_route=\/wp\/v2\/types\/post"}],"author":[{"embeddable":true,"href":"https:\/\/www.diarioimagen.net\/index.php?rest_route=\/wp\/v2\/users\/5"}],"replies":[{"embeddable":true,"href":"https:\/\/www.diarioimagen.net\/index.php?rest_route=%2Fwp%2Fv2%2Fcomments&post=179168"}],"version-history":[{"count":0,"href":"https:\/\/www.diarioimagen.net\/index.php?rest_route=\/wp\/v2\/posts\/179168\/revisions"}],"wp:featuredmedia":[{"embeddable":true,"href":"https:\/\/www.diarioimagen.net\/index.php?rest_route=\/wp\/v2\/media\/179169"}],"wp:attachment":[{"href":"https:\/\/www.diarioimagen.net\/index.php?rest_route=%2Fwp%2Fv2%2Fmedia&parent=179168"}],"wp:term":[{"taxonomy":"category","embeddable":true,"href":"https:\/\/www.diarioimagen.net\/index.php?rest_route=%2Fwp%2Fv2%2Fcategories&post=179168"},{"taxonomy":"post_tag","embeddable":true,"href":"https:\/\/www.diarioimagen.net\/index.php?rest_route=%2Fwp%2Fv2%2Ftags&post=179168"}],"curies":[{"name":"wp","href":"https:\/\/api.w.org\/{rel}","templated":true}]}}