{"id":179240,"date":"2014-06-24T00:04:35","date_gmt":"2014-06-24T05:04:35","guid":{"rendered":"http:\/\/www.diarioimagen.net\/?p=179240"},"modified":"2014-06-24T03:18:55","modified_gmt":"2014-06-24T08:18:55","slug":"una-tarea-dificil","status":"publish","type":"post","link":"https:\/\/www.diarioimagen.net\/?p=179240","title":{"rendered":"Una tarea dif\u00edcil"},"content":{"rendered":"<h2>Punto por punto<\/h2>\n<h5>Augusto Corro<\/h5>\n<p>&nbsp;<\/p>\n<p>EL PRI-DF empez\u00f3 la semana con un nuevo l\u00edder: Mauricio L\u00f3pez Vel\u00e1zquez. Este pol\u00edtico sustituye a Cuauht\u00e9moc Guti\u00e9rrez de la Torre, quien fue renunciado por encabezar una red de prostituci\u00f3n.<\/p>\n<p>La situaci\u00f3n jur\u00eddica de Guti\u00e9rrez de la Torre qued\u00f3 en el aire. No se sabe si ser\u00e1 expulsado del partido tricolor o si le buscar\u00e1n salidas legaloides al caso.<\/p>\n<p>El hecho es que a un a\u00f1o de las elecciones intermedias, en el PRI capitalino tendr\u00e1n que trabajar a marchas forzadas si quieren hacer un buen papel en la justa electoral.<\/p>\n<p>El dirigente reci\u00e9n desempacado tiene una tarea dif\u00edcil que deber\u00e1 emprender inmediatamente. En primer lugar, mejorar la imagen del partido. En segundo lugar, buscar la unidad de los pri\u00edstas capitalinos.<\/p>\n<p>La meta del PRI-DF ser\u00e1 la de recuperar el terreno pol\u00edtico que perdi\u00f3 hace varios sexenios, cuando Cuauht\u00e9moc C\u00e1rdenas, el l\u00edder moral del Partido de la Revoluci\u00f3n Democr\u00e1tica (PRD), arrib\u00f3 al poder capitalino.<\/p>\n<p>Desde entonces, el DF se encuentra en manos de los perredistas que acapararon las delegaciones pol\u00edticas, la Asamblea y principalmente, el gobierno capitalino.<\/p>\n<p>El Partido Acci\u00f3n Nacional tiene varios a\u00f1os con su imagen desdibujada en el Distrito Federal: no hace ni sombra. El PRI-DF s\u00ed present\u00f3 una ligera oposici\u00f3n en la lucha por el gobierno de la ciudad de M\u00e9xico.<\/p>\n<p>Las candidatas Beatriz Paredes e Isabel Miranda de Wallace, del PRI y PAN respectivamente, fueron vencidas por Miguel Angel Mancera. El PRD gobierna en la mayor\u00eda de las delegaciones pol\u00edticas ante la nula presencia de alg\u00fan partido pol\u00edtico. Ante ese panorama capitalino, L\u00f3pez Vel\u00e1zquez, el l\u00edder pri\u00edsta, tendr\u00e1 que empezar de cero, sin tardanzas, para lograr resultados positivos en tiempo record, es decir, la m\u00e1quina del PRI capitalino deber\u00e1 funcionar sin obst\u00e1culos para 2015.<\/p>\n<p>El dirigente pri\u00edsta sabe que el PAN no cuenta, sigue sin resolver sus crisis internas, y que Ren\u00e9 Bejarano empez\u00f3 a debilitar al PRD con sus pugnas internas en las delegaciones pol\u00edticas.<\/p>\n<p>Por lo pronto, lo interesante se encuentra en el proyecto del nuevo PRI que desea L\u00f3pez Vel\u00e1zquez para los capitalinos.<\/p>\n<p style=\"text-align: center;\"><strong>Y \u201cLA TUTA\u201d \u00bfCUANDO?<\/strong><\/p>\n<p>La captura de Servando G\u00f3mez Mart\u00ednez (a) \u201cLa Tuta\u201d plantea una inc\u00f3gnita. \u00bfRealmente las autoridades lo quieren detener?<\/p>\n<p>La pregunta es obligada porque ya son varios d\u00edas que le pisan los talones al l\u00edder templario y no lo detienen. \u00bfEsto \u00faltimo a que obedece? \u00bfSer\u00e1 cierto que tiene elementos suficientes en su poder para hundir a los pol\u00edticos que le permitieron crecer al c\u00e1rtel de \u201cLos Caballeros Templarios\u201d?<\/p>\n<p>Porque necesariamente tendr\u00e1 que saberse cu\u00e1l fue la vinculaci\u00f3n del ex gobernador Fausto Vallejo con los \u201ctemplarios\u201d.<\/p>\n<p>O por lo menos conocer en que termin\u00f3 la investigaci\u00f3n de su hijo Rodrigo Vallejo Mora sobre la foto en que este aparece en alg\u00fan convivio con \u201cLa Tuta\u201d. No olvidar que los narcos tuvieron sus momentos de gloria cuando actuaron con la complacencia y complicidad de las autoridades.<\/p>\n<p>\u00bfCon la renuncia de Fausto se baja el tel\u00f3n y se recurre al tradicional borr\u00f3n y cuenta nueva?<\/p>\n<p>El fin de semana, fue detenido Huber G\u00f3mez Pati\u00f1o, de 22 a\u00f1os, hijo de \u201cLa Tuta\u201d. \u00bfSe estrecha el c\u00edrculo del capo? \u00bfLlevar\u00e1 consigo los videos de los pol\u00edticos con quienes comparti\u00f3 el pan y la sal?<\/p>\n<p>Como dijo alguien, la captura de \u201cLa Tuta\u201d ser\u00eda la cereza del pastel en la lucha de las autoridades federales contra la delincuencia organizada en aquel estado golpeado, sin misericordia, por la violencia.<\/p>\n<p style=\"text-align: center;\"><strong>LA MUERTE DE MIGRANTES<\/strong><\/p>\n<p>Decenas de migrantes pierden la vida en el intento de realizar el llamado \u201csue\u00f1o americano\u201d en EU. Mueren en las arenas del desierto y sus cad\u00e1veres, en caso de ser localizados, son enviados a la fosa. En el sur del pa\u00eds vecino, concretamente en Texas, un grupo de investigadores voluntarios descubrieron en fosas comunes en un cementerio restos de migrantes que murieron al cruzar ilegalmente la frontera. Dicho grupo se encuentra integrado por las antrop\u00f3logas Lori Baker, de la Universidad Baylor; y Krista Latham, de la Universidad de Indian\u00e1polis, respectivamente, y estudiantes de ambos centros de estudios, como parte de un esfuerzo para identificar a migrantes que han perdido la vida en la zona cercana a la frontera M\u00e9xico-EU.<\/p>\n<p>En su tarea, los universitarios han encontrado recientemente los restos humanos en bolsas para basura y desechos contaminantes, colocadas en ata\u00fades. En los \u00faltimos d\u00edas se han realizado 52 exhumaciones y los restos humanos son analizados. Durante 2013, los investigadores voluntarios exhumaron, en 2013, un total de 110 restos de personas no identificadas, en fosas comunes del cementerio local. La cifra de migrantes que perecieron en el desierto es mayor y no se sabr\u00e1 con exactitud el n\u00famero de decesos. Se dan casos en que las autoridades contratan los servicios de alguna agencia funeraria para que se encargue de las inhumaciones de los restos de los migrantes, como una acci\u00f3n cotidiana.<\/p>\n<p><em><a href=\"mailto:aco2742@hotmail.com\" target=\"_blank\">aco2742@hotmail.com<\/a><\/em><\/p>\n","protected":false},"excerpt":{"rendered":"<p><span style=\"color: #005497;\"><strong>Augusto Corro<\/strong><\/span><\/p>\n","protected":false},"author":3,"featured_media":0,"comment_status":"open","ping_status":"open","sticky":false,"template":"","format":"standard","meta":{"_monsterinsights_skip_tracking":false,"_monsterinsights_sitenote_active":false,"_monsterinsights_sitenote_note":"","_monsterinsights_sitenote_category":0,"footnotes":""},"categories":[157],"tags":[43686,10324,43674,11515],"class_list":["post-179240","post","type-post","status-publish","format-standard","hentry","category-augusto-corro","tag-augusto-corro","tag-la-tuta","tag-opinion","tag-punto-por-punto"],"_links":{"self":[{"href":"https:\/\/www.diarioimagen.net\/index.php?rest_route=\/wp\/v2\/posts\/179240","targetHints":{"allow":["GET"]}}],"collection":[{"href":"https:\/\/www.diarioimagen.net\/index.php?rest_route=\/wp\/v2\/posts"}],"about":[{"href":"https:\/\/www.diarioimagen.net\/index.php?rest_route=\/wp\/v2\/types\/post"}],"author":[{"embeddable":true,"href":"https:\/\/www.diarioimagen.net\/index.php?rest_route=\/wp\/v2\/users\/3"}],"replies":[{"embeddable":true,"href":"https:\/\/www.diarioimagen.net\/index.php?rest_route=%2Fwp%2Fv2%2Fcomments&post=179240"}],"version-history":[{"count":0,"href":"https:\/\/www.diarioimagen.net\/index.php?rest_route=\/wp\/v2\/posts\/179240\/revisions"}],"wp:attachment":[{"href":"https:\/\/www.diarioimagen.net\/index.php?rest_route=%2Fwp%2Fv2%2Fmedia&parent=179240"}],"wp:term":[{"taxonomy":"category","embeddable":true,"href":"https:\/\/www.diarioimagen.net\/index.php?rest_route=%2Fwp%2Fv2%2Fcategories&post=179240"},{"taxonomy":"post_tag","embeddable":true,"href":"https:\/\/www.diarioimagen.net\/index.php?rest_route=%2Fwp%2Fv2%2Ftags&post=179240"}],"curies":[{"name":"wp","href":"https:\/\/api.w.org\/{rel}","templated":true}]}}