{"id":179300,"date":"2014-06-24T00:08:54","date_gmt":"2014-06-24T05:08:54","guid":{"rendered":"http:\/\/www.diarioimagen.net\/?p=179300"},"modified":"2014-06-24T03:13:39","modified_gmt":"2014-06-24T08:13:39","slug":"desempleo-llega-a-5-en-mayo-dice-inegi","status":"publish","type":"post","link":"https:\/\/www.diarioimagen.net\/?p=179300","title":{"rendered":"Desempleo llega a 5% en mayo, dice INEGI"},"content":{"rendered":"<ul>\n<li><strong><em>En abril fue de 4.9%<\/em><\/strong><\/li>\n<\/ul>\n<div id=\"attachment_60219\" style=\"width: 250px\" class=\"wp-caption alignleft\"><a href=\"http:\/\/www.diarioimagen.net\/wp-content\/uploads\/2011\/07\/desempleo-1649.jpg\"><img loading=\"lazy\" decoding=\"async\" aria-describedby=\"caption-attachment-60219\" class=\"wp-image-60219 size-medium\" src=\"http:\/\/www.diarioimagen.net\/wp-content\/uploads\/2011\/07\/desempleo-1649-300x183.jpg\" alt=\"A nivel nacional, la tasa de desocupaci\u00f3n fue de 4.92 por ciento de Poblaci\u00f3n Econ\u00f3micamente Activa en mayo de 2014.\" width=\"240\" height=\"146\" \/><\/a><p id=\"caption-attachment-60219\" class=\"wp-caption-text\">A nivel nacional, la tasa de desocupaci\u00f3n fue de 4.92 por ciento de Poblaci\u00f3n Econ\u00f3micamente Activa en mayo de 2014.<\/p><\/div>\n<p>El Instituto Nacional de Estad\u00edstica y Geograf\u00eda (INEGI) dio a conocer ayer que durante el mes de mayo la tasa de desocupaci\u00f3n lleg\u00f3 a 5.0 por ciento de la Poblaci\u00f3n Econ\u00f3micamente Activa (PEA), periodo en el que se increment\u00f3 0.10 puntos porcentuales con respecto al mes de abril.<\/p>\n<p>Las cifras ajustadas por estacionalidad revelan que en abril, la tasa de desocupaci\u00f3n hab\u00eda bajado 0.35 puntos porcentuales para ubicarse en 4.9 por ciento.<\/p>\n<p>Aunque la tasa de desempleo en hombres retrocedi\u00f3 13 puntos base a 4.88 por ciento en el quinto mes del a\u00f1o, no alcanz\u00f3 para evitar el aumento en la tasa nacional.<\/p>\n<p>En el caso de las mujeres, la tasa de desocupaci\u00f3n mostr\u00f3 un alza a 5.19 por ciento de la fuerza laboral femenina, luego de reducirse a 4.59 por ciento en abril pasado.<\/p>\n<p>Por su parte, medida con cifras originales, a nivel nacional, la tasa de desocupaci\u00f3n registr\u00f3 una cifra mayor al consenso de 4.78 por ciento de la PEA esperado por los especialistas del mercado.<\/p>\n<p>A nivel nacional, la tasa de desocupaci\u00f3n fue de 4.92 por ciento de Poblaci\u00f3n Econ\u00f3micamente Activa en mayo de 2014, proporci\u00f3n similar a la observada en el mismo mes de 2013, cuando se situ\u00f3 en 4.93 por ciento.<\/p>\n<p>Por sexo, la tasa en los hombres se redujo de 4.93 a 4.77 por ciento entre mayo de 2013 y el mismo mes de 2014, y la de las mujeres pas\u00f3 de 4.93 a 5.17 por ciento en igual lapso.<\/p>\n<p>El indicador de la poblaci\u00f3n subocupada descendi\u00f3 0.35 puntos porcentuales a 8.05 por ciento en mayo del presente a\u00f1o.<\/p>\n<p>La poblaci\u00f3n subocupada es aquella que declar\u00f3 tener necesidad y disponibilidad para trabajar m\u00e1s horas.<\/p>\n<p>Por otro lado, la Tasa de Informalidad Laboral, se situ\u00f3 en 57.21 por ciento de la poblaci\u00f3n ocupada en el quinto mes de este a\u00f1o, en tanto que en igual mes de un a\u00f1o antes se estableci\u00f3 en 59.67 por ciento.<\/p>\n<p>En el mismo sentido, la Tasa de Ocupaci\u00f3n en el Sector Informal, fue de 26.90 por ciento de la poblaci\u00f3n ocupada en mayo contra 28.69 por ciento en el quinto mes del a\u00f1o 2013.<\/p>\n<p>&nbsp;<\/p>\n","protected":false},"excerpt":{"rendered":"<p>El Instituto Nacional de Estad\u00edstica y Geograf\u00eda (INEGI) dio a conocer ayer que durante el mes de mayo la tasa de desocupaci\u00f3n lleg\u00f3 a 5.0 por ciento de la Poblaci\u00f3n Econ\u00f3micamente Activa (PEA), periodo en el que se increment\u00f3 0.10 puntos porcentuales con respecto al mes de abril.<\/p>\n","protected":false},"author":3,"featured_media":0,"comment_status":"open","ping_status":"open","sticky":false,"template":"","format":"standard","meta":{"_monsterinsights_skip_tracking":false,"_monsterinsights_sitenote_active":false,"_monsterinsights_sitenote_note":"","_monsterinsights_sitenote_category":0,"footnotes":""},"categories":[3],"tags":[482,193,2807,43673],"class_list":["post-179300","post","type-post","status-publish","format-standard","hentry","category-nacional","tag-desempleo","tag-inegi","tag-instituto-nacional-de-estadistica-y-geografia","tag-nacional"],"_links":{"self":[{"href":"https:\/\/www.diarioimagen.net\/index.php?rest_route=\/wp\/v2\/posts\/179300","targetHints":{"allow":["GET"]}}],"collection":[{"href":"https:\/\/www.diarioimagen.net\/index.php?rest_route=\/wp\/v2\/posts"}],"about":[{"href":"https:\/\/www.diarioimagen.net\/index.php?rest_route=\/wp\/v2\/types\/post"}],"author":[{"embeddable":true,"href":"https:\/\/www.diarioimagen.net\/index.php?rest_route=\/wp\/v2\/users\/3"}],"replies":[{"embeddable":true,"href":"https:\/\/www.diarioimagen.net\/index.php?rest_route=%2Fwp%2Fv2%2Fcomments&post=179300"}],"version-history":[{"count":0,"href":"https:\/\/www.diarioimagen.net\/index.php?rest_route=\/wp\/v2\/posts\/179300\/revisions"}],"wp:attachment":[{"href":"https:\/\/www.diarioimagen.net\/index.php?rest_route=%2Fwp%2Fv2%2Fmedia&parent=179300"}],"wp:term":[{"taxonomy":"category","embeddable":true,"href":"https:\/\/www.diarioimagen.net\/index.php?rest_route=%2Fwp%2Fv2%2Fcategories&post=179300"},{"taxonomy":"post_tag","embeddable":true,"href":"https:\/\/www.diarioimagen.net\/index.php?rest_route=%2Fwp%2Fv2%2Ftags&post=179300"}],"curies":[{"name":"wp","href":"https:\/\/api.w.org\/{rel}","templated":true}]}}