{"id":179310,"date":"2014-06-24T00:08:05","date_gmt":"2014-06-24T05:08:05","guid":{"rendered":"http:\/\/www.diarioimagen.net\/?p=179310"},"modified":"2014-06-24T03:07:04","modified_gmt":"2014-06-24T08:07:04","slug":"naucalpan-rehabilita-la-estacion-de-bomberos","status":"publish","type":"post","link":"https:\/\/www.diarioimagen.net\/?p=179310","title":{"rendered":"Naucalpan rehabilita la estaci\u00f3n de bomberos"},"content":{"rendered":"<ul>\n<li><strong><em>David S\u00e1nchez la pone en marcha<\/em><\/strong><\/li>\n<\/ul>\n<div id=\"attachment_179322\" style=\"width: 250px\" class=\"wp-caption alignleft\"><a href=\"http:\/\/www.diarioimagen.net\/wp-content\/uploads\/2014\/06\/NAUCALPAN-2384.jpg\"><img loading=\"lazy\" decoding=\"async\" aria-describedby=\"caption-attachment-179322\" class=\"size-medium wp-image-179322\" src=\"http:\/\/www.diarioimagen.net\/wp-content\/uploads\/2014\/06\/NAUCALPAN-2384-240x159.jpg\" alt=\"El alcalde de Naucalpan, David S\u00e1nchez, entreg\u00f3 anteojos a ni\u00f1os de las escuelas primarioas de su demarcaci\u00f3n.\" width=\"240\" height=\"159\" srcset=\"https:\/\/www.diarioimagen.net\/wp-content\/uploads\/2014\/06\/NAUCALPAN-2384-240x159.jpg 240w, https:\/\/www.diarioimagen.net\/wp-content\/uploads\/2014\/06\/NAUCALPAN-2384-420x279.jpg 420w, https:\/\/www.diarioimagen.net\/wp-content\/uploads\/2014\/06\/NAUCALPAN-2384.jpg 700w\" sizes=\"auto, (max-width: 240px) 100vw, 240px\" \/><\/a><p id=\"caption-attachment-179322\" class=\"wp-caption-text\">El alcalde de Naucalpan, David S\u00e1nchez, entreg\u00f3 anteojos a ni\u00f1os de las escuelas primarioas de su demarcaci\u00f3n.<\/p><\/div>\n<p><strong>Naucalpan, Estado de M\u00e9xico<\/strong>.- \u201cHoy venimos a saldar un pendiente hist\u00f3rico con aquellos quienes exponen sus vidas por salvar la de alguien m\u00e1s, por eso, la administraci\u00f3n 2013-2015 est\u00e1 atendiendo un rezago que tenemos con los bomberos naucalpenses\u201d, dijo el presidente municipal David S\u00e1nchez Guevara, al poner en marcha los trabajos de rehabilitaci\u00f3n de la Central de Bomberos y 7 subestaciones en el municipio.<\/p>\n<p>Derivado de las negociaciones emprendidas por S\u00e1nchez Guevara con la constructora encargada de las obras, que fueron suspendidas por falta de pago, hoy se reanudaron los trabajos de construcci\u00f3n de un edificio que fungir\u00e1 como la ampliaci\u00f3n de la estaci\u00f3n Central de Bomberos de Naucalpan, as\u00ed como la rehabilitaci\u00f3n de las 7 subestaciones que hab\u00edan dejado inconclusas administraciones pasadas.<\/p>\n<p>\u201cEs indignante ver las condiciones en que nuestros elementos de la Subdirecci\u00f3n de Protecci\u00f3n Civil y Bomberos han estado trabajando desde hace ya varios a\u00f1os, esa imagen ofende y lastima la sensibilidad de todos los que habitamos este municipio, y no pod\u00edamos quedarnos con los brazos cruzados ante este verdadero insulto a quienes no hacen m\u00e1s que jugarse la vida por salvar la ajena\u201d, declar\u00f3 el S\u00e1nchez Guevara.<\/p>\n","protected":false},"excerpt":{"rendered":"<p>\u201cHoy venimos a saldar un pendiente hist\u00f3rico con aquellos quienes exponen sus vidas por salvar la de alguien m\u00e1s, por eso, la administraci\u00f3n 2013-2015 est\u00e1 atendiendo un rezago que tenemos con los bomberos naucalpenses\u201d, dijo el presidente municipal David S\u00e1nchez Guevara, al poner en marcha los trabajos de rehabilitaci\u00f3n de la Central de Bomberos y 7 subestaciones en el municipio.<\/p>\n","protected":false},"author":3,"featured_media":179322,"comment_status":"open","ping_status":"open","sticky":false,"template":"","format":"standard","meta":{"_monsterinsights_skip_tracking":false,"_monsterinsights_sitenote_active":false,"_monsterinsights_sitenote_note":"","_monsterinsights_sitenote_category":0,"footnotes":""},"categories":[5],"tags":[23597,43675,970],"class_list":["post-179310","post","type-post","status-publish","format-standard","has-post-thumbnail","hentry","category-estado-de-mexico","tag-david-sanchez-guevara","tag-estado-de-mexico","tag-naucalpan"],"_links":{"self":[{"href":"https:\/\/www.diarioimagen.net\/index.php?rest_route=\/wp\/v2\/posts\/179310","targetHints":{"allow":["GET"]}}],"collection":[{"href":"https:\/\/www.diarioimagen.net\/index.php?rest_route=\/wp\/v2\/posts"}],"about":[{"href":"https:\/\/www.diarioimagen.net\/index.php?rest_route=\/wp\/v2\/types\/post"}],"author":[{"embeddable":true,"href":"https:\/\/www.diarioimagen.net\/index.php?rest_route=\/wp\/v2\/users\/3"}],"replies":[{"embeddable":true,"href":"https:\/\/www.diarioimagen.net\/index.php?rest_route=%2Fwp%2Fv2%2Fcomments&post=179310"}],"version-history":[{"count":0,"href":"https:\/\/www.diarioimagen.net\/index.php?rest_route=\/wp\/v2\/posts\/179310\/revisions"}],"wp:featuredmedia":[{"embeddable":true,"href":"https:\/\/www.diarioimagen.net\/index.php?rest_route=\/wp\/v2\/media\/179322"}],"wp:attachment":[{"href":"https:\/\/www.diarioimagen.net\/index.php?rest_route=%2Fwp%2Fv2%2Fmedia&parent=179310"}],"wp:term":[{"taxonomy":"category","embeddable":true,"href":"https:\/\/www.diarioimagen.net\/index.php?rest_route=%2Fwp%2Fv2%2Fcategories&post=179310"},{"taxonomy":"post_tag","embeddable":true,"href":"https:\/\/www.diarioimagen.net\/index.php?rest_route=%2Fwp%2Fv2%2Ftags&post=179310"}],"curies":[{"name":"wp","href":"https:\/\/api.w.org\/{rel}","templated":true}]}}