{"id":179417,"date":"2014-06-25T00:13:34","date_gmt":"2014-06-25T05:13:34","guid":{"rendered":"http:\/\/www.diarioimagen.net\/?p=179417"},"modified":"2014-06-25T00:29:23","modified_gmt":"2014-06-25T05:29:23","slug":"inician-compras-solidarias","status":"publish","type":"post","link":"https:\/\/www.diarioimagen.net\/?p=179417","title":{"rendered":"Inician compras solidarias"},"content":{"rendered":"<h2>Arco Norte<\/h2>\n<h5>Jos\u00e9 Luis Monta\u00f1ez Aguilar<\/h5>\n<p>&nbsp;<\/p>\n<div id=\"attachment_179445\" style=\"width: 430px\" class=\"wp-caption aligncenter\"><a href=\"http:\/\/www.diarioimagen.net\/wp-content\/uploads\/2014\/06\/arco-2385.jpg\"><img loading=\"lazy\" decoding=\"async\" aria-describedby=\"caption-attachment-179445\" class=\"size-large wp-image-179445\" src=\"http:\/\/www.diarioimagen.net\/wp-content\/uploads\/2014\/06\/arco-2385-420x279.jpg\" alt=\"En el Tecnol\u00f3gico de Estudios Superiores de Ecatepec (TESE), el gobernador Eruviel \u00c1vila Villegas puso en operaci\u00f3n el Programa de Compras Solidarias una Nueva Oportunidad para tu Negocio\" width=\"420\" height=\"279\" srcset=\"https:\/\/www.diarioimagen.net\/wp-content\/uploads\/2014\/06\/arco-2385-420x279.jpg 420w, https:\/\/www.diarioimagen.net\/wp-content\/uploads\/2014\/06\/arco-2385-240x159.jpg 240w, https:\/\/www.diarioimagen.net\/wp-content\/uploads\/2014\/06\/arco-2385.jpg 700w\" sizes=\"auto, (max-width: 420px) 100vw, 420px\" \/><\/a><p id=\"caption-attachment-179445\" class=\"wp-caption-text\">En el Tecnol\u00f3gico de Estudios Superiores de Ecatepec (TESE), el gobernador Eruviel \u00c1vila Villegas puso en operaci\u00f3n el Programa de Compras Solidarias una Nueva Oportunidad para tu Negocio<\/p><\/div>\n<p>A partir de este d\u00eda, papeler\u00edas, vendedores de consumibles de c\u00f3mputo, productos de limpieza, quienes ofrezcan mantenimiento preventivo y correctivo de veh\u00edculos, impresos menores, enseres de oficina, entre otras micro y peque\u00f1as empresas mexiquenses podr\u00e1n vender sus bienes y servicios al Gobierno del Estado de M\u00e9xico y recibir su pago en un m\u00e1ximo de cinco d\u00edas h\u00e1biles. Esto a trav\u00e9s del programa de Compras Solidarias, una nueva oportunidad para tu negocio, que puso en operaci\u00f3n el gobernador Eruviel \u00c1vila Villegas, que funcionar\u00e1 mediante un esquema transparente, que fomenta la formalidad y establece sanciones a funcionarios que entorpezcan su operaci\u00f3n. \u201cLes felicito y me felicito porque estamos, juntos, haciendo historia en esta materia. Si seguimos trabajando en equipo, si seguimos trabajando como ayer lo hizo la Selecci\u00f3n Nacional, trabajando en equipo, cada quien haciendo la parte que le corresponde: defensas metiendo goles, delanteros metiendo goles, y todos haciendo su parte, yo estoy cierto que a M\u00e9xico le va a ir todav\u00eda mucho mejor. El presidente Pe\u00f1a Nieto, el gobierno del estado, los gobiernos municipales, los empresarios, la sociedad, mientras sigamos haciendo lo que nos toca, nos ir\u00e1 todav\u00eda mucho mejor\u201d, se\u00f1al\u00f3. En el Tecnol\u00f3gico de Estudios Superiores de Ecatepec, donde puso en marcha este programa, Eruviel \u00c1vila dio a conocer que, en lo que resta del a\u00f1o, se destinar\u00e1n 500 millones de pesos para las adquisiciones, monto que podr\u00eda incrementarse en los pr\u00f3ximos a\u00f1os, y destac\u00f3 que con este esquema se convierten los gastos del gobierno en un medio para activar la econom\u00eda de las comunidades.<\/p>\n<p><em><a href=\"mailto:montanezaguilar@gmail.com\" target=\"_blank\">montanezaguilar@gmail.com<\/a><\/em><\/p>\n","protected":false},"excerpt":{"rendered":"<p><span style=\"color: #005497;\"><strong>Jos\u00e9 Luis Monta\u00f1ez Aguilar<\/strong><\/span><br \/>\n<br \/>\nA partir de este d\u00eda, papeler\u00edas, vendedores de consumibles de c\u00f3mputo, productos de limpieza, quienes ofrezcan mantenimiento preventivo y correctivo de veh\u00edculos, impresos menores, enseres de oficina, entre otras micro y peque\u00f1as empresas mexiquenses podr\u00e1n vender sus bienes y servicios al Gobierno del Estado de M\u00e9xico y recibir su pago en un m\u00e1ximo de cinco d\u00edas h\u00e1biles. <\/p>\n","protected":false},"author":3,"featured_media":179445,"comment_status":"open","ping_status":"open","sticky":false,"template":"","format":"standard","meta":{"_monsterinsights_skip_tracking":false,"_monsterinsights_sitenote_active":false,"_monsterinsights_sitenote_note":"","_monsterinsights_sitenote_category":0,"footnotes":""},"categories":[5],"tags":[13284,5828,43704,43674],"class_list":["post-179417","post","type-post","status-publish","format-standard","has-post-thumbnail","hentry","category-estado-de-mexico","tag-arco-norte","tag-eruviel-avila-villegas","tag-jose-luis-montanez-aguilar","tag-opinion"],"_links":{"self":[{"href":"https:\/\/www.diarioimagen.net\/index.php?rest_route=\/wp\/v2\/posts\/179417","targetHints":{"allow":["GET"]}}],"collection":[{"href":"https:\/\/www.diarioimagen.net\/index.php?rest_route=\/wp\/v2\/posts"}],"about":[{"href":"https:\/\/www.diarioimagen.net\/index.php?rest_route=\/wp\/v2\/types\/post"}],"author":[{"embeddable":true,"href":"https:\/\/www.diarioimagen.net\/index.php?rest_route=\/wp\/v2\/users\/3"}],"replies":[{"embeddable":true,"href":"https:\/\/www.diarioimagen.net\/index.php?rest_route=%2Fwp%2Fv2%2Fcomments&post=179417"}],"version-history":[{"count":0,"href":"https:\/\/www.diarioimagen.net\/index.php?rest_route=\/wp\/v2\/posts\/179417\/revisions"}],"wp:featuredmedia":[{"embeddable":true,"href":"https:\/\/www.diarioimagen.net\/index.php?rest_route=\/wp\/v2\/media\/179445"}],"wp:attachment":[{"href":"https:\/\/www.diarioimagen.net\/index.php?rest_route=%2Fwp%2Fv2%2Fmedia&parent=179417"}],"wp:term":[{"taxonomy":"category","embeddable":true,"href":"https:\/\/www.diarioimagen.net\/index.php?rest_route=%2Fwp%2Fv2%2Fcategories&post=179417"},{"taxonomy":"post_tag","embeddable":true,"href":"https:\/\/www.diarioimagen.net\/index.php?rest_route=%2Fwp%2Fv2%2Ftags&post=179417"}],"curies":[{"name":"wp","href":"https:\/\/api.w.org\/{rel}","templated":true}]}}