{"id":179419,"date":"2014-06-25T00:08:58","date_gmt":"2014-06-25T05:08:58","guid":{"rendered":"http:\/\/www.diarioimagen.net\/?p=179419"},"modified":"2014-06-25T00:30:46","modified_gmt":"2014-06-25T05:30:46","slug":"urge-fortalecer-divulgacion-de-la-ciencia-jorge-padilla","status":"publish","type":"post","link":"https:\/\/www.diarioimagen.net\/?p=179419","title":{"rendered":"Urge fortalecer divulgaci\u00f3n de la ciencia: Jorge Padilla"},"content":{"rendered":"<ul>\n<li><strong><em>Presidente de la SOMEDICyT<\/em><\/strong><\/li>\n<\/ul>\n<div id=\"attachment_179448\" style=\"width: 430px\" class=\"wp-caption aligncenter\"><a href=\"http:\/\/www.diarioimagen.net\/wp-content\/uploads\/2014\/06\/UAEM-2385.jpg\"><img loading=\"lazy\" decoding=\"async\" aria-describedby=\"caption-attachment-179448\" class=\"size-large wp-image-179448\" src=\"http:\/\/www.diarioimagen.net\/wp-content\/uploads\/2014\/06\/UAEM-2385-420x280.jpg\" alt=\"El ciudadano medio\u00a0est\u00e1 alejado del quehacer de los cient\u00edficos y tecn\u00f3logos, es decir, sabe de su importancia, pero no entiende cabalmente a qu\u00e9 se dedican, qu\u00e9 hacen, c\u00f3mo se produce y para qu\u00e9 sirve la investigaci\u00f3n, se\u00f1al\u00f3 en la UAEM, el presidente de la SOMEDICyT, Jorge Padilla Gonz\u00e1lez del Castillo.\" width=\"420\" height=\"280\" srcset=\"https:\/\/www.diarioimagen.net\/wp-content\/uploads\/2014\/06\/UAEM-2385-420x280.jpg 420w, https:\/\/www.diarioimagen.net\/wp-content\/uploads\/2014\/06\/UAEM-2385-240x160.jpg 240w, https:\/\/www.diarioimagen.net\/wp-content\/uploads\/2014\/06\/UAEM-2385.jpg 700w\" sizes=\"auto, (max-width: 420px) 100vw, 420px\" \/><\/a><p id=\"caption-attachment-179448\" class=\"wp-caption-text\">El ciudadano medio\u00a0est\u00e1 alejado del quehacer de los cient\u00edficos y tecn\u00f3logos, es decir, sabe de su importancia, pero no entiende cabalmente a qu\u00e9 se dedican, qu\u00e9 hacen, c\u00f3mo se produce y para qu\u00e9 sirve la investigaci\u00f3n, se\u00f1al\u00f3 en la UAEM, el presidente de la SOMEDICyT, Jorge Padilla Gonz\u00e1lez del Castillo.<\/p><\/div>\n<p><strong>Toluca, Estado de M\u00e9xico<\/strong>.- A pesar de que vivimos en una sociedad cuya forma de vida depende de la ciencia y la tecnolog\u00eda, por ejemplo, para trasladarnos, tener m\u00e1s confort o salud, el ciudadano medio est\u00e1 alejado del quehacer de los cient\u00edficos y tecn\u00f3logos, es decir, sabe de su importancia, pero no entiende cabalmente a qu\u00e9 se dedican, qu\u00e9 hacen, c\u00f3mo se produce y para qu\u00e9 sirve la investigaci\u00f3n.<\/p>\n<p>As\u00ed lo se\u00f1al\u00f3 en la Universidad Aut\u00f3noma del Estado de M\u00e9xico, el presidente de la Sociedad Mexicana para la Divulgaci\u00f3n de la Ciencia y T\u00e9cnica (SOMEDICyT), Jorge Padilla Gonz\u00e1lez del Castillo, al participar en la 5\u00aa Jornada Universitaria de Divulgaci\u00f3n, en el marco de la celebraci\u00f3n del XV Aniversario de la Red de Divulgadores de la Ciencia y la Cultura \u201cJos\u00e9 Antonio Alzate\u201d de la instituci\u00f3n educativa.<\/p>\n<p>En la Sala \u201cBenito Ju\u00e1rez\u201d del Edificio de Rector\u00eda de la UAEM, acompa\u00f1ado por la Secretar\u00eda de Difusi\u00f3n Cultural, Ivett Tinoco Garc\u00eda, y el titular de la Direcci\u00f3n de Desarrollo e Investigaci\u00f3n Cultural, Porfirio Mauricio Guti\u00e9rrez Cort\u00e9s, el conferencista resalt\u00f3 la necesidad de divulgar la ciencia para elevar la cultura cient\u00edfica del ciudadano com\u00fan.<\/p>\n<p>El presidente de la SOMEDICyT, que agrupa a m\u00e1s de 200 divulgadores, entre investigadores, acad\u00e9micos y profesionistas de diferentes \u00e1reas del conocimiento, quienes desde hace 23 a\u00f1os desarrollan trabajo de divulgaci\u00f3n en internet, prensa, televisi\u00f3n, radio, talleres y ferias de ciencia, destac\u00f3 que la divulgaci\u00f3n.<\/p>\n","protected":false},"excerpt":{"rendered":"<p>A pesar de que vivimos en una sociedad cuya forma de vida depende de la ciencia y la tecnolog\u00eda, por ejemplo, para trasladarnos, tener m\u00e1s confort o salud, el ciudadano medio est\u00e1 alejado del quehacer de los cient\u00edficos y tecn\u00f3logos, es decir, sabe de su importancia, pero no entiende cabalmente a qu\u00e9 se dedican, qu\u00e9 hacen, c\u00f3mo se produce y para qu\u00e9 sirve la investigaci\u00f3n.<\/p>\n","protected":false},"author":3,"featured_media":179448,"comment_status":"open","ping_status":"open","sticky":false,"template":"","format":"standard","meta":{"_monsterinsights_skip_tracking":false,"_monsterinsights_sitenote_active":false,"_monsterinsights_sitenote_note":"","_monsterinsights_sitenote_category":0,"footnotes":""},"categories":[5],"tags":[43675,452],"class_list":["post-179419","post","type-post","status-publish","format-standard","has-post-thumbnail","hentry","category-estado-de-mexico","tag-estado-de-mexico","tag-toluca"],"_links":{"self":[{"href":"https:\/\/www.diarioimagen.net\/index.php?rest_route=\/wp\/v2\/posts\/179419","targetHints":{"allow":["GET"]}}],"collection":[{"href":"https:\/\/www.diarioimagen.net\/index.php?rest_route=\/wp\/v2\/posts"}],"about":[{"href":"https:\/\/www.diarioimagen.net\/index.php?rest_route=\/wp\/v2\/types\/post"}],"author":[{"embeddable":true,"href":"https:\/\/www.diarioimagen.net\/index.php?rest_route=\/wp\/v2\/users\/3"}],"replies":[{"embeddable":true,"href":"https:\/\/www.diarioimagen.net\/index.php?rest_route=%2Fwp%2Fv2%2Fcomments&post=179419"}],"version-history":[{"count":0,"href":"https:\/\/www.diarioimagen.net\/index.php?rest_route=\/wp\/v2\/posts\/179419\/revisions"}],"wp:featuredmedia":[{"embeddable":true,"href":"https:\/\/www.diarioimagen.net\/index.php?rest_route=\/wp\/v2\/media\/179448"}],"wp:attachment":[{"href":"https:\/\/www.diarioimagen.net\/index.php?rest_route=%2Fwp%2Fv2%2Fmedia&parent=179419"}],"wp:term":[{"taxonomy":"category","embeddable":true,"href":"https:\/\/www.diarioimagen.net\/index.php?rest_route=%2Fwp%2Fv2%2Fcategories&post=179419"},{"taxonomy":"post_tag","embeddable":true,"href":"https:\/\/www.diarioimagen.net\/index.php?rest_route=%2Fwp%2Fv2%2Ftags&post=179419"}],"curies":[{"name":"wp","href":"https:\/\/api.w.org\/{rel}","templated":true}]}}