{"id":179687,"date":"2014-06-26T00:01:40","date_gmt":"2014-06-26T05:01:40","guid":{"rendered":"http:\/\/www.diarioimagen.net\/?p=179687"},"modified":"2014-06-26T03:17:37","modified_gmt":"2014-06-26T08:17:37","slug":"la-sospecha-sembrada","status":"publish","type":"post","link":"https:\/\/www.diarioimagen.net\/?p=179687","title":{"rendered":"La sospecha sembrada"},"content":{"rendered":"<h2>Pol\u00edtica Spot<\/h2>\n<h5>Juan Manuel Maga\u00f1a<\/h5>\n<p>&nbsp;<\/p>\n<p>El affaire Carpinteyro dur\u00f3 poco, pero fue muy ilustrativo de lo que est\u00e1 pasando -y por pasar- en torno a la definici\u00f3n final que tendr\u00e1 la reforma en telecomunicaciones.<\/p>\n<p>Es sencillamente la guerra, la que libran los monopolios para evitar lo que m\u00e1s han temido en toda su vida que llevan medrando a costa del pa\u00eds: la competencia.<\/p>\n<p>Y este fue el caso en que lograron deshacerse de una legisladora bastante inc\u00f3moda para sus intereses al sembrar mediante una grabaci\u00f3n ilegalmente obtenida la sospecha sobre un posible conflicto de intereses.<\/p>\n<p>A reserva de ir m\u00e1s a fondo sobre el asunto en una siguiente entrega, porque hay mucho m\u00e1s, baste decir que Purificaci\u00f3n Carpinteyro, la aguerrida y pol\u00e9mica diputada perredista, muestra con sus palabras obtenidas fuera de la ley lo delgada y confusa que puede ser la l\u00ednea que separa lo correcto en un legislador de un abierto conflicto de intereses.<\/p>\n<p>Por ahora me queda la impresi\u00f3n de que Carpinteyro, al conversar con el director de Pymes de Movistar, Jos\u00e9 Guti\u00e9rrez Becerril, no hablaba sino de un negocio hipot\u00e9tico a partir de la mentada reforma.<\/p>\n<p>Hablaba de un modelo de negocios que no pasaba de ser teor\u00eda y de un negocio por ahora inexistente. T\u00e9cnicamente, creo yo, no hubo conflicto de intereses, sino acaso una imprudente admisi\u00f3n durante una entrevista posterior, acaso descarada, de que ella no ve\u00eda mal pensar a futuro y beneficiarse de lo que hoy legisla.<\/p>\n<p>Como la l\u00ednea referida es muy confusa, queda entonces la sospecha. Pero lo realmente importante vino despu\u00e9s.<\/p>\n<p>El dirigente del PRD, Jes\u00fas Zambrano Grijalva, solicit\u00f3 a la diputada que se excusara de participar en el proceso de la ley de telecomunicaciones para que queden fuera de toda sospecha relacionada con conflicto de intereses tanto ella, como el PRD y su grupo parlamentario en la C\u00e1mara de Diputados.<\/p>\n<p>Ojo: el PRD hizo bien, ante cualquier sospecha, en no aferrarse en sostener a su diputada. Tambi\u00e9n tuvo el cuidado de no defenestrarla y lo que hizo fue m\u00e1s bien convertir ese affaire en una jugada pol\u00edtica positiva.<\/p>\n<p>Ello, porque al mismo tiempo que apart\u00f3 de la sospecha a su legisladora y la empuj\u00f3 a hacer lo correcto ante la duda, exigi\u00f3 que todos aquellos legisladores claramente identificados con intereses en el sector telecomunicaciones asuman una postura similar, \u201cpues \u2014afirm\u00f3 Zambrano- es evidente que no legislar\u00e1n con la imparcialidad que se requiere\u201d.<\/p>\n<p>Enseguida, el dirigente dijo lo realmente importante en esto: que \u201cson conocidos los v\u00ednculos empresariales del grupo de diputados identificados como la telebancada, pertenecientes al PRI y al Partido Verde, as\u00ed como los del senador Javier Lozano y otros senadores, que son socios o tienen nexos con empresas del ramo\u201d.<\/p>\n<p>Ah\u00ed s\u00ed que hay, y de sobra, los aut\u00e9nticos y, hay que decirlo, c\u00ednicos conflictos de intereses.<\/p>\n<p>El propio Zambrano expuso que aunque \u201ces discutible si hay o no conflicto de intereses en lo manifestado por la diputada Carpinteyro\u201d, este hecho ha introducido la duda sobre su actuaci\u00f3n en las decisiones que habr\u00e1n de tomarse en el \u00e1mbito de las telecomunicaciones en los pr\u00f3ximos d\u00edas.<\/p>\n<p>Por ello, mejor deslindarse de cualquier pretensi\u00f3n de legislar a favor de alg\u00fan inter\u00e9s particular. Por ello, por congruencia y para evitar una desviaci\u00f3n del debate, solicit\u00f3 a la legisladora retirarse de las discusiones en el Congreso.<\/p>\n<p>Impecable. Para lo que viene, quienes est\u00e1n en conflicto de intereses siguen y seguir\u00e1n estando al servicio del monopolio televisivo, porque ya parece que ellos se van a excusar. Y es ah\u00ed donde esta vez el PRD teji\u00f3 fino, por m\u00e1s que Purificaci\u00f3n, en su ofuscaci\u00f3n, no lo entendiera al principio.<\/p>\n<p><em><a href=\"mailto:%20maganapalace@yahoo.com.mx\" target=\"_blank\">maganapalace@yahoo.com.mx<\/a><\/em><\/p>\n","protected":false},"excerpt":{"rendered":"<p><span style=\"color: #005497;\"><strong>Juan Manuel Maga\u00f1a<\/strong><\/span><\/p>\n","protected":false},"author":3,"featured_media":0,"comment_status":"open","ping_status":"open","sticky":false,"template":"","format":"standard","meta":{"_monsterinsights_skip_tracking":false,"_monsterinsights_sitenote_active":false,"_monsterinsights_sitenote_note":"","_monsterinsights_sitenote_category":0,"footnotes":""},"categories":[22905],"tags":[43709,43674,22904,211],"class_list":["post-179687","post","type-post","status-publish","format-standard","hentry","category-juan-manuel-magana","tag-juan-manuel-magana","tag-opinion","tag-politica-spot","tag-prd"],"_links":{"self":[{"href":"https:\/\/www.diarioimagen.net\/index.php?rest_route=\/wp\/v2\/posts\/179687","targetHints":{"allow":["GET"]}}],"collection":[{"href":"https:\/\/www.diarioimagen.net\/index.php?rest_route=\/wp\/v2\/posts"}],"about":[{"href":"https:\/\/www.diarioimagen.net\/index.php?rest_route=\/wp\/v2\/types\/post"}],"author":[{"embeddable":true,"href":"https:\/\/www.diarioimagen.net\/index.php?rest_route=\/wp\/v2\/users\/3"}],"replies":[{"embeddable":true,"href":"https:\/\/www.diarioimagen.net\/index.php?rest_route=%2Fwp%2Fv2%2Fcomments&post=179687"}],"version-history":[{"count":0,"href":"https:\/\/www.diarioimagen.net\/index.php?rest_route=\/wp\/v2\/posts\/179687\/revisions"}],"wp:attachment":[{"href":"https:\/\/www.diarioimagen.net\/index.php?rest_route=%2Fwp%2Fv2%2Fmedia&parent=179687"}],"wp:term":[{"taxonomy":"category","embeddable":true,"href":"https:\/\/www.diarioimagen.net\/index.php?rest_route=%2Fwp%2Fv2%2Fcategories&post=179687"},{"taxonomy":"post_tag","embeddable":true,"href":"https:\/\/www.diarioimagen.net\/index.php?rest_route=%2Fwp%2Fv2%2Ftags&post=179687"}],"curies":[{"name":"wp","href":"https:\/\/api.w.org\/{rel}","templated":true}]}}