{"id":179704,"date":"2014-06-26T12:27:14","date_gmt":"2014-06-26T17:27:14","guid":{"rendered":"http:\/\/www.diarioimagen.net\/?p=179704"},"modified":"2014-06-27T04:09:46","modified_gmt":"2014-06-27T09:09:46","slug":"choque-en-la-autopista-del-sol-deja-al-menos-13-lesionados","status":"publish","type":"post","link":"https:\/\/www.diarioimagen.net\/?p=179704","title":{"rendered":"Choque en la Autopista del Sol deja al menos 13 lesionados"},"content":{"rendered":"<ul>\n<li><em><strong>El accidente ocurri\u00f3 entre un tr\u00e1iler y un autob\u00fas de pasajeros a la altura del kil\u00f3metro 257 con direcci\u00f3n a Acapulco<\/strong><\/em><\/li>\n<\/ul>\n<div id=\"attachment_179705\" style=\"width: 250px\" class=\"wp-caption alignleft\"><img loading=\"lazy\" decoding=\"async\" aria-describedby=\"caption-attachment-179705\" class=\"size-medium wp-image-179705\" src=\"http:\/\/www.diarioimagen.net\/wp-content\/uploads\/2014\/06\/CHOQUE-portal1-240x135.jpg\" alt=\"El accidente ocurri\u00f3 entre un tr\u00e1iler y un autob\u00fas de pasajeros a la altura del kil\u00f3metro 257 con direcci\u00f3n a Acapulco.\" width=\"240\" height=\"135\" srcset=\"https:\/\/www.diarioimagen.net\/wp-content\/uploads\/2014\/06\/CHOQUE-portal1-240x135.jpg 240w, https:\/\/www.diarioimagen.net\/wp-content\/uploads\/2014\/06\/CHOQUE-portal1-420x236.jpg 420w, https:\/\/www.diarioimagen.net\/wp-content\/uploads\/2014\/06\/CHOQUE-portal1-235x132.jpg 235w, https:\/\/www.diarioimagen.net\/wp-content\/uploads\/2014\/06\/CHOQUE-portal1-202x114.jpg 202w, https:\/\/www.diarioimagen.net\/wp-content\/uploads\/2014\/06\/CHOQUE-portal1-350x196.jpg 350w, https:\/\/www.diarioimagen.net\/wp-content\/uploads\/2014\/06\/CHOQUE-portal1-220x123.jpg 220w, https:\/\/www.diarioimagen.net\/wp-content\/uploads\/2014\/06\/CHOQUE-portal1-237x132.jpg 237w, https:\/\/www.diarioimagen.net\/wp-content\/uploads\/2014\/06\/CHOQUE-portal1.jpg 480w\" sizes=\"auto, (max-width: 240px) 100vw, 240px\" \/><p id=\"caption-attachment-179705\" class=\"wp-caption-text\">El accidente ocurri\u00f3 entre un tr\u00e1iler y un autob\u00fas de pasajeros a la altura del kil\u00f3metro 257 con direcci\u00f3n a Acapulco.<\/p><\/div>\n<p>Un choque entre un tr\u00e1iler y un autob\u00fas de pasajeros a la altura del kil\u00f3metro 257 en la Autopista del Sol, dej\u00f3 13 personas lesionadas.<\/p>\n<p>Protecci\u00f3n Civil de Guerrero inform\u00f3 que el choque ocurri\u00f3 en direcci\u00f3n a Acapulco. Qued\u00f3 abierto un carril en la zona del accidente.<\/p>\n<p>Al lugar acudieron elementos de la Cruz Roja, Sedena y Polic\u00eda Federal.<\/p>\n","protected":false},"excerpt":{"rendered":"<p>Un choque entre un tr\u00e1iler y un autob\u00fas de pasajeros a la altura del kil\u00f3metro 257 en la Autopista del Sol, dej\u00f3 13 personas lesionadas.<\/p>\n","protected":false},"author":5,"featured_media":179705,"comment_status":"open","ping_status":"open","sticky":false,"template":"","format":"standard","meta":{"_monsterinsights_skip_tracking":false,"_monsterinsights_sitenote_active":false,"_monsterinsights_sitenote_note":"","_monsterinsights_sitenote_category":0,"footnotes":""},"categories":[7],"tags":[919],"class_list":["post-179704","post","type-post","status-publish","format-standard","has-post-thumbnail","hentry","category-seguridad","tag-cruz-roja"],"_links":{"self":[{"href":"https:\/\/www.diarioimagen.net\/index.php?rest_route=\/wp\/v2\/posts\/179704","targetHints":{"allow":["GET"]}}],"collection":[{"href":"https:\/\/www.diarioimagen.net\/index.php?rest_route=\/wp\/v2\/posts"}],"about":[{"href":"https:\/\/www.diarioimagen.net\/index.php?rest_route=\/wp\/v2\/types\/post"}],"author":[{"embeddable":true,"href":"https:\/\/www.diarioimagen.net\/index.php?rest_route=\/wp\/v2\/users\/5"}],"replies":[{"embeddable":true,"href":"https:\/\/www.diarioimagen.net\/index.php?rest_route=%2Fwp%2Fv2%2Fcomments&post=179704"}],"version-history":[{"count":0,"href":"https:\/\/www.diarioimagen.net\/index.php?rest_route=\/wp\/v2\/posts\/179704\/revisions"}],"wp:featuredmedia":[{"embeddable":true,"href":"https:\/\/www.diarioimagen.net\/index.php?rest_route=\/wp\/v2\/media\/179705"}],"wp:attachment":[{"href":"https:\/\/www.diarioimagen.net\/index.php?rest_route=%2Fwp%2Fv2%2Fmedia&parent=179704"}],"wp:term":[{"taxonomy":"category","embeddable":true,"href":"https:\/\/www.diarioimagen.net\/index.php?rest_route=%2Fwp%2Fv2%2Fcategories&post=179704"},{"taxonomy":"post_tag","embeddable":true,"href":"https:\/\/www.diarioimagen.net\/index.php?rest_route=%2Fwp%2Fv2%2Ftags&post=179704"}],"curies":[{"name":"wp","href":"https:\/\/api.w.org\/{rel}","templated":true}]}}