{"id":179867,"date":"2014-06-27T20:00:37","date_gmt":"2014-06-28T01:00:37","guid":{"rendered":"http:\/\/www.diarioimagen.net\/?p=179867"},"modified":"2014-06-30T02:57:45","modified_gmt":"2014-06-30T07:57:45","slug":"detienen-autoridades-a-jose-manuel-mireles","status":"publish","type":"post","link":"https:\/\/www.diarioimagen.net\/?p=179867","title":{"rendered":"Detienen autoridades a Jos\u00e9 Manuel Mireles"},"content":{"rendered":"<div id=\"attachment_65693\" style=\"width: 250px\" class=\"wp-caption alignleft\"><a href=\"http:\/\/diarioimagenqroo.mx\/noticias\/wp-content\/uploads\/2014\/06\/mireles-detenido.jpg\"><img loading=\"lazy\" decoding=\"async\" aria-describedby=\"caption-attachment-65693\" class=\"size-medium wp-image-65693\" src=\"http:\/\/diarioimagenqroo.mx\/noticias\/wp-content\/uploads\/2014\/06\/mireles-detenido-240x135.jpg\" alt=\"A Mireles se le confisc\u00f3 armamento de uso exclusivo del Ej\u00e9rcito.\" width=\"240\" height=\"135\" \/><\/a><p id=\"caption-attachment-65693\" class=\"wp-caption-text\">A Mireles se le confisc\u00f3 armamento de uso exclusivo del Ej\u00e9rcito.<\/p><\/div>\n<p>Fuerzas federales y estatales de Michoac\u00e1n aseguraron hoy a varias personas por violaci\u00f3n a la Ley Federal de Armas de Fuego, entre ellas a Jos\u00e9 Manuel Mireles, fundador del grupo de autodefensas de Tepalcatepec.<\/p>\n<p>A Mireles le fueron aseguradas armas de uso\u00a0exclusivo\u00a0del Ej\u00e9rcito en un operativo en el que participan las secretar\u00edas de la Defensa Nacional (Sedena), Marina (Semar), Polic\u00eda Federal (PF), as\u00ed como de las secretar\u00edas de Seguridad P\u00fablica (SSP) y la Procuradur\u00eda General de Justicia (PGJ) estatales.<\/p>\n","protected":false},"excerpt":{"rendered":"<p>Fuerzas federales y estatales de Michoac\u00e1n aseguraron hoy a varias personas por violaci\u00f3n a la Ley Federal de Armas de Fuego, entre ellas a Jos\u00e9 Manuel Mireles, fundador del grupo de autodefensas de Tepalcatepec. A Mireles le fueron aseguradas armas de uso\u00a0exclusivo\u00a0del Ej\u00e9rcito en un operativo en el que participan las secretar\u00edas de la Defensa [&hellip;]<\/p>\n","protected":false},"author":1,"featured_media":179868,"comment_status":"open","ping_status":"open","sticky":false,"template":"","format":"standard","meta":{"_monsterinsights_skip_tracking":false,"_monsterinsights_sitenote_active":false,"_monsterinsights_sitenote_note":"","_monsterinsights_sitenote_category":0,"footnotes":""},"categories":[3],"tags":[32717,43673],"class_list":["post-179867","post","type-post","status-publish","format-standard","has-post-thumbnail","hentry","category-nacional","tag-autodefensas-michoacan","tag-nacional"],"_links":{"self":[{"href":"https:\/\/www.diarioimagen.net\/index.php?rest_route=\/wp\/v2\/posts\/179867","targetHints":{"allow":["GET"]}}],"collection":[{"href":"https:\/\/www.diarioimagen.net\/index.php?rest_route=\/wp\/v2\/posts"}],"about":[{"href":"https:\/\/www.diarioimagen.net\/index.php?rest_route=\/wp\/v2\/types\/post"}],"author":[{"embeddable":true,"href":"https:\/\/www.diarioimagen.net\/index.php?rest_route=\/wp\/v2\/users\/1"}],"replies":[{"embeddable":true,"href":"https:\/\/www.diarioimagen.net\/index.php?rest_route=%2Fwp%2Fv2%2Fcomments&post=179867"}],"version-history":[{"count":0,"href":"https:\/\/www.diarioimagen.net\/index.php?rest_route=\/wp\/v2\/posts\/179867\/revisions"}],"wp:featuredmedia":[{"embeddable":true,"href":"https:\/\/www.diarioimagen.net\/index.php?rest_route=\/wp\/v2\/media\/179868"}],"wp:attachment":[{"href":"https:\/\/www.diarioimagen.net\/index.php?rest_route=%2Fwp%2Fv2%2Fmedia&parent=179867"}],"wp:term":[{"taxonomy":"category","embeddable":true,"href":"https:\/\/www.diarioimagen.net\/index.php?rest_route=%2Fwp%2Fv2%2Fcategories&post=179867"},{"taxonomy":"post_tag","embeddable":true,"href":"https:\/\/www.diarioimagen.net\/index.php?rest_route=%2Fwp%2Fv2%2Ftags&post=179867"}],"curies":[{"name":"wp","href":"https:\/\/api.w.org\/{rel}","templated":true}]}}