{"id":179870,"date":"2014-06-27T15:00:10","date_gmt":"2014-06-27T20:00:10","guid":{"rendered":"http:\/\/www.diarioimagen.net\/?p=179870"},"modified":"2014-06-30T02:57:33","modified_gmt":"2014-06-30T07:57:33","slug":"convoca-eruviel-avila-a-disenar-un-programa-estatal-de-derechos-humanos-alineado-a-la-estrategia-nacional-en-la-materia","status":"publish","type":"post","link":"https:\/\/www.diarioimagen.net\/?p=179870","title":{"rendered":"Convoca Eruviel \u00c1vila a dise\u00f1ar un programa estatal de derechos humanos alineado a la estrategia nacional en la materia"},"content":{"rendered":"<ul>\n<li><strong><em>El gobernador inaugur\u00f3 la Jornada Regional sobre Justicia Penal y Derechos Humanos, junto con Ra\u00fal Plascencia Villanueva, presidente de la Comisi\u00f3n Nacional de Derechos Humanos<\/em><\/strong><\/li>\n<li><strong><em>Coment\u00f3 que el operativo Seguridad Mexiquense redujo la incidencia delictiva y las instancias federales, estatales y municipales que lo llevan a cabo, act\u00faan en estricto apego a los derechos humanos<\/em><\/strong><\/li>\n<\/ul>\n<div id=\"attachment_179871\" style=\"width: 250px\" class=\"wp-caption alignleft\"><a href=\"http:\/\/www.diarioimagen.net\/wp-content\/uploads\/2014\/06\/eruviel-plascencia.jpg\"><img loading=\"lazy\" decoding=\"async\" aria-describedby=\"caption-attachment-179871\" class=\"size-medium wp-image-179871\" src=\"http:\/\/www.diarioimagen.net\/wp-content\/uploads\/2014\/06\/eruviel-plascencia-240x135.jpg\" alt=\"Durante la inauguraci\u00f3n de la Jornada Regional sobre Justicia Penal y Derechos Humanos, donde estuvo acompa\u00f1ado por Ra\u00fal Plascencia Villanueva, presidente de la Comisi\u00f3n Nacional de Derechos Humanos, el gobernador Eruviel \u00c1vila Villegas invit\u00f3 a la sociedad civil, as\u00ed como a \u00f3rganos aut\u00f3nomos, acad\u00e9micos, instancias gubernamentales y a los tres poderes p\u00fablicos de la entidad, para trabajar de manera coordinada y en breve presentar un programa estatal de Derechos Humanos, alineado a la estrategia nacional que en esta materia present\u00f3 el presidente de la Rep\u00fablica, Enrique Pe\u00f1a Nieto.\" width=\"240\" height=\"135\" srcset=\"https:\/\/www.diarioimagen.net\/wp-content\/uploads\/2014\/06\/eruviel-plascencia-240x135.jpg 240w, https:\/\/www.diarioimagen.net\/wp-content\/uploads\/2014\/06\/eruviel-plascencia-420x236.jpg 420w, https:\/\/www.diarioimagen.net\/wp-content\/uploads\/2014\/06\/eruviel-plascencia-235x132.jpg 235w, https:\/\/www.diarioimagen.net\/wp-content\/uploads\/2014\/06\/eruviel-plascencia-202x114.jpg 202w, https:\/\/www.diarioimagen.net\/wp-content\/uploads\/2014\/06\/eruviel-plascencia-350x196.jpg 350w, https:\/\/www.diarioimagen.net\/wp-content\/uploads\/2014\/06\/eruviel-plascencia-220x123.jpg 220w, https:\/\/www.diarioimagen.net\/wp-content\/uploads\/2014\/06\/eruviel-plascencia-237x132.jpg 237w, https:\/\/www.diarioimagen.net\/wp-content\/uploads\/2014\/06\/eruviel-plascencia.jpg 480w\" sizes=\"auto, (max-width: 240px) 100vw, 240px\" \/><\/a><p id=\"caption-attachment-179871\" class=\"wp-caption-text\">Durante la inauguraci\u00f3n de la Jornada Regional sobre Justicia Penal y Derechos Humanos, donde estuvo acompa\u00f1ado por Ra\u00fal Plascencia Villanueva, presidente de la Comisi\u00f3n Nacional de Derechos Humanos, el gobernador Eruviel \u00c1vila Villegas invit\u00f3 a la sociedad civil, as\u00ed como a \u00f3rganos aut\u00f3nomos, acad\u00e9micos, instancias gubernamentales y a los tres poderes p\u00fablicos de la entidad, para trabajar de manera coordinada y en breve presentar un programa estatal de Derechos Humanos, alineado a la estrategia nacional que en esta materia present\u00f3 el presidente de la Rep\u00fablica, Enrique Pe\u00f1a Nieto.<\/p><\/div>\n<p><strong>Toluca, Estado de M\u00e9xico.-<\/strong> El gobernador Eruviel \u00c1vila Villegas convoc\u00f3 a la sociedad civil, \u00f3rganos aut\u00f3nomos, acad\u00e9micos, instancias gubernamentales y a los tres poderes p\u00fablicos del Estado de M\u00e9xico, para trabajar de manera coordinada y en breve presentar un programa estatal de Derechos Humanos, alineado a la estrategia nacional que en esta materia present\u00f3 recientemente el presidente de la Rep\u00fablica, Enrique Pe\u00f1a Nieto.<\/p>\n<p>\u201cM\u00e9xico y el Estado de M\u00e9xico estamos avanzado en el camino correcto a favor de los derechos y libertades esenciales de las personas. \u2028A\u00fan hay trecho por recorrer, hay que reconocerlo, es un proceso en el que la colaboraci\u00f3n de los \u00f3rdenes y niveles de gobierno, las organizaciones de la sociedad civil, y las instituciones educativas deben estar presentes.\u2028 Hoy los invito para que sigamos trabajando en la promoci\u00f3n, en el respeto y en el cumplimiento de los derechos humanos. Todos, los gobiernos, la sociedad civil, estamos llamados para aportar lo que nos corresponde\u201d, se\u00f1al\u00f3.<\/p>\n<p>Al inaugurar la Jornada Regional sobre Justicia Penal y Derechos Humanos, donde estuvo presente Ra\u00fal Plascencia Villanueva, presidente de la Comisi\u00f3n Nacional de Derechos Humanos (CNDH), Eruviel \u00c1vila refrend\u00f3 la disposici\u00f3n del Estado de M\u00e9xico para sumarse al Programa Nacional de Derechos Humanos 2014-2018, toda vez que representa una aut\u00e9ntica pol\u00edtica de Estado que involucra a todos los sectores.<\/p>\n<p>En este sentido, resalt\u00f3 algunas acciones que en la materia realiza el gobierno estatal, como un convenio entre el Poder Judicial y la Secretar\u00eda de Educaci\u00f3n para desarrollar un programa acad\u00e9mico y certificar a docentes mediadores en las escuelas; creaci\u00f3n de centros de mediaci\u00f3n, para evitar problem\u00e1ticas de bullying y violencia escolar; la promoci\u00f3n y fomento de la cultura de la prevenci\u00f3n social del delito y la denuncia, y presentaci\u00f3n de diversas iniciativas aprobadas ya por la Legislatura.<\/p>\n<p>Adem\u00e1s de las reformas a la Ley de Responsabilidades de los Servidores P\u00fablicos del Estado y Municipios, para obligarlos a que en todas sus actuaciones respeten los derechos humanos, y en caso contrario sean sancionados, y a la Ley para Prevenir y Sancionar la Tortura en el Estado de M\u00e9xico; la iniciativa para crear el Organismo P\u00fablico Descentralizado de Inspecci\u00f3n General de las Instituciones de Seguridad y Justicia del Estado de M\u00e9xico, para vigilar que el actuar de las corporaciones policiacas se apegue a la ley y no se violenten garant\u00edas individuales, as\u00ed como el combate a delitos que violan derechos fundamentales, como la trata de personas, clausurando cerca de 800 giros negros en casi un a\u00f1o.<\/p>\n<p>El gobernador agreg\u00f3 que el operativo Seguridad Mexiquense, en el que participan instancias federales, estatales y municipales, ha permitido reducir la incidencia delictiva, acciones en las cuales dichas corporaciones act\u00faan en estricto cumplimiento de los derechos humanos.<\/p>\n<p>Asimismo mencion\u00f3 que el Estado de M\u00e9xico se encuentra a la vanguardia nacional en la implementaci\u00f3n del Sistema de Justicia Penal de tipo Acusatorio Adversarial y Oral; actualmente hay 83 salas de este tipo y 324 c\u00e1maras de grabaci\u00f3n en los 18 Distritos Judiciales de la entidad, para ofrecer certidumbre en los procesos y reducir su duraci\u00f3n, el reto es que opere con eficacia y respeto absoluto a los derechos humanos.<\/p>\n<p>Por su parte, Ra\u00fal Plascencia Villanueva, presidente de la CNDH, reconoci\u00f3 al gobernador por hacer posible la realizaci\u00f3n de este foro en territorio mexiquense, y su participaci\u00f3n es un claro mensaje del compromiso que ha asumido en materia de justicia y de derechos humanos, lo que para esta organizaci\u00f3n resulta significativo tener un aliado en la materia, para que, unidos, estos temas se puedan traducir en una realidad.<\/p>\n<p>Esta jornada regional, indic\u00f3, tiene el objetivo de impulsar el di\u00e1logo, debatir aspectos del sistema de justicia penal y el impacto en materia de derechos humanos, abordando tem\u00e1ticas como las nuevas atribuciones del ministerio p\u00fablico, enfoque del sistema probatorio, caracter\u00edsticas del C\u00f3digo Nacional de Procedimientos Penales y los derechos humanos en los mecanismos alternativos de justicia.<\/p>\n<p>Estuvieron presentes Aar\u00f3n Urbina Bedolla y Baruch Delgado Carbajal, presidente de la Junta de Coordinaci\u00f3n Pol\u00edtica de la LVIII Legislatura y del Tribunal Superior de Justicia del Estado de M\u00e9xico, respectivamente; Jos\u00e9 Manzur Quiroga, secretario General de Gobierno; Alejandro G\u00f3mez S\u00e1nchez, procurador de Justicia estatal; Jorge Olvera Garc\u00eda, rector de la UAEM; Marco Antonio Morales G\u00f3mez, presidente de la Comisi\u00f3n de Derechos Humanos de la entidad, y Mar\u00eda Elena Barrera Tapia, senadora de la Rep\u00fablica.<\/p>\n","protected":false},"excerpt":{"rendered":"<p>El gobernador Eruviel \u00c1vila Villegas convoc\u00f3 a la sociedad civil, \u00f3rganos aut\u00f3nomos, acad\u00e9micos, instancias gubernamentales y a los tres poderes p\u00fablicos del Estado de M\u00e9xico, para trabajar de manera coordinada y en breve presentar un programa estatal de Derechos Humanos, alineado a la estrategia nacional que en esta materia present\u00f3 recientemente el presidente de la Rep\u00fablica, Enrique Pe\u00f1a Nieto.<\/p>\n","protected":false},"author":1,"featured_media":179871,"comment_status":"open","ping_status":"open","sticky":false,"template":"","format":"standard","meta":{"_monsterinsights_skip_tracking":false,"_monsterinsights_sitenote_active":false,"_monsterinsights_sitenote_note":"","_monsterinsights_sitenote_category":0,"footnotes":""},"categories":[5],"tags":[4340,5828,43675,2262],"class_list":["post-179870","post","type-post","status-publish","format-standard","has-post-thumbnail","hentry","category-estado-de-mexico","tag-derechos-humanos","tag-eruviel-avila-villegas","tag-estado-de-mexico","tag-raul-plascencia-villanueva"],"_links":{"self":[{"href":"https:\/\/www.diarioimagen.net\/index.php?rest_route=\/wp\/v2\/posts\/179870","targetHints":{"allow":["GET"]}}],"collection":[{"href":"https:\/\/www.diarioimagen.net\/index.php?rest_route=\/wp\/v2\/posts"}],"about":[{"href":"https:\/\/www.diarioimagen.net\/index.php?rest_route=\/wp\/v2\/types\/post"}],"author":[{"embeddable":true,"href":"https:\/\/www.diarioimagen.net\/index.php?rest_route=\/wp\/v2\/users\/1"}],"replies":[{"embeddable":true,"href":"https:\/\/www.diarioimagen.net\/index.php?rest_route=%2Fwp%2Fv2%2Fcomments&post=179870"}],"version-history":[{"count":0,"href":"https:\/\/www.diarioimagen.net\/index.php?rest_route=\/wp\/v2\/posts\/179870\/revisions"}],"wp:featuredmedia":[{"embeddable":true,"href":"https:\/\/www.diarioimagen.net\/index.php?rest_route=\/wp\/v2\/media\/179871"}],"wp:attachment":[{"href":"https:\/\/www.diarioimagen.net\/index.php?rest_route=%2Fwp%2Fv2%2Fmedia&parent=179870"}],"wp:term":[{"taxonomy":"category","embeddable":true,"href":"https:\/\/www.diarioimagen.net\/index.php?rest_route=%2Fwp%2Fv2%2Fcategories&post=179870"},{"taxonomy":"post_tag","embeddable":true,"href":"https:\/\/www.diarioimagen.net\/index.php?rest_route=%2Fwp%2Fv2%2Ftags&post=179870"}],"curies":[{"name":"wp","href":"https:\/\/api.w.org\/{rel}","templated":true}]}}