{"id":180065,"date":"2014-07-01T00:04:50","date_gmt":"2014-07-01T05:04:50","guid":{"rendered":"http:\/\/www.diarioimagen.net\/?p=180065"},"modified":"2014-07-01T02:53:29","modified_gmt":"2014-07-01T07:53:29","slug":"imputan-a-mireles-delito-contra-la-salud","status":"publish","type":"post","link":"https:\/\/www.diarioimagen.net\/?p=180065","title":{"rendered":"Imputan a Mireles delitos contra la salud"},"content":{"rendered":"<ul>\n<li><em><strong>Y portaci\u00f3n ilegal de armas<\/strong><\/em><\/li>\n<\/ul>\n<div id=\"attachment_180066\" style=\"width: 250px\" class=\"wp-caption alignleft\"><img loading=\"lazy\" decoding=\"async\" aria-describedby=\"caption-attachment-180066\" class=\"wp-image-180066 size-medium\" src=\"http:\/\/www.diarioimagen.net\/wp-content\/uploads\/2014\/06\/mireles-portal1-240x135.jpg\" alt=\"Explic\u00f3 que el m\u00e9dico fue trasladado al penal de Sonora sin que se cumplieran las formalidades esenciales del procedimiento de averiguaci\u00f3n previa.\" width=\"240\" height=\"135\" srcset=\"https:\/\/www.diarioimagen.net\/wp-content\/uploads\/2014\/06\/mireles-portal1-240x135.jpg 240w, https:\/\/www.diarioimagen.net\/wp-content\/uploads\/2014\/06\/mireles-portal1-420x236.jpg 420w, https:\/\/www.diarioimagen.net\/wp-content\/uploads\/2014\/06\/mireles-portal1-235x132.jpg 235w, https:\/\/www.diarioimagen.net\/wp-content\/uploads\/2014\/06\/mireles-portal1-202x114.jpg 202w, https:\/\/www.diarioimagen.net\/wp-content\/uploads\/2014\/06\/mireles-portal1-350x196.jpg 350w, https:\/\/www.diarioimagen.net\/wp-content\/uploads\/2014\/06\/mireles-portal1-220x123.jpg 220w, https:\/\/www.diarioimagen.net\/wp-content\/uploads\/2014\/06\/mireles-portal1-237x132.jpg 237w, https:\/\/www.diarioimagen.net\/wp-content\/uploads\/2014\/06\/mireles-portal1.jpg 480w\" sizes=\"auto, (max-width: 240px) 100vw, 240px\" \/><p id=\"caption-attachment-180066\" class=\"wp-caption-text\">El comisionado para la Seguridad y Desarrollo Integral en Michoac\u00e1n, Alfredo Castillo Cervantes, dio detalles de la captura del doctor Jos\u00e9 Manuel Mireles y ofreci\u00f3 mostrar el cuerpo del delito del resto de los detenidos.<\/p><\/div>\n<p>El comisionado para la Seguridad y el Desarrollo Integral de Michoac\u00e1n, Alfredo Castillo Cervantes, inform\u00f3 que se ejerci\u00f3 acci\u00f3n penal en contra del ex vocero de los grupos de autodefensas en Michoac\u00e1n, Jos\u00e9 Manuel Mireles, por probables delitos contra la salud y portaci\u00f3n ilegal de armas exclusivas de las fuerzas armadas.<\/p>\n<p>Castillo Cervantes revel\u00f3 que al asegurar el veh\u00edculo en el que se movilizaba Mireles se encontr\u00f3 \u201cdiferente armamento, 4 bolsas con mariguana, una bolsa con coca\u00edna y 30 mil pesos\u201d. Precis\u00f3 que cada una de las personas que le acompa\u00f1aban \u201cportaba un arma de fuego larga y un arma de fuego corta, de uso exclusivo del Ej\u00e9rcito\u201d.<\/p>\n<p>Por ello dijo que la PGR ejerci\u00f3 acci\u00f3n penal contra Jos\u00e9 Manuel Mireles Valverde, Javier Reyes Maga\u00f1a, Salvador Mendoza Garc\u00eda y Gerardo L\u00f3pez Casillas por \u201csu probable responsabilidad penal en la comisi\u00f3n de los delitos de Violaci\u00f3n a la Ley Federal de Armas de Fuego y Explosivos agravada; as\u00ed como delitos contra la salud en su modalidad de posesi\u00f3n simple de sustancias prohibidas\u201d.<\/p>\n<p>El comisionado neg\u00f3 que Mireles estuviera incomunicado. Y sobre su traslado al Cefereso n\u00famero 11 de Hermosillo, precis\u00f3: \u201cMichoac\u00e1n no tiene penales federales, por eso fue enviado a Sonora\u201d.<\/p>\n<p>Por su parte, Tal\u00eda V\u00e1zquez abogada del l\u00edder de autodefensas, inform\u00f3 que se ha tramitado una demanda de ampro ante supuestos actos de incomunicaci\u00f3n, tortura, tratos crueles y degradantes y otras violaciones a las garant\u00edas individuales y derechos humanos de Mireles. Explic\u00f3 que el m\u00e9dico fue trasladado al penal de Sonora sin que se cumplieran las formalidades esenciales del procedimiento de averiguaci\u00f3n previa.<\/p>\n","protected":false},"excerpt":{"rendered":"<p>El comisionado para la Seguridad y el Desarrollo Integral de Michoac\u00e1n, Alfredo Castillo Cervantes, inform\u00f3 que se ejerci\u00f3 acci\u00f3n penal en contra del ex vocero de los grupos de autodefensas en Michoac\u00e1n, Jos\u00e9 Manuel Mireles, por probables delitos contra la salud y portaci\u00f3n ilegal de armas exclusivas de las fuerzas armadas.<\/p>\n","protected":false},"author":5,"featured_media":180066,"comment_status":"open","ping_status":"open","sticky":false,"template":"","format":"standard","meta":{"_monsterinsights_skip_tracking":false,"_monsterinsights_sitenote_active":false,"_monsterinsights_sitenote_note":"","_monsterinsights_sitenote_category":0,"footnotes":""},"categories":[7],"tags":[7564,29686,803,43673,30478],"class_list":["post-180065","post","type-post","status-publish","format-standard","has-post-thumbnail","hentry","category-seguridad","tag-alfredo-castillo-cervantes","tag-jose-manuel-mireles-valverde","tag-michoacan","tag-nacional","tag-seguridad-y-el-desarrollo-integral-de-michoacan"],"_links":{"self":[{"href":"https:\/\/www.diarioimagen.net\/index.php?rest_route=\/wp\/v2\/posts\/180065","targetHints":{"allow":["GET"]}}],"collection":[{"href":"https:\/\/www.diarioimagen.net\/index.php?rest_route=\/wp\/v2\/posts"}],"about":[{"href":"https:\/\/www.diarioimagen.net\/index.php?rest_route=\/wp\/v2\/types\/post"}],"author":[{"embeddable":true,"href":"https:\/\/www.diarioimagen.net\/index.php?rest_route=\/wp\/v2\/users\/5"}],"replies":[{"embeddable":true,"href":"https:\/\/www.diarioimagen.net\/index.php?rest_route=%2Fwp%2Fv2%2Fcomments&post=180065"}],"version-history":[{"count":0,"href":"https:\/\/www.diarioimagen.net\/index.php?rest_route=\/wp\/v2\/posts\/180065\/revisions"}],"wp:featuredmedia":[{"embeddable":true,"href":"https:\/\/www.diarioimagen.net\/index.php?rest_route=\/wp\/v2\/media\/180066"}],"wp:attachment":[{"href":"https:\/\/www.diarioimagen.net\/index.php?rest_route=%2Fwp%2Fv2%2Fmedia&parent=180065"}],"wp:term":[{"taxonomy":"category","embeddable":true,"href":"https:\/\/www.diarioimagen.net\/index.php?rest_route=%2Fwp%2Fv2%2Fcategories&post=180065"},{"taxonomy":"post_tag","embeddable":true,"href":"https:\/\/www.diarioimagen.net\/index.php?rest_route=%2Fwp%2Fv2%2Ftags&post=180065"}],"curies":[{"name":"wp","href":"https:\/\/api.w.org\/{rel}","templated":true}]}}