{"id":180137,"date":"2014-07-01T00:07:01","date_gmt":"2014-07-01T05:07:01","guid":{"rendered":"http:\/\/www.diarioimagen.net\/?p=180137"},"modified":"2014-07-02T01:40:09","modified_gmt":"2014-07-02T06:40:09","slug":"pobreza-y-desigualdad-riesgos-para-la-democracia-beltrones","status":"publish","type":"post","link":"https:\/\/www.diarioimagen.net\/?p=180137","title":{"rendered":"Pobreza y desigualdad, riesgos para la democracia: Beltrones"},"content":{"rendered":"<h2>Tras la puerta del poder<\/h2>\n<h5>Roberto Vizca\u00edno<\/h5>\n<p>&nbsp;<\/p>\n<ul>\n<li><strong><em>Diego Fern\u00e1ndez de Cevallos fue quien propuso y logr\u00f3 establecer la credencial de elector con fotograf\u00eda<\/em><\/strong><\/li>\n<li><strong><em>Todo proceso comicial debiera tener como objetivo terminar la pobreza y la marginaci\u00f3n\u00a0<\/em><\/strong><\/li>\n<li><strong><em>Nunca hay una reforma electoral o pol\u00edtica final, porque \u00e9sta siempre es perfectible, dijo\u00a0<\/em><\/strong><\/li>\n<\/ul>\n<div id=\"attachment_180202\" style=\"width: 250px\" class=\"wp-caption alignleft\"><a href=\"http:\/\/www.diarioimagen.net\/wp-content\/uploads\/2014\/07\/muy-molesto-LUIS-XAVIER-2389.jpg\" target=\"_blank\"><img loading=\"lazy\" decoding=\"async\" aria-describedby=\"caption-attachment-180202\" class=\"size-medium wp-image-180202\" src=\"http:\/\/www.diarioimagen.net\/wp-content\/uploads\/2014\/07\/muy-molesto-LUIS-XAVIER-2389-240x185.jpg\" alt=\"Muy mole$to...| Luis Xavier\" width=\"240\" height=\"185\" srcset=\"https:\/\/www.diarioimagen.net\/wp-content\/uploads\/2014\/07\/muy-molesto-LUIS-XAVIER-2389-240x185.jpg 240w, https:\/\/www.diarioimagen.net\/wp-content\/uploads\/2014\/07\/muy-molesto-LUIS-XAVIER-2389-420x324.jpg 420w, https:\/\/www.diarioimagen.net\/wp-content\/uploads\/2014\/07\/muy-molesto-LUIS-XAVIER-2389.jpg 700w\" sizes=\"auto, (max-width: 240px) 100vw, 240px\" \/><\/a><p id=\"caption-attachment-180202\" class=\"wp-caption-text\">Muy mole$to&#8230;| Luis Xavier<\/p><\/div>\n<p>Desde la experiencia y perspectiva de Manlio Fabio Beltrones, uno de los pocos personajes con sentido de Estado dentro del poder en M\u00e9xico, la reciente reforma pol\u00edtica es un paso m\u00e1s a una transici\u00f3n inacabada y hacia el paso de un sistema a otro cuyo objetivo central deber\u00e1 ser el disminuir y acabar la pobreza y la marginaci\u00f3n en M\u00e9xico.<\/p>\n<p>\u201c\u2026 una transici\u00f3n que intenta resolver algo que es vergonzoso: la acumulaci\u00f3n de tanta pobreza y desigualdad, que son las que verdaderamente deben ser resueltas en las contiendas pol\u00edticas electorales y en el cambio de r\u00e9gimen pol\u00edtico\u201d.<\/p>\n<p>De ah\u00ed que la recientemente reforma, dijo haya contemplado que:<\/p>\n<p>\u201cEn esta etapa de transici\u00f3n trabajamos primero sobre figuras de democracia electoral, para luego concretar un nuevo r\u00e9gimen pol\u00edtico\u2026\u201d.<\/p>\n<p>Beltrones hizo un an\u00e1lisis de los cambios logrados a trav\u00e9s de los \u00faltimos 30 a\u00f1os al participar en la mesa XI <strong>\u201cEl Estado de la Democracia en M\u00e9xico<\/strong>\u201d, dentro del Seminario Internacional \u201c<em>Derechos Pol\u00edticos, Instituciones Electorales, Sistema de Gobierno y Democracia<\/em>\u201d, realizado en el Auditorio \u201cDr. H\u00e9ctor Fix-Zamudio\u201d del Instituto de Investigaciones Jur\u00eddicas de la UNAM, el viernes 27 de junio de 2014, evento en el que tambi\u00e9n participaron Diego Fern\u00e1ndez de Cevallos y Arturo N\u00fa\u00f1ez.<\/p>\n<p>Ah\u00ed Beltrones concluy\u00f3:<\/p>\n<p>\u201cLa democracia siempre es perfectible. Son perfectibles los m\u00e9todos democr\u00e1ticos en M\u00e9xico, o en el mundo\u2026 hemos avanzado, buscando el mayor consenso para fijar reglas para las batallas electorales para llegar a una democracia eficaz,\u00a0 para alcanzar los objetivos\u2026hay avances democr\u00e1ticos importantes en los \u00faltimos 30 a\u00f1os\u2026 igual (hay) una desigualdad acumulada en el mundo que pone en riesgo a la democracia\u2026 ah\u00ed se encuentra nuestra preocupaci\u00f3n\u201d, indic\u00f3.<\/p>\n<p>Record\u00f3, y puso como testigos de ello a\u00a0 Diego Fern\u00e1ndez de Cevallos y al propio Arturo N\u00fa\u00f1ez (entonces representante del PAN ante las autoridades electorales el primero; director de la entonces Comisi\u00f3n Federal Electoral el segundo) que luego de 1988, con unas elecciones sumamente accidentadas, \u201cno ten\u00edamos mecanismos que nos propiciaran la tranquilidad ni la seguridad de hacer unas elecciones con reglas democr\u00e1ticas pactadas\u201d, dijo.<\/p>\n<p>Y explic\u00f3:<\/p>\n<p>\u201cMe toc\u00f3, junto con Arturo N\u00fa\u00f1ez asumir la extinta Secretar\u00eda T\u00e9cnica de la Comisi\u00f3n Federal Electoral\u2026 esta depend\u00eda del Secretario de Gobernaci\u00f3n\u2026 el subsecretario &#8211;fuera quien fuera&#8211;, le tocaba ser el secretario t\u00e9cnico\u2026a m\u00ed me toc\u00f3 esa suerte\u2026fui con el apoyo de Arturo N\u00fa\u00f1ez a aguantar e intentar resolver preguntas de la oposici\u00f3n\u2026<\/p>\n<p>\u201cDiego nos empujaba a buscar reglas nuevas de la lucha electoral, para avanzar en democracia\u2026 Hablamos de c\u00f3mo pod\u00edamos alcanzar sistemas democr\u00e1ticos m\u00e1s avanzados (e) hicimos ese primer intento, el dise\u00f1o estuvo a cargo de Arturo N\u00fa\u00f1ez\u2026 algunos temas los introdujo Diego desde la presidencia del Instituto Federal Electoral\u2026 Diego viv\u00eda la desconfianza y no quer\u00eda hablar con el secretario t\u00e9cnico de la Comisi\u00f3n Federal Electoral, sino con el presidente, que era el secretario de Gobernaci\u00f3n\u2026\u201d<\/p>\n<p>En aquel entonces, continu\u00f3 el sonorense, Diego Fern\u00e1ndez de Cevallos dispuso avanzar gradualmente hasta lo que hoy tenemos en un Instituto Nacional Electoral, indic\u00f3 Beltrones.<\/p>\n<p style=\"text-align: center;\"><strong>LA HISTORIA DE LA CREDENCIAL DE ELECTOR<\/strong><\/p>\n<p>Era la negociaci\u00f3n a fondo: \u201cllegamos a un punto en el cual est\u00e1bamos cerca de alcanzar el acuerdo de lo que ten\u00edamos que hacer, y nuestro amigo Diego Fern\u00e1ndez de Cevallos alz\u00f3 nuevamente su voz y dijo: \u2018de ninguna manera vamos a ir a ese procedimiento aunque sea distinto, de car\u00e1cter democr\u00e1tico, si no hay una credencial de elector con fotograf\u00eda\u2019.<\/p>\n<p>\u201cEra 1990, y muchos de nosotros dijimos: \u00bfeste trabaja en polaroid o qu\u00e9 pasa?, \u00bfqu\u00e9 est\u00e1 haciendo?. Preguntamos a todos y dijimos: \u00bfcon fotograf\u00eda?&#8230; Vamos a ponerle un c\u00f3digo de barras, todav\u00eda no hab\u00eda chips, era 1990, vamos a ponerle alguna otra cosa, la firma.<\/p>\n<p>\u201cPreguntamos a los que sab\u00edan: oigan, \u00bfes la mejor forma de tener una credencial de elector inviolable? Y nos dijeron, \u2018nunca, eso no sirve\u2019. Preguntamos despu\u00e9s a los presupuest\u00f3logos, \u00bftenemos dinero para eso? Respondieron: \u2018no\u2026 es car\u00edsimo hacerlo\u2019.<\/p>\n<p>\u201cRegresamos a la mesa, intentamos convencer &#8211;ya se han dado cuenta ustedes que no es nada f\u00e1cil el hacerlo&#8211;,\u00a0 a nuestro amigo.<\/p>\n<p>\u201cSin levantarse de la mesa &#8212; y eso que est\u00e1 ya muy socorrido hoy en d\u00eda&#8211;, dijo: aqu\u00ed me quedo. Y eso nos convenci\u00f3 de darle la raz\u00f3n, porque si hubiera dicho me levanto de la mesa nos hubiera hecho felices, pero no, nos amenaz\u00f3 con quedarse y tuvimos que concluir que la credencial de elector iba con fotograf\u00eda.<\/p>\n<p>\u201cHoy es el a\u00f1o 2014, Diego, qu\u00e9 raz\u00f3n ten\u00edas. Esa credencial que parec\u00eda in\u00fatil con fotograf\u00eda ha hecho sobrevivir, en buena parte, la confianza, eso es lo que se necesita, confianza de los ciudadanos en los procesos electorales y en sus reglas del juego pactadas.<\/p>\n<p>\u201cCreo que, me falt\u00f3 anotar que los presupuest\u00f3logos me dijeron que esa era una locura &#8211;Diego&#8211;, y yo lo admit\u00ed, pero dije: viene de un hombre sensato e inteligente, hasta ese momento, y entonces concluimos que deb\u00eda ir la credencial de elector. Gracias mi querido Diego.<\/p>\n<p>\u201cHay propuestas inteligentes, pero sobre todo lo que hay que buscar, quiz\u00e1 parafraseando aquello que \u2018ya no es necesario una democracia con adjetivos\u2019, pero s\u00ed necesitamos una democracia con objetivos, y los objetivos deben ser garantizar la gobernabilidad, darnos certidumbre jur\u00eddica, hablarnos de la raz\u00f3n y los beneficios de la convivencia, la convivencia pactada. Y todo ello, hacernos luchar por disminuir la desigualdad y la pobreza, no nada m\u00e1s en este pa\u00eds sino en buena parte del mundo en donde se sufre\u201d.<\/p>\n<p>Beltrones insisti\u00f3 en que la exigencia de Fern\u00e1ndez de Cevallos fue correcta \u201cy se lo he dicho en p\u00fablico y privado\u201d.<\/p>\n<p>De aquella a la de hoy, dijo, han pasado varias reformas\u2026<\/p>\n<p style=\"text-align: center;\"><strong>ALTERNANCIA Y TRANSICI\u00d3N<\/strong><\/p>\n<p>Esta reciente reforma pol\u00edtica &#8211;nunca hay \u00faltima&#8211; se plane\u00f3 aprovechando las experiencias y preocupaciones para dar un gran salto integral y vincular lo nacional con lo regional.<\/p>\n<p>\u201cCierto, esto es debatible\u2026 algunos hablamos de que era un esfuerzo centralizador\u2026 pero ten\u00edamos que avanzar e ir creando condiciones regionales que pudieran armonizar las reglas del juego\u2026 de ah\u00ed en adelante pensando y, sobre todo, escuchando a <em>muchos que se confunden al se\u00f1alar la transici\u00f3n como si fuera simplemente la alternancia<\/em>\u201d.<\/p>\n<p>Y precis\u00f3:<\/p>\n<p>\u201cLa verdadera transici\u00f3n no trata s\u00f3lo de qu\u00e9 fuerza pol\u00edtica es la que moment\u00e1neamente gobierna en los estados o a nivel nacional\u2026 en la primera alternancia, muy buena en lo general, no tanto en lo particular por el personaje del que se trataba (Vicente Fox),\u00a0 que no\u00a0 pudo entender\u00a0 en seis a\u00f1os la diferencia entre una y la otra\u2026\u201d<\/p>\n<p>Se logr\u00f3 avanzar, dijo Beltrones, porque el entonces secretario de Gobernaci\u00f3n, Santiago Creel s\u00ed entend\u00eda el tema, pese a lo cual no se pudo avanzar hacia un r\u00e9gimen pol\u00edtico distinto al presidencialismo, que vivimos desde hace mucho tiempo.<\/p>\n<p>\u201cArturo N\u00fa\u00f1ez y yo, hemos tenido el privilegio &#8211;como an\u00e1lisis&#8211;, de haber vivido en el gobierno de un presidencialismo casi absoluto o absoluto, como el que se tuvo hasta antes del 88; luego un presidencialismo en una alternancia, con un gobierno distinto al PRI; y ahora estar en un presidencialismo, en una segunda alternancia con el PRI que regresa al poder.<\/p>\n<p>\u201cEn todo ese transcurso venimos hablando de la posibilidad de los gobiernos de coalici\u00f3n como una forma de mejorar nuestra vida democr\u00e1tica.<\/p>\n<p>\u201cPara perfeccionar la calidad de los gobiernos de introducir la obligaci\u00f3n de la ratificaci\u00f3n de los miembros del gabinete. De crear figuras tan importantes como las candidaturas independientes o como la Consulta Popular y la Iniciativa Popular.<\/p>\n<p>\u201cMuchos de esos instrumentos surgieron del Pacto por M\u00e9xico y vendr\u00e1n a impulsar la verdadera transici\u00f3n. Se encuentran ya en el papel y el acuerdo\u2026 un r\u00e9gimen pol\u00edtico bien asentado en la Constituci\u00f3n Pol\u00edtica que lo garantizara.<\/p>\n<p>\u201cCreo que el Pacto por M\u00e9xico debi\u00f3 ser institucionalizado con los gobiernos de coalici\u00f3n, porque es en realidad un ejercicio pragm\u00e1tico por parte del gobernante en turno, con su voluntad\u00a0 o\u00a0 su\u00a0 voluntarismo,\u00a0 frente\u00a0 a lo\u00a0 que puede\u00a0 ser\u00a0 su actitud, quiz\u00e1, desesperada de los otros actores partidarios que se juntan y dicen: s\u00ed, tenemos que transitar hacia ese lugar\u201d, concluy\u00f3.<\/p>\n<p><em><a href=\"mailto:rvizcainoa@gmail.com\">rvizcainoa@gmail.com<\/a><\/em><\/p>\n","protected":false},"excerpt":{"rendered":"<p><span style=\"color: #005497;\"><strong>Roberto Vizca\u00edno<\/strong><\/span><br \/>\n<br \/>\nDesde la experiencia y perspectiva de Manlio Fabio Beltrones, uno de los pocos personajes con sentido de Estado dentro del poder en M\u00e9xico, la reciente reforma pol\u00edtica es un paso m\u00e1s a una transici\u00f3n inacabada y hacia el paso de un sistema a otro cuyo objetivo central deber\u00e1 ser el disminuir y acabar la pobreza y la marginaci\u00f3n en M\u00e9xico.<\/p>\n","protected":false},"author":3,"featured_media":180202,"comment_status":"open","ping_status":"open","sticky":false,"template":"","format":"standard","meta":{"_monsterinsights_skip_tracking":false,"_monsterinsights_sitenote_active":false,"_monsterinsights_sitenote_note":"","_monsterinsights_sitenote_category":0,"footnotes":""},"categories":[136],"tags":[8606,43674,93,94],"class_list":["post-180137","post","type-post","status-publish","format-standard","has-post-thumbnail","hentry","category-roberto-vizcaino-opinion","tag-manlio-fabio-beltrones-rivera","tag-opinion","tag-roberto-vizcaino","tag-tras-la-puerta-del-poder"],"_links":{"self":[{"href":"https:\/\/www.diarioimagen.net\/index.php?rest_route=\/wp\/v2\/posts\/180137","targetHints":{"allow":["GET"]}}],"collection":[{"href":"https:\/\/www.diarioimagen.net\/index.php?rest_route=\/wp\/v2\/posts"}],"about":[{"href":"https:\/\/www.diarioimagen.net\/index.php?rest_route=\/wp\/v2\/types\/post"}],"author":[{"embeddable":true,"href":"https:\/\/www.diarioimagen.net\/index.php?rest_route=\/wp\/v2\/users\/3"}],"replies":[{"embeddable":true,"href":"https:\/\/www.diarioimagen.net\/index.php?rest_route=%2Fwp%2Fv2%2Fcomments&post=180137"}],"version-history":[{"count":0,"href":"https:\/\/www.diarioimagen.net\/index.php?rest_route=\/wp\/v2\/posts\/180137\/revisions"}],"wp:featuredmedia":[{"embeddable":true,"href":"https:\/\/www.diarioimagen.net\/index.php?rest_route=\/wp\/v2\/media\/180202"}],"wp:attachment":[{"href":"https:\/\/www.diarioimagen.net\/index.php?rest_route=%2Fwp%2Fv2%2Fmedia&parent=180137"}],"wp:term":[{"taxonomy":"category","embeddable":true,"href":"https:\/\/www.diarioimagen.net\/index.php?rest_route=%2Fwp%2Fv2%2Fcategories&post=180137"},{"taxonomy":"post_tag","embeddable":true,"href":"https:\/\/www.diarioimagen.net\/index.php?rest_route=%2Fwp%2Fv2%2Ftags&post=180137"}],"curies":[{"name":"wp","href":"https:\/\/api.w.org\/{rel}","templated":true}]}}