{"id":180354,"date":"2014-07-02T00:09:38","date_gmt":"2014-07-02T05:09:38","guid":{"rendered":"http:\/\/www.diarioimagen.net\/?p=180354"},"modified":"2014-07-02T03:30:05","modified_gmt":"2014-07-02T08:30:05","slug":"trabajo-coordinado-pide-mancera-a-municipios","status":"publish","type":"post","link":"https:\/\/www.diarioimagen.net\/?p=180354","title":{"rendered":"Trabajo coordinado, pide mancera a municipios"},"content":{"rendered":"<ul>\n<li><strong><em>Los llama a que consoliden su fuerza<\/em><\/strong><\/li>\n<\/ul>\n<div id=\"attachment_180419\" style=\"width: 217px\" class=\"wp-caption alignleft\"><a href=\"http:\/\/www.diarioimagen.net\/wp-content\/uploads\/2014\/07\/mancera-2390.jpg\" target=\"_blank\"><img loading=\"lazy\" decoding=\"async\" aria-describedby=\"caption-attachment-180419\" class=\" wp-image-180419\" src=\"http:\/\/www.diarioimagen.net\/wp-content\/uploads\/2014\/07\/mancera-2390-309x420.jpg\" alt=\"Miguel \u00c1ngel Mancera, jefe de gobierno del Distrito Federal, al inaugurar una reuni\u00f3n de municipios nacionales y extranjeros.\" width=\"207\" height=\"282\" srcset=\"https:\/\/www.diarioimagen.net\/wp-content\/uploads\/2014\/07\/mancera-2390-309x420.jpg 309w, https:\/\/www.diarioimagen.net\/wp-content\/uploads\/2014\/07\/mancera-2390-176x240.jpg 176w, https:\/\/www.diarioimagen.net\/wp-content\/uploads\/2014\/07\/mancera-2390.jpg 700w\" sizes=\"auto, (max-width: 207px) 100vw, 207px\" \/><\/a><p id=\"caption-attachment-180419\" class=\"wp-caption-text\">Miguel \u00c1ngel Mancera, jefe de gobierno del Distrito Federal, al inaugurar una reuni\u00f3n de municipios nacionales y extranjeros.<\/p><\/div>\n<p>El jefe de gobierno del Distrito Federal, Miguel \u00c1ngel Mancera Espinosa, llam\u00f3 a autoridades municipales del pa\u00eds y del extranjero a consolidar, \u201cla fuerza de los municipios\u201d, tras destacar que estas zonas tienden a incrementarse en el planeta y resulta fundamental generar una mayor coordinaci\u00f3n y comunicaci\u00f3n para avanzar en su desarrollo.<\/p>\n<p>Al inaugurar en el Palacio de Miner\u00eda el Primer Encuentro para un Gobierno Metropolitano que reuni\u00f3 a representantes municipales de diferentes entidades del pa\u00eds y de Colombia, Chile, Espa\u00f1a y Uruguay, entre otras naciones, precis\u00f3 que \u201cde 1960 a la fecha, hemos tenido un incremento sustancial -en lo que a zonas metropolitanas se refiere- pues antes habl\u00e1bamos de 12 y actualmente hay 59 con m\u00e1s de 63 millones de habitantes por lo que un tema fundamental a desarrollar es la coordinaci\u00f3n\u201d.<\/p>\n<p>Acompa\u00f1ado por los liderazgos de organizaciones que aglomeran a representantes municipales de diferentes regiones, Mancera Espinosa felicit\u00f3 los trabajos de este encuentro que permitir\u00e1 intercambiar experiencias entre los municipios con miras a consolidar una gesti\u00f3n coordinada en la b\u00fasqueda de soluciones a problemas comunes.<\/p>\n<p>Anteriormente, al presentar la plataforma tecnol\u00f3gica \u201cMi Polic\u00eda en Mi Negocio\u201d, Mancera Espinosa se\u00f1al\u00f3 que la Secretar\u00eda de Seguridad P\u00fablica est\u00e1 en un proceso de transformaci\u00f3n, al pasar de ser s\u00f3lo reactiva, a tener un esquema de planeaci\u00f3n y contar cada vez con m\u00e1s apoyo de la tecnolog\u00eda, como no hab\u00eda sucedido en su historia.<\/p>\n<p>El jefe del GDF asever\u00f3 que es una \u00e9poca que ha comenzado ya con acciones, incluso de otros gobiernos, en donde viene traz\u00e1ndose esta l\u00ednea del incremento de la tecnolog\u00eda y de la innovaci\u00f3n.<\/p>\n<p>Asever\u00f3 que en lo que respecta a la SSPDF \u201cestamos pronto a renovarles equipo m\u00f3vil, equipo de transporte, de traslado, de patrullaje, pronto estaremos dando estos anuncios, vamos a continuar con la l\u00ednea tecnol\u00f3gica y vamos a ir dando cuenta de los avances sensibles que se tienen en esta tarea\u201d.<\/p>\n<p>El lanzamiento de la plataforma \u201cMi Polic\u00eda en Mi Negocio\u201d, dijo, va dentro de la pol\u00edtica que hemos establecido de modernizar la actuaci\u00f3n de los cuerpos de seguridad en esta capital.<\/p>\n","protected":false},"excerpt":{"rendered":"<p>El jefe de gobierno del Distrito Federal, Miguel \u00c1ngel Mancera Espinosa, llam\u00f3 a autoridades municipales del pa\u00eds y del extranjero a consolidar, \u201cla fuerza de los municipios\u201d, tras destacar que estas zonas tienden a incrementarse en el planeta y resulta fundamental generar una mayor coordinaci\u00f3n y comunicaci\u00f3n para avanzar en su desarrollo.<\/p>\n","protected":false},"author":3,"featured_media":180419,"comment_status":"open","ping_status":"open","sticky":false,"template":"","format":"standard","meta":{"_monsterinsights_skip_tracking":false,"_monsterinsights_sitenote_active":false,"_monsterinsights_sitenote_note":"","_monsterinsights_sitenote_category":0,"footnotes":""},"categories":[6],"tags":[204,39,5314,5731],"class_list":["post-180354","post","type-post","status-publish","format-standard","has-post-thumbnail","hentry","category-cd-de-mexico","tag-ciudad-de-mexico","tag-distrito-federal","tag-miguel-angel-mancera-espinosa","tag-palacio-de-mineria"],"_links":{"self":[{"href":"https:\/\/www.diarioimagen.net\/index.php?rest_route=\/wp\/v2\/posts\/180354","targetHints":{"allow":["GET"]}}],"collection":[{"href":"https:\/\/www.diarioimagen.net\/index.php?rest_route=\/wp\/v2\/posts"}],"about":[{"href":"https:\/\/www.diarioimagen.net\/index.php?rest_route=\/wp\/v2\/types\/post"}],"author":[{"embeddable":true,"href":"https:\/\/www.diarioimagen.net\/index.php?rest_route=\/wp\/v2\/users\/3"}],"replies":[{"embeddable":true,"href":"https:\/\/www.diarioimagen.net\/index.php?rest_route=%2Fwp%2Fv2%2Fcomments&post=180354"}],"version-history":[{"count":0,"href":"https:\/\/www.diarioimagen.net\/index.php?rest_route=\/wp\/v2\/posts\/180354\/revisions"}],"wp:featuredmedia":[{"embeddable":true,"href":"https:\/\/www.diarioimagen.net\/index.php?rest_route=\/wp\/v2\/media\/180419"}],"wp:attachment":[{"href":"https:\/\/www.diarioimagen.net\/index.php?rest_route=%2Fwp%2Fv2%2Fmedia&parent=180354"}],"wp:term":[{"taxonomy":"category","embeddable":true,"href":"https:\/\/www.diarioimagen.net\/index.php?rest_route=%2Fwp%2Fv2%2Fcategories&post=180354"},{"taxonomy":"post_tag","embeddable":true,"href":"https:\/\/www.diarioimagen.net\/index.php?rest_route=%2Fwp%2Fv2%2Ftags&post=180354"}],"curies":[{"name":"wp","href":"https:\/\/api.w.org\/{rel}","templated":true}]}}