{"id":180374,"date":"2014-07-02T00:03:08","date_gmt":"2014-07-02T05:03:08","guid":{"rendered":"http:\/\/www.diarioimagen.net\/?p=180374"},"modified":"2014-07-03T04:23:00","modified_gmt":"2014-07-03T09:23:00","slug":"elias-azar-pide-contribuir-al-desarrollo-economico","status":"publish","type":"post","link":"https:\/\/www.diarioimagen.net\/?p=180374","title":{"rendered":"El\u00edas Azar pide contribuir al desarrollo econ\u00f3mico"},"content":{"rendered":"<ul>\n<li><strong><em>El presidente de la Conatrib inaugur\u00f3 la primera reuni\u00f3n de la Red Nacional de Jueces de Proceso Oral Civil Mercantil<\/em><\/strong><\/li>\n<\/ul>\n<div id=\"attachment_180407\" style=\"width: 250px\" class=\"wp-caption alignleft\"><a href=\"http:\/\/www.diarioimagen.net\/wp-content\/uploads\/2014\/07\/elias-azar-2390.jpg\"><img loading=\"lazy\" decoding=\"async\" aria-describedby=\"caption-attachment-180407\" class=\"size-medium wp-image-180407\" src=\"http:\/\/www.diarioimagen.net\/wp-content\/uploads\/2014\/07\/elias-azar-2390-240x135.jpg\" alt=\"Edgar El\u00edas Azar,\u00a0presidente de la Conatrib, se\u00f1al\u00f3 la importancia de que las instancias judiciales contribuyan al desarrollo de la naci\u00f3n. (Foto: Alfonso Mora)\" width=\"240\" height=\"135\" srcset=\"https:\/\/www.diarioimagen.net\/wp-content\/uploads\/2014\/07\/elias-azar-2390-240x135.jpg 240w, https:\/\/www.diarioimagen.net\/wp-content\/uploads\/2014\/07\/elias-azar-2390-420x236.jpg 420w, https:\/\/www.diarioimagen.net\/wp-content\/uploads\/2014\/07\/elias-azar-2390-235x132.jpg 235w, https:\/\/www.diarioimagen.net\/wp-content\/uploads\/2014\/07\/elias-azar-2390-202x114.jpg 202w, https:\/\/www.diarioimagen.net\/wp-content\/uploads\/2014\/07\/elias-azar-2390-350x196.jpg 350w, https:\/\/www.diarioimagen.net\/wp-content\/uploads\/2014\/07\/elias-azar-2390-220x123.jpg 220w, https:\/\/www.diarioimagen.net\/wp-content\/uploads\/2014\/07\/elias-azar-2390-237x132.jpg 237w, https:\/\/www.diarioimagen.net\/wp-content\/uploads\/2014\/07\/elias-azar-2390.jpg 480w\" sizes=\"auto, (max-width: 240px) 100vw, 240px\" \/><\/a><p id=\"caption-attachment-180407\" class=\"wp-caption-text\">Edgar El\u00edas Azar,\u00a0presidente de la Conatrib, se\u00f1al\u00f3 la importancia de que las instancias judiciales contribuyan al desarrollo de la naci\u00f3n. (Foto: Alfonso Mora)<\/p><\/div>\n<p>Al destacar la importancia de los juicios orales civiles y mercantiles y del esfuerzo conjunto que tienen que emprender todas las instancias judiciales para lograr una mejora en la desregulaci\u00f3n procesal, el presidente de la Comisi\u00f3n Nacional de Tribunales Superiores de Justicia de los Estados Unidos Mexicanos (Conatrib), magistrado Edgar El\u00edas Azar, subray\u00f3 la importancia de contribuir en el avance en materia econ\u00f3mica del pa\u00eds.<\/p>\n<p>En la inauguraci\u00f3n de la primera reuni\u00f3n de la Red Nacional de Jueces de Proceso Oral Civil Mercantil, el magistrado enfatiz\u00f3 que los problemas no se resuelven con acciones aisladas ni tampoco impulsando s\u00f3lo algunas parcelas del proyecto de oralidad judicial que se plante\u00f3 la naci\u00f3n.<\/p>\n<p>Con la presencia de la subsecretaria de Competitividad y Normatividad de la Secretar\u00eda de Econom\u00eda (SE) del gobierno federal, Roc\u00edo Ruiz Ch\u00e1vez, El\u00edas Azar insisti\u00f3 en que el sistema oral planteado a nivel constitucional exige mucho m\u00e1s trabajo, esfuerzo e imaginaci\u00f3n, pero sobre todo coordinaci\u00f3n de todas las \u00e1reas a nivel federal y local.<\/p>\n<p>Durante esta reuni\u00f3n, a la que acudieron jueces de 26 entidades, se mencion\u00f3 la importancia de que M\u00e9xico avance en el tema del mejoramiento del entorno para hacer negocios, y lo que en este \u00e1mbito influye contar con un eficaz sistema de impartici\u00f3n de justicia, que haga m\u00e1s viable el cumplimiento de contratos.<\/p>\n<p>Por ello, el tambi\u00e9n presidente del Tribunal Superior de Justicia del Distrito Federal (TSJDF), se refiri\u00f3 a la modernizaci\u00f3n y puesta al d\u00eda de la justicia civil y mercantil, y de su imprescindible oralidad, apertura, accesibilidad y transparencia.<\/p>\n<p>Las casas de la justicia dejan atr\u00e1s, paulatinamente, dijo, los espesos muros por ventanales l\u00facidos para que se pueda mirar y conocer todo lo que en un juicio se hace y se dice.<\/p>\n<p>Ruiz Ch\u00e1vez, por su parte, destac\u00f3 que M\u00e9xico goza de estabilidad macroecon\u00f3mica, lo que se puede ver en factores como los bajos niveles de inflaci\u00f3n, de las tasas de inter\u00e9s y de un nivel manejable de deuda, pero a\u00f1adi\u00f3 que todo ello se debe complementar con un entorno \u00f3ptimo para la operaci\u00f3n de las empresas.<\/p>\n<p>Mencion\u00f3 que, en este sentido, debe impulsarse una impartici\u00f3n de justicia eficaz y transparente, y record\u00f3 que en esta tarea el Ejecutivo y los poderes judiciales se coordinan para contribuir a un mejor desarrollo del pa\u00eds.<\/p>\n<p>A su vez, el secretario t\u00e9cnico de la Red Nacional de Jueces de Proceso Oral Civil y Mercantil, magistrado \u00c1ngel Humberto Montiel Trujano, destac\u00f3 que la oralidad en estas materias es una aportaci\u00f3n de M\u00e9xico para Latinoam\u00e9rica, y plante\u00f3 que uno de los objetivos es aportar en los temas de ajustes necesarios a la normatividad y la operatividad para la consolidaci\u00f3n pronta del sistema.<\/p>\n<p>El tambi\u00e9n magistrado de la D\u00e9cima Sala Civil del TSJDF coment\u00f3 que el \u00e9xito de la red depender\u00e1 del apoyo, cooperaci\u00f3n y trabajo conjunto de los jueces que la integran.<\/p>\n<p>Al acto realizado en la Sala de Presidentes Mar\u00eda Lavalle Urbina, durante el que se sign\u00f3 un convenio entre la dependencia del gobierno federal y la Conatrib, tambi\u00e9n acudieron la consejera de la Judicatura del Distrito Federal, Norma Raquel Lagunes Alarc\u00f3n, y el titular de la Comisi\u00f3n Federal de Mejora Regulatoria, Virgilio Andrade Mart\u00ednez.<\/p>\n","protected":false},"excerpt":{"rendered":"<p>Al destacar la importancia de los juicios orales civiles y mercantiles y del esfuerzo conjunto que tienen que emprender todas las instancias judiciales para lograr una mejora en la desregulaci\u00f3n procesal, el presidente de la Comisi\u00f3n Nacional de Tribunales Superiores de Justicia de los Estados Unidos Mexicanos (Conatrib), magistrado Edgar El\u00edas Azar, subray\u00f3 la importancia de contribuir en el avance en materia econ\u00f3mica del pa\u00eds.<\/p>\n","protected":false},"author":3,"featured_media":180407,"comment_status":"open","ping_status":"open","sticky":false,"template":"","format":"standard","meta":{"_monsterinsights_skip_tracking":false,"_monsterinsights_sitenote_active":false,"_monsterinsights_sitenote_note":"","_monsterinsights_sitenote_category":0,"footnotes":""},"categories":[6],"tags":[204,1925,177],"class_list":["post-180374","post","type-post","status-publish","format-standard","has-post-thumbnail","hentry","category-cd-de-mexico","tag-ciudad-de-mexico","tag-edgar-elias-azar","tag-estados-unidos"],"_links":{"self":[{"href":"https:\/\/www.diarioimagen.net\/index.php?rest_route=\/wp\/v2\/posts\/180374","targetHints":{"allow":["GET"]}}],"collection":[{"href":"https:\/\/www.diarioimagen.net\/index.php?rest_route=\/wp\/v2\/posts"}],"about":[{"href":"https:\/\/www.diarioimagen.net\/index.php?rest_route=\/wp\/v2\/types\/post"}],"author":[{"embeddable":true,"href":"https:\/\/www.diarioimagen.net\/index.php?rest_route=\/wp\/v2\/users\/3"}],"replies":[{"embeddable":true,"href":"https:\/\/www.diarioimagen.net\/index.php?rest_route=%2Fwp%2Fv2%2Fcomments&post=180374"}],"version-history":[{"count":0,"href":"https:\/\/www.diarioimagen.net\/index.php?rest_route=\/wp\/v2\/posts\/180374\/revisions"}],"wp:featuredmedia":[{"embeddable":true,"href":"https:\/\/www.diarioimagen.net\/index.php?rest_route=\/wp\/v2\/media\/180407"}],"wp:attachment":[{"href":"https:\/\/www.diarioimagen.net\/index.php?rest_route=%2Fwp%2Fv2%2Fmedia&parent=180374"}],"wp:term":[{"taxonomy":"category","embeddable":true,"href":"https:\/\/www.diarioimagen.net\/index.php?rest_route=%2Fwp%2Fv2%2Fcategories&post=180374"},{"taxonomy":"post_tag","embeddable":true,"href":"https:\/\/www.diarioimagen.net\/index.php?rest_route=%2Fwp%2Fv2%2Ftags&post=180374"}],"curies":[{"name":"wp","href":"https:\/\/api.w.org\/{rel}","templated":true}]}}