{"id":180494,"date":"2014-07-03T00:08:58","date_gmt":"2014-07-03T05:08:58","guid":{"rendered":"http:\/\/www.diarioimagen.net\/?p=180494"},"modified":"2014-07-03T03:50:19","modified_gmt":"2014-07-03T08:50:19","slug":"gdf-y-sagarpa-ponen-en-marcha-plan-agricola","status":"publish","type":"post","link":"https:\/\/www.diarioimagen.net\/?p=180494","title":{"rendered":"GDF y Sagarpa ponen en marcha plan agr\u00edcola"},"content":{"rendered":"<ul>\n<li><strong><em>Miguel \u00c1ngel Mancera y Enrique Mart\u00ednez y Mart\u00ednez arrancaron el programa \u201cEl Campo en Casa. Agricultura Familiar, Periurbana y de Traspatio\u201d<\/em><\/strong><\/li>\n<\/ul>\n<div id=\"attachment_180599\" style=\"width: 250px\" class=\"wp-caption alignleft\"><a href=\"http:\/\/www.diarioimagen.net\/wp-content\/uploads\/2014\/07\/MANCERA-2391.jpg\"><img loading=\"lazy\" decoding=\"async\" aria-describedby=\"caption-attachment-180599\" class=\"size-medium wp-image-180599\" src=\"http:\/\/www.diarioimagen.net\/wp-content\/uploads\/2014\/07\/MANCERA-2391-240x170.jpg\" alt=\"Miguel \u00c1ngel Mancera, jefe del GDF, y Enrique Mart\u00ednez y Mart\u00ednez, titular de la Sagarpa, pusieron en marcha un plan agropecuario para la Ciudad de M\u00e9xico.\" width=\"240\" height=\"170\" srcset=\"https:\/\/www.diarioimagen.net\/wp-content\/uploads\/2014\/07\/MANCERA-2391-240x170.jpg 240w, https:\/\/www.diarioimagen.net\/wp-content\/uploads\/2014\/07\/MANCERA-2391-420x298.jpg 420w, https:\/\/www.diarioimagen.net\/wp-content\/uploads\/2014\/07\/MANCERA-2391-90x65.jpg 90w, https:\/\/www.diarioimagen.net\/wp-content\/uploads\/2014\/07\/MANCERA-2391.jpg 500w\" sizes=\"auto, (max-width: 240px) 100vw, 240px\" \/><\/a><p id=\"caption-attachment-180599\" class=\"wp-caption-text\">Miguel \u00c1ngel Mancera, jefe del GDF, y Enrique Mart\u00ednez y Mart\u00ednez, titular de la Sagarpa, pusieron en marcha un plan agropecuario para la Ciudad de M\u00e9xico.<\/p><\/div>\n<p>El gobierno del Distrito Federal dispone de 20 millones de pesos para fomentar las actividades agropecuarias en la ciudad y para apoyar a los productores del campo de la capital del pa\u00eds, afirm\u00f3 ayer el jefe del GDF, Miguel \u00e1ngel Mancera Espinosa.<\/p>\n<p>El mandatario capitalino destac\u00f3 que 60 por ciento del territorio del Distrito Federal corresponde a \u00e1reas verdes, de protecci\u00f3n ambiental, as\u00ed como de producci\u00f3n agr\u00edcola y ganadera.<\/p>\n<p>Junto con el titular de la Secretar\u00eda de Agricultura, Ganader\u00eda, Desarrollo Rural, Pesca y Alimentaci\u00f3n (Sagarpa), Enrique Mart\u00ednez y Mart\u00ednez, puso en marcha el programa \u201cEl Campo en Casa. Agricultura Familiar, Periurbana y de Traspatio\u201d.<\/p>\n<p>Precis\u00f3 que a trav\u00e9s este programa -el cual inicia en las delegaciones \u00c1lvaro Obreg\u00f3n, Iztapalpa y Gustavo A. Madero- los gobiernos local y federal no s\u00f3lo fomentar\u00e1n la producci\u00f3n de hortalizas, sino que tambi\u00e9n se dar\u00e1n garant\u00edas de suficiencia alimentaria.<\/p>\n<p>Miguel \u00c1ngel Mancera inform\u00f3 que la Organizaci\u00f3n de las Naciones Unidas para la Alimentaci\u00f3n y la Agricultura (FAO, por sus siglas en ingl\u00e9s), reconoci\u00f3 al Distrito Federal como Ciudad Verde, la segunda en Latinoam\u00e9rica, en conjunto con La Habana.<\/p>\n<p>A su vez, el titular de la Sagarpa hizo \u00e9nfasis en la gran vocaci\u00f3n que en producci\u00f3n agroalimentaria tiene la ciudad de M\u00e9xico desde tiempos hist\u00f3ricos.<\/p>\n<p>En su oportunidad, el jefe delegacional en \u00c1lvaro Obreg\u00f3n, Leonel Luna, puntualiz\u00f3 que se dispone de ocho millones de pesos para \u201cEl campo en casa\u201d con los que se entregar\u00e1 equipo para cultivar hortalizas, criar conejos y gallinas y fortalecer el autoconsumo.<\/p>\n","protected":false},"excerpt":{"rendered":"<p>El gobierno del Distrito Federal dispone de 20 millones de pesos para fomentar las actividades agropecuarias en la ciudad y para apoyar a los productores del campo de la capital del pa\u00eds, afirm\u00f3 ayer el jefe del GDF, Miguel \u00e1ngel Mancera Espinosa.<\/p>\n","protected":false},"author":3,"featured_media":180599,"comment_status":"open","ping_status":"open","sticky":false,"template":"","format":"standard","meta":{"_monsterinsights_skip_tracking":false,"_monsterinsights_sitenote_active":false,"_monsterinsights_sitenote_note":"","_monsterinsights_sitenote_category":0,"footnotes":""},"categories":[6],"tags":[39,18,43691,5314,20091],"class_list":["post-180494","post","type-post","status-publish","format-standard","has-post-thumbnail","hentry","category-cd-de-mexico","tag-distrito-federal","tag-enrique-pena-nieto","tag-gdf","tag-miguel-angel-mancera-espinosa","tag-sagarpa"],"_links":{"self":[{"href":"https:\/\/www.diarioimagen.net\/index.php?rest_route=\/wp\/v2\/posts\/180494","targetHints":{"allow":["GET"]}}],"collection":[{"href":"https:\/\/www.diarioimagen.net\/index.php?rest_route=\/wp\/v2\/posts"}],"about":[{"href":"https:\/\/www.diarioimagen.net\/index.php?rest_route=\/wp\/v2\/types\/post"}],"author":[{"embeddable":true,"href":"https:\/\/www.diarioimagen.net\/index.php?rest_route=\/wp\/v2\/users\/3"}],"replies":[{"embeddable":true,"href":"https:\/\/www.diarioimagen.net\/index.php?rest_route=%2Fwp%2Fv2%2Fcomments&post=180494"}],"version-history":[{"count":0,"href":"https:\/\/www.diarioimagen.net\/index.php?rest_route=\/wp\/v2\/posts\/180494\/revisions"}],"wp:featuredmedia":[{"embeddable":true,"href":"https:\/\/www.diarioimagen.net\/index.php?rest_route=\/wp\/v2\/media\/180599"}],"wp:attachment":[{"href":"https:\/\/www.diarioimagen.net\/index.php?rest_route=%2Fwp%2Fv2%2Fmedia&parent=180494"}],"wp:term":[{"taxonomy":"category","embeddable":true,"href":"https:\/\/www.diarioimagen.net\/index.php?rest_route=%2Fwp%2Fv2%2Fcategories&post=180494"},{"taxonomy":"post_tag","embeddable":true,"href":"https:\/\/www.diarioimagen.net\/index.php?rest_route=%2Fwp%2Fv2%2Ftags&post=180494"}],"curies":[{"name":"wp","href":"https:\/\/api.w.org\/{rel}","templated":true}]}}