{"id":180681,"date":"2014-07-04T00:13:40","date_gmt":"2014-07-04T05:13:40","guid":{"rendered":"http:\/\/www.diarioimagen.net\/?p=180681"},"modified":"2014-07-04T03:54:59","modified_gmt":"2014-07-04T08:54:59","slug":"mas-rigor-contra-los-asaltantes","status":"publish","type":"post","link":"https:\/\/www.diarioimagen.net\/?p=180681","title":{"rendered":"M\u00e1s rigor contra los asaltantes"},"content":{"rendered":"<h2>Arco Norte<\/h2>\n<h5>Jos\u00e9 Luis Monta\u00f1ez Aguilar<\/h5>\n<p>&nbsp;<\/p>\n<div id=\"attachment_180758\" style=\"width: 250px\" class=\"wp-caption alignleft\"><a href=\"http:\/\/www.diarioimagen.net\/wp-content\/uploads\/2014\/07\/arco-2392.jpg\"><img loading=\"lazy\" decoding=\"async\" aria-describedby=\"caption-attachment-180758\" class=\"size-medium wp-image-180758\" src=\"http:\/\/www.diarioimagen.net\/wp-content\/uploads\/2014\/07\/arco-2392-240x135.jpg\" alt=\"El gobernador del Estado de M\u00e9xico, Eruviel \u00c1vila Villegas.\" width=\"240\" height=\"135\" srcset=\"https:\/\/www.diarioimagen.net\/wp-content\/uploads\/2014\/07\/arco-2392-240x135.jpg 240w, https:\/\/www.diarioimagen.net\/wp-content\/uploads\/2014\/07\/arco-2392-420x236.jpg 420w, https:\/\/www.diarioimagen.net\/wp-content\/uploads\/2014\/07\/arco-2392-235x132.jpg 235w, https:\/\/www.diarioimagen.net\/wp-content\/uploads\/2014\/07\/arco-2392-202x114.jpg 202w, https:\/\/www.diarioimagen.net\/wp-content\/uploads\/2014\/07\/arco-2392-350x196.jpg 350w, https:\/\/www.diarioimagen.net\/wp-content\/uploads\/2014\/07\/arco-2392-220x123.jpg 220w, https:\/\/www.diarioimagen.net\/wp-content\/uploads\/2014\/07\/arco-2392-237x132.jpg 237w, https:\/\/www.diarioimagen.net\/wp-content\/uploads\/2014\/07\/arco-2392.jpg 480w\" sizes=\"auto, (max-width: 240px) 100vw, 240px\" \/><\/a><p id=\"caption-attachment-180758\" class=\"wp-caption-text\">El gobernador del Estado de M\u00e9xico, Eruviel \u00c1vila Villegas.<\/p><\/div>\n<p>Ante la impunidad que representa que luego de un asalto en transporte p\u00fablico ni los pasajeros ni el chofer presenten denuncia formal, el gobernador Eruviel \u00c1vila Villegas enviar\u00e1 a la Legislatura local una iniciativa de ley que modifique el C\u00f3digo Penal del Estado de M\u00e9xico, para que sin necesidad de una denuncia formal, los delincuentes sean detenidos y remitidos al Ministerio P\u00fablico, y que s\u00f3lo baste como prueba la portaci\u00f3n de los objetos robados. Agreg\u00f3 que estas modificaciones legales incluyen una sanci\u00f3n administrativa para aquellos conductores de transporte p\u00fablico que se nieguen a presentar la denuncia luego de un asalto.\u00a0\u201cEstoy presentando una iniciativa para poder prevenir y combatir seriamente el robo en el transporte p\u00fablico. Proponemos reformar el C\u00f3digo Penal, a efecto de que no sea necesario presentar la denuncia; si se presenta la denuncia, va m\u00e1s contundente, desde luego, la acusaci\u00f3n, la consignaci\u00f3n, y si no, bastar\u00e1 con que se sorprenda, en este caso al delincuente, con los objetos hurtados para poder proceder y consignarlo ante el MP, y ante el juez y que tenga la sanci\u00f3n m\u00e1s severa para evitar e inhibir este tipo de actos\u201d, precis\u00f3.\u00a0Por otro lado, reconoci\u00f3 a las fuerzas armadas del pa\u00eds por la captura de Jos\u00e9 Mar\u00eda Ch\u00e1vez, \u201cEl Pony\u201d, l\u00edder delincuencial que operaba en el sur de la entidad, y subray\u00f3 que esta detenci\u00f3n es un claro mensaje que advierte que no habr\u00e1 tregua, y que las autoridades seguir\u00e1n persigui\u00e9ndo a los delincuentes. \u201cEsta acci\u00f3n nos dice que va en serio, y que vamos con todo, vamos con toda seriedad a combatir a los delincuentes aqu\u00ed en el Estado de M\u00e9xico, coordinados con las fuerzas armadas, con las instancias municipales y federales\u201d, concluy\u00f3.<\/p>\n<p><em><a href=\"mailto:montanezaguilar@gmail.com\" target=\"_blank\">montanezaguilar@gmail.com<\/a><\/em><\/p>\n","protected":false},"excerpt":{"rendered":"<p><span style=\"color: #005497;\"><strong>Jos\u00e9 Luis Monta\u00f1ez Aguilar<\/strong><\/span><br \/>\n<br \/>\nAnte la impunidad que representa que luego de un asalto en transporte p\u00fablico ni los pasajeros ni el chofer presenten denuncia formal, el gobernador Eruviel \u00c1vila Villegas enviar\u00e1 a la Legislatura local una iniciativa de ley que modifique el C\u00f3digo Penal del Estado de M\u00e9xico, para que sin necesidad de una denuncia formal, los delincuentes sean detenidos y remitidos al Ministerio P\u00fablico, y que s\u00f3lo baste como prueba la portaci\u00f3n de los objetos robados.<\/p>\n","protected":false},"author":3,"featured_media":180758,"comment_status":"open","ping_status":"open","sticky":false,"template":"","format":"standard","meta":{"_monsterinsights_skip_tracking":false,"_monsterinsights_sitenote_active":false,"_monsterinsights_sitenote_note":"","_monsterinsights_sitenote_category":0,"footnotes":""},"categories":[5],"tags":[13284,5828,43675,43704,43674],"class_list":["post-180681","post","type-post","status-publish","format-standard","has-post-thumbnail","hentry","category-estado-de-mexico","tag-arco-norte","tag-eruviel-avila-villegas","tag-estado-de-mexico","tag-jose-luis-montanez-aguilar","tag-opinion"],"_links":{"self":[{"href":"https:\/\/www.diarioimagen.net\/index.php?rest_route=\/wp\/v2\/posts\/180681","targetHints":{"allow":["GET"]}}],"collection":[{"href":"https:\/\/www.diarioimagen.net\/index.php?rest_route=\/wp\/v2\/posts"}],"about":[{"href":"https:\/\/www.diarioimagen.net\/index.php?rest_route=\/wp\/v2\/types\/post"}],"author":[{"embeddable":true,"href":"https:\/\/www.diarioimagen.net\/index.php?rest_route=\/wp\/v2\/users\/3"}],"replies":[{"embeddable":true,"href":"https:\/\/www.diarioimagen.net\/index.php?rest_route=%2Fwp%2Fv2%2Fcomments&post=180681"}],"version-history":[{"count":0,"href":"https:\/\/www.diarioimagen.net\/index.php?rest_route=\/wp\/v2\/posts\/180681\/revisions"}],"wp:featuredmedia":[{"embeddable":true,"href":"https:\/\/www.diarioimagen.net\/index.php?rest_route=\/wp\/v2\/media\/180758"}],"wp:attachment":[{"href":"https:\/\/www.diarioimagen.net\/index.php?rest_route=%2Fwp%2Fv2%2Fmedia&parent=180681"}],"wp:term":[{"taxonomy":"category","embeddable":true,"href":"https:\/\/www.diarioimagen.net\/index.php?rest_route=%2Fwp%2Fv2%2Fcategories&post=180681"},{"taxonomy":"post_tag","embeddable":true,"href":"https:\/\/www.diarioimagen.net\/index.php?rest_route=%2Fwp%2Fv2%2Ftags&post=180681"}],"curies":[{"name":"wp","href":"https:\/\/api.w.org\/{rel}","templated":true}]}}