{"id":180708,"date":"2014-07-04T00:08:48","date_gmt":"2014-07-04T05:08:48","guid":{"rendered":"http:\/\/www.diarioimagen.net\/?p=180708"},"modified":"2014-07-04T03:58:37","modified_gmt":"2014-07-04T08:58:37","slug":"realizan-jornada-de-abasto-en-coacalco","status":"publish","type":"post","link":"https:\/\/www.diarioimagen.net\/?p=180708","title":{"rendered":"Realizan jornada de abasto en Coacalco"},"content":{"rendered":"<ul>\n<li><strong><em>Expenden productos a precios bajos<\/em><\/strong><\/li>\n<\/ul>\n<div id=\"attachment_180766\" style=\"width: 250px\" class=\"wp-caption alignleft\"><a href=\"http:\/\/www.diarioimagen.net\/wp-content\/uploads\/2014\/07\/COACALCO-2392.jpg\"><img loading=\"lazy\" decoding=\"async\" aria-describedby=\"caption-attachment-180766\" class=\"size-medium wp-image-180766\" src=\"http:\/\/www.diarioimagen.net\/wp-content\/uploads\/2014\/07\/COACALCO-2392-240x135.jpg\" alt=\"Vendedores de pescado fueron llevados a Coacalco, bajo la promoci\u00f3n de precios bajos.\" width=\"240\" height=\"135\" srcset=\"https:\/\/www.diarioimagen.net\/wp-content\/uploads\/2014\/07\/COACALCO-2392-240x135.jpg 240w, https:\/\/www.diarioimagen.net\/wp-content\/uploads\/2014\/07\/COACALCO-2392-420x236.jpg 420w, https:\/\/www.diarioimagen.net\/wp-content\/uploads\/2014\/07\/COACALCO-2392-235x132.jpg 235w, https:\/\/www.diarioimagen.net\/wp-content\/uploads\/2014\/07\/COACALCO-2392-202x114.jpg 202w, https:\/\/www.diarioimagen.net\/wp-content\/uploads\/2014\/07\/COACALCO-2392-350x196.jpg 350w, https:\/\/www.diarioimagen.net\/wp-content\/uploads\/2014\/07\/COACALCO-2392-220x123.jpg 220w, https:\/\/www.diarioimagen.net\/wp-content\/uploads\/2014\/07\/COACALCO-2392-237x132.jpg 237w, https:\/\/www.diarioimagen.net\/wp-content\/uploads\/2014\/07\/COACALCO-2392.jpg 480w\" sizes=\"auto, (max-width: 240px) 100vw, 240px\" \/><\/a><p id=\"caption-attachment-180766\" class=\"wp-caption-text\">Vendedores de pescado fueron llevados a Coacalco, bajo la promoci\u00f3n de precios bajos.<\/p><\/div>\n<p><strong>Coacalco, Estado de M\u00e9xico<\/strong>.- El gobierno local en coordinaci\u00f3n con el Consejo de Integraci\u00f3n Ciudadana (Coincides) realiz\u00f3 la jornada de abasto en la explanada municipal y as\u00ed ayudar la econom\u00eda de la comunidad coa\u00adcalquense.<\/p>\n<p>Filetes de pescado, empanadas, ropa, abarrotes, entre otras cosas m\u00e1s, fueron los protagonista de esta venta; los vecinos se acercaron a comprar los productos a muy bajo costo, \u201cesta tarea nos la encarga el presidente David S\u00e1nchez Isidoro, con la intenci\u00f3n de ayudar a las familias del municipio\u201d, coment\u00f3 Julieta Verde Rodr\u00edguez, presidenta de Coincides.<\/p>\n<p>Adem\u00e1s agreg\u00f3 que cada una de las consejeras acude a las personas para invitarlos a estas jornadas, ya sea por medio de cartulinas, perifoneos o tocando de puerta en puerta. Estos eventos se realizan todos los d\u00edas en diferentes colonias del municipio, en la explanada municipal estar\u00e1n cada 15 d\u00edas, de nueve de la ma\u00f1ana a cuatro de la tarde.<\/p>\n","protected":false},"excerpt":{"rendered":"<p> El gobierno local en coordinaci\u00f3n con el Consejo de Integraci\u00f3n Ciudadana (Coincides) realiz\u00f3 la jornada de abasto en la explanada municipal y as\u00ed ayudar la econom\u00eda de la comunidad coa\u00adcalquense.<\/p>\n","protected":false},"author":3,"featured_media":180766,"comment_status":"open","ping_status":"open","sticky":false,"template":"","format":"standard","meta":{"_monsterinsights_skip_tracking":false,"_monsterinsights_sitenote_active":false,"_monsterinsights_sitenote_note":"","_monsterinsights_sitenote_category":0,"footnotes":""},"categories":[5],"tags":[579,43675],"class_list":["post-180708","post","type-post","status-publish","format-standard","has-post-thumbnail","hentry","category-estado-de-mexico","tag-coacalco","tag-estado-de-mexico"],"_links":{"self":[{"href":"https:\/\/www.diarioimagen.net\/index.php?rest_route=\/wp\/v2\/posts\/180708","targetHints":{"allow":["GET"]}}],"collection":[{"href":"https:\/\/www.diarioimagen.net\/index.php?rest_route=\/wp\/v2\/posts"}],"about":[{"href":"https:\/\/www.diarioimagen.net\/index.php?rest_route=\/wp\/v2\/types\/post"}],"author":[{"embeddable":true,"href":"https:\/\/www.diarioimagen.net\/index.php?rest_route=\/wp\/v2\/users\/3"}],"replies":[{"embeddable":true,"href":"https:\/\/www.diarioimagen.net\/index.php?rest_route=%2Fwp%2Fv2%2Fcomments&post=180708"}],"version-history":[{"count":0,"href":"https:\/\/www.diarioimagen.net\/index.php?rest_route=\/wp\/v2\/posts\/180708\/revisions"}],"wp:featuredmedia":[{"embeddable":true,"href":"https:\/\/www.diarioimagen.net\/index.php?rest_route=\/wp\/v2\/media\/180766"}],"wp:attachment":[{"href":"https:\/\/www.diarioimagen.net\/index.php?rest_route=%2Fwp%2Fv2%2Fmedia&parent=180708"}],"wp:term":[{"taxonomy":"category","embeddable":true,"href":"https:\/\/www.diarioimagen.net\/index.php?rest_route=%2Fwp%2Fv2%2Fcategories&post=180708"},{"taxonomy":"post_tag","embeddable":true,"href":"https:\/\/www.diarioimagen.net\/index.php?rest_route=%2Fwp%2Fv2%2Ftags&post=180708"}],"curies":[{"name":"wp","href":"https:\/\/api.w.org\/{rel}","templated":true}]}}