{"id":180725,"date":"2014-07-04T00:04:35","date_gmt":"2014-07-04T05:04:35","guid":{"rendered":"http:\/\/www.diarioimagen.net\/?p=180725"},"modified":"2014-07-04T04:05:15","modified_gmt":"2014-07-04T09:05:15","slug":"el-embrollo-neonazi-del-pan","status":"publish","type":"post","link":"https:\/\/www.diarioimagen.net\/?p=180725","title":{"rendered":"El embrollo neonazi del PAN"},"content":{"rendered":"<h2>Punto por punto<\/h2>\n<h5>Augusto Corro<\/h5>\n<p>&nbsp;<\/p>\n<p>Ayer les comentamos sobre un grupo de j\u00f3venes neonazis jaliscienses simpatizantes de Acci\u00f3n Nacional (PAN) que crearon a finales del a\u00f1o pasado el Movimiento Nacionalista Mexicano del Trabajo (MNMT).<\/p>\n<p>Adem\u00e1s, se\u00f1alaron que entre sus objetivos se encuentra abolir la \u201cpropaganda-adopci\u00f3n-marchas-matrimonios homosexuales para proteger a la sociedad\u201d.<\/p>\n<p>Un grupo de esos despistados aparecieron en una foto con ropa de color gris como la que usaban los soldados alemanes en la Segunda Guerra Mundial. Dos de ellos con el corte de pelo al estilo hitleriano.<\/p>\n<p>Estos seguidores del nacionalsocialismo de Hitler no se parecen a aquellos \u201cgorilas\u201d nazis que, montados en locuras con la pureza de la sangre aria, otro poco y desaparecen a media humanidad.<\/p>\n<p>En cuanto se supo de la creaci\u00f3n del MNMT y apareci\u00f3 la foto de los j\u00f3venes neonazis, los propios panistas se encargaron de descalificarlos y de se\u00f1alar que se trataba de una vacilada.<\/p>\n<p>El secretario nacional de Acci\u00f3n Juvenil del PAN, Everardo Padilla, inform\u00f3 que ya se sigue un procedimiento de expulsi\u00f3n del partido de Juan Barrera Espinosa, a quien se le acusa de crear la organizaci\u00f3n neonazi.<\/p>\n<p>En la \u00e9poca de Hitler el mencionado Juan no hubiera superado el examen para ostentarse como miembro distinguido de la raza aria, pues se trata de un joven de 20 a\u00f1os de edad, moreno \u201cy su agudo timbre de voz es discordante con su corpulencia\u201d.<\/p>\n<p>Sin darle vueltas al asunto, el neonazi hubiera sido de las primeras v\u00edctimas de la c\u00e1mara de gas.<\/p>\n<p>En su defensa ante el c\u00famulo de cr\u00edticas, los seguidores de Hitler dijeron que se sobredimension\u00f3 el caso, porque \u00fanicamente se trat\u00f3 de una fiesta de disfraces. Vaya, vaya.<\/p>\n<p>Ahora, Acci\u00f3n Nacional, un partido de derecha, busca sacudirse a ese tipo de militantes que nada favorecen su imagen. Los blanquiazules se encuentran en la lona, luego de hacer un papel rid\u00edculo en las elecciones presidenciales recientes.<\/p>\n<p style=\"text-align: center;\"><strong>M\u00c1S DE LOS PANISTAS<\/strong><\/p>\n<p>En la delegaci\u00f3n Benito Ju\u00e1rez fueron cesados de sus cargos Sergio Eguren y Rafael Medina, de filiaci\u00f3n panista, por la agresi\u00f3n sexual contra una mujer y la agresi\u00f3n f\u00edsica contra el esposo. Hechos ocurridos en Brasil.<\/p>\n<p>El anuncio lo hizo el propio jefe delegacional, Jorge Romero, luego de decir que a pesar de que tiene una relaci\u00f3n personal con ellos, y conf\u00eda en ellos, \u201cno meter\u00e1 las manos al fuego\u201d.<\/p>\n<p>Vaya, vaya. \u00bfY la solidaridad panista? Bien gracias. El delegado reaccion\u00f3 como se esperaba ante el esc\u00e1ndalo de sus cuates, que los espera, de confirmarse sus delitos, la c\u00e1rcel.<\/p>\n<p>El panista Jorge Romero decidi\u00f3 cortar por lo sano e inmediatamente ech\u00f3 a la calles a los dos ex funcionarios, para proteger su carrera pol\u00edtica. Quiere ser diputado federal y no van a ser dos amigos rijosos y sus problemas los que frenen sus ambiciones.<\/p>\n<p>El mencionado delegado ya invadi\u00f3 con propaganda personal toda la demarcaci\u00f3n a su cargo, con tr\u00edpticos en los que exhorta a los ciudadanos a denunciar las irregularidades en las construcciones de inmuebles. Obvio, en la propaganda aparece su foto.<\/p>\n<p>Los vecinos se\u00f1alaron que se trata de un doble juego de Jorge Romero, porque el mismo es el encargado de autorizar los permisos de levantamientos de edificios, en zonas con un elevado \u00edndice poblacional y con carencias de servicios p\u00fablicos.<\/p>\n<p>Se dijo que el delegado viol\u00f3 la ley electoral al no respetar los tiempos que se marcan para empezar una campa\u00f1a pol\u00edtica. Esto no es nuevo.<\/p>\n<p>En Brasil, los panistas Sergio y Rafael ya se encuentran en una penitenciar\u00eda estatal en lo que se realiza el juicio y esperan sentencia.<\/p>\n<p style=\"text-align: center;\"><strong>CAY\u00d3 \u201cEL PONY\u201d<\/strong><\/p>\n<p>Jos\u00e9 Mar\u00eda Ch\u00e1vez Maga\u00f1a \u201cEl Pony\u201d fue capturado. Se trata de uno de los narcos m\u00e1s peligrosos que ten\u00eda su centro de operaciones en el Estado de M\u00e9xico. Inici\u00f3 su carrera criminal en \u201cLa Familia Michoacana\u201d.<\/p>\n<p>Elementos de infanter\u00eda de la Armada de M\u00e9xico arrestaron al delincuente en una acci\u00f3n sin lesionados ni muertos.<\/p>\n<p>\u201cEl Pony\u201d lleg\u00f3, sin problemas, a ocupar cargos importantes en el liderazgo del c\u00e1rtel de \u201cLa Familia Michoacana\u201d. Uno de sus principales encargos que le dieron sus jefes fue el de controlar el municipio de Ecatepec.<\/p>\n<p>En una ocasi\u00f3n estuvo recluido en una c\u00e1rcel michoacana de la que huy\u00f3.<\/p>\n<p>Su conducta criminal, sin contemplaci\u00f3n alguna hacia sus enemigos, fue su carta de presentaci\u00f3n que le abri\u00f3 el camino en \u201cLa Familia Michoacana\u201d.<\/p>\n<p>Ahora, s\u00f3lo falta la detenci\u00f3n de Servando G\u00f3mez \u201cLa Tuta\u201d, l\u00edder de \u201cLos Caballeros Templarios\u201d, que ha demostrado una gran habilidad para burlarse de sus perseguidores.<\/p>\n<p style=\"text-align: center;\"><strong>\u00bfY? \u00bfQUE PAS\u00d3 CON CUAUHT\u00c9MOC?<\/strong><\/p>\n<p>La justicia camina lentamente en el caso del ex l\u00edder pri\u00edsta, Cuauht\u00e9moc Guti\u00e9rrez de la Torre, acusado de gestionar una red de prostituci\u00f3n.<\/p>\n<p>Resulta que se han recabado las declaraciones ministeriales de 288 personas relacionadas con el caso y no se ve el fin de las investigaciones.<\/p>\n<p>Las autoridades capitalinas se toman su tiempo, no existe ninguna prisa. Quiz\u00e1s hay algunos interesados en que el esc\u00e1ndalo reviente en el 2015, temporada de elecciones.<strong><br \/>\n<\/strong><\/p>\n<p style=\"text-align: right;\"><em><strong>Feliz fin de semana<\/strong><\/em><\/p>\n<p><em><a href=\"mailto:aco2742@hotmail.com\" target=\"_blank\">aco2742@hotmail.com<\/a><\/em><\/p>\n","protected":false},"excerpt":{"rendered":"<p><span style=\"color: #005497;\"><strong>Augusto Corro<\/strong><\/span><\/p>\n","protected":false},"author":3,"featured_media":0,"comment_status":"open","ping_status":"open","sticky":false,"template":"","format":"standard","meta":{"_monsterinsights_skip_tracking":false,"_monsterinsights_sitenote_active":false,"_monsterinsights_sitenote_note":"","_monsterinsights_sitenote_category":0,"footnotes":""},"categories":[157],"tags":[43686,43674,11515],"class_list":["post-180725","post","type-post","status-publish","format-standard","hentry","category-augusto-corro","tag-augusto-corro","tag-opinion","tag-punto-por-punto"],"_links":{"self":[{"href":"https:\/\/www.diarioimagen.net\/index.php?rest_route=\/wp\/v2\/posts\/180725","targetHints":{"allow":["GET"]}}],"collection":[{"href":"https:\/\/www.diarioimagen.net\/index.php?rest_route=\/wp\/v2\/posts"}],"about":[{"href":"https:\/\/www.diarioimagen.net\/index.php?rest_route=\/wp\/v2\/types\/post"}],"author":[{"embeddable":true,"href":"https:\/\/www.diarioimagen.net\/index.php?rest_route=\/wp\/v2\/users\/3"}],"replies":[{"embeddable":true,"href":"https:\/\/www.diarioimagen.net\/index.php?rest_route=%2Fwp%2Fv2%2Fcomments&post=180725"}],"version-history":[{"count":0,"href":"https:\/\/www.diarioimagen.net\/index.php?rest_route=\/wp\/v2\/posts\/180725\/revisions"}],"wp:attachment":[{"href":"https:\/\/www.diarioimagen.net\/index.php?rest_route=%2Fwp%2Fv2%2Fmedia&parent=180725"}],"wp:term":[{"taxonomy":"category","embeddable":true,"href":"https:\/\/www.diarioimagen.net\/index.php?rest_route=%2Fwp%2Fv2%2Fcategories&post=180725"},{"taxonomy":"post_tag","embeddable":true,"href":"https:\/\/www.diarioimagen.net\/index.php?rest_route=%2Fwp%2Fv2%2Ftags&post=180725"}],"curies":[{"name":"wp","href":"https:\/\/api.w.org\/{rel}","templated":true}]}}