{"id":180839,"date":"2014-07-04T12:00:53","date_gmt":"2014-07-04T17:00:53","guid":{"rendered":"http:\/\/www.diarioimagen.net\/?p=180839"},"modified":"2014-07-07T03:17:52","modified_gmt":"2014-07-07T08:17:52","slug":"propone-eruviel-avila-mesa-de-trabajo-para-replantear-el-hoy-no-circula","status":"publish","type":"post","link":"https:\/\/www.diarioimagen.net\/?p=180839","title":{"rendered":"Propone Eruviel \u00c1vila mesa de trabajo para replantear el Hoy No Circula"},"content":{"rendered":"<div id=\"attachment_180840\" style=\"width: 430px\" class=\"wp-caption aligncenter\"><a href=\"http:\/\/www.diarioimagen.net\/wp-content\/uploads\/2014\/07\/eruviel-hoy-no-circula.jpg\"><img loading=\"lazy\" decoding=\"async\" aria-describedby=\"caption-attachment-180840\" class=\"size-large wp-image-180840\" src=\"http:\/\/www.diarioimagen.net\/wp-content\/uploads\/2014\/07\/eruviel-hoy-no-circula-420x279.jpg\" alt=\"El gobernador Eruviel \u00c1vila Villegas inform\u00f3 que enviar\u00e1 al presidente de la Comisi\u00f3n Ambiental de la Megal\u00f3polis, Francisco Barn\u00e9s Regueiro, una propuesta para que se instale una mesa de trabajo en la que participen los integrantes de esta comisi\u00f3n, as\u00ed como las c\u00e1maras de comercio y el sector productivo, para encontrar alternativas de soluci\u00f3n y evitar afectaciones con la modernizaci\u00f3n del Programa Hoy No Circula.\" width=\"420\" height=\"279\" srcset=\"https:\/\/www.diarioimagen.net\/wp-content\/uploads\/2014\/07\/eruviel-hoy-no-circula-420x279.jpg 420w, https:\/\/www.diarioimagen.net\/wp-content\/uploads\/2014\/07\/eruviel-hoy-no-circula-240x159.jpg 240w, https:\/\/www.diarioimagen.net\/wp-content\/uploads\/2014\/07\/eruviel-hoy-no-circula.jpg 1200w\" sizes=\"auto, (max-width: 420px) 100vw, 420px\" \/><\/a><p id=\"caption-attachment-180840\" class=\"wp-caption-text\">El gobernador Eruviel \u00c1vila Villegas inform\u00f3 que enviar\u00e1 al presidente de la Comisi\u00f3n Ambiental de la Megal\u00f3polis, Francisco Barn\u00e9s Regueiro, una propuesta para que se instale una mesa de trabajo en la que participen los integrantes de esta comisi\u00f3n, as\u00ed como las c\u00e1maras de comercio y el sector productivo, para encontrar alternativas de soluci\u00f3n y evitar afectaciones con la modernizaci\u00f3n del Programa Hoy No Circula.<\/p><\/div>\n<p><strong>Toluca, Estado de M\u00e9xico.- <\/strong>El gobernador Eruviel \u00c1vila Villegas inform\u00f3 que enviar\u00e1 al presidente de la Comisi\u00f3n Ambiental de la Megal\u00f3polis, Francisco Barn\u00e9s Regueiro, una propuesta para que se instale una mesa de trabajo en la que participen los integrantes de esta comisi\u00f3n, as\u00ed como las c\u00e1maras de comercio y el sector productivo, para encontrar alternativas de soluci\u00f3n y evitar afectaciones con la modernizaci\u00f3n del Programa Hoy No Circula.<\/p>\n<p>Adem\u00e1s, rechaz\u00f3 que el gobierno estatal participe en la organizaci\u00f3n de las marchas anunciadas para este viernes en la Ciudad de M\u00e9xico, pues la administraci\u00f3n y los mexiquenses promueven la paz, el respeto y el orden y no tienen intenciones de perjudicar de alguna forma a la capital del pa\u00eds, porque \u00e9stas tambi\u00e9n afectan al Estado de M\u00e9xico.<\/p>\n<p>\u201cTengo confianza que estos acuerdos podr\u00e1n transitar, que estas propuestas podr\u00e1n transitar e, inclusive, invito a mis compa\u00f1eros que integran la Megal\u00f3polis, los ejecutivos que integran la Megal\u00f3polis, que as\u00ed como ya lo hizo el gobierno federal, como lo estamos haciendo aqu\u00ed en el Estado de M\u00e9xico de hacer propuestas concretas, tambi\u00e9n hagan las suyas y podamos construir un gran acuerdo que beneficie a toda la poblaci\u00f3n, pensando siempre en la salud, en el medio ambiente y en la econom\u00eda, y la actividad diaria de los mexiquenses y de quienes vivimos en la Megal\u00f3polis\u201d, expres\u00f3.<\/p>\n<p>En conferencia de prensa, Eruviel \u00c1vila afirm\u00f3 que es importante que, al seno de la Comisi\u00f3n Ambiental, los gobiernos establezcan los compromisos que asumir\u00e1n en torno al Hoy No Circula con respecto al parque vehicular de las administraciones estatales y municipales, exceptuando autom\u00f3viles como ambulancias, patrullas y unidades de servicios de urgencias; y al cambio de uso de gasolina de estos veh\u00edculos por gas natural, para que la ciudadan\u00eda conozca las disposiciones de los estados para apoyarles y que no s\u00f3lo se afecte a la poblaci\u00f3n.<\/p>\n<p>Se\u00f1al\u00f3 que el Gobierno del Estado de M\u00e9xico har\u00e1 cumplir las decisiones que se han tomado en el seno de esta Comisi\u00f3n Ambiental, ya que fueron aprobadas por el bien de los 28 millones de mexicanos que habitan la Megal\u00f3polis, e indic\u00f3 que la administraci\u00f3n estatal lleva a cabo diversas acciones para mejorar el medio ambiente, como los sistemas de transporte Mexicable, las l\u00edneas 2 y 4 del Mexib\u00fas, las nuevas rutas de Sistema de Transporte Colectivo Metro y el tren M\u00e9xico-Toluca, entre otros.<\/p>\n<p>Asimismo, el gobernador exhort\u00f3 a los mandatarios estatales y al jefe del Gobierno del Distrito Federal, a lograr consensos desde la Comisi\u00f3n Ambiental de la Megal\u00f3polis, dentro de los cuales incluso podr\u00eda estar una pr\u00f3rroga a las nuevas disposiciones del Hoy No Circula.<\/p>\n<p>\u201cUstedes saben mi historia, conocen mi historia, yo fui vidriero all\u00e1 en San Pedro Xalostoc, en Ciudad Azteca, en Ecatepec, y el vidrio que coloc\u00e1bamos en los camiones, lo transport\u00e1bamos, me acuerdo muy bien, los s\u00e1bados, es decir, los s\u00e1bados son muy importantes para la actividad econ\u00f3mica del peque\u00f1o comerciante, del microempresario, de los emprendedores, yo tengo fe que habremos de encontrar alguna soluci\u00f3n a las demandas y exigencias\u201d, dijo.<\/p>\n<p>Eruviel \u00c1vila reconoci\u00f3 a Juan Jos\u00e9 Guerra Abud, secretario de Medio Ambiente y Recursos Naturales, por pronunciarse a favor de buscar alternativas para una eventual sustituci\u00f3n de los motores de los veh\u00edculos oficiales, y por la voluntad y disposici\u00f3n del gobierno federal en este tema.<\/p>\n<p>Por su parte, Cruz Juvenal Roa S\u00e1nchez, secretario del Medio Ambiente, explic\u00f3 que en los 99 verificentros que existen en la entidad, ya se cuenta con el holograma \u201cE\u201d que exenta a veh\u00edculos h\u00eddricos, el\u00e9ctricos y antiguos, as\u00ed como a los automotores de transporte escolar que tengan requisitada su placa en la Secretar\u00eda de Seguridad Ciudadana y unidades que presenten servicios funerarios y de protecci\u00f3n civil, de acuerdo a las nuevas disposiciones del Hoy No Circula.<\/p>\n<p>Inform\u00f3 que\u00a0 el Estado de M\u00e9xico cuenta con un censo de un mill\u00f3n 200 mil veh\u00edculos que tienen la calcoman\u00eda \u201c2\u201d y mencion\u00f3 que en una decisi\u00f3n conjunta con el Gobierno del Distrito Federal, se flexibiliz\u00f3 el programa para que los comerciantes puedan circular los d\u00edas s\u00e1bados antes de las 08:00 horas y, posteriormente, a partir de las 20:00 horas.<\/p>\n","protected":false},"excerpt":{"rendered":"<p>El gobernador Eruviel \u00c1vila Villegas inform\u00f3 que enviar\u00e1 al presidente de la Comisi\u00f3n Ambiental de la Megal\u00f3polis, Francisco Barn\u00e9s Regueiro, una propuesta para que se instale una mesa de trabajo en la que participen los integrantes de esta comisi\u00f3n, as\u00ed como las c\u00e1maras de comercio y el sector productivo, para encontrar alternativas de soluci\u00f3n y evitar afectaciones con la modernizaci\u00f3n del Programa Hoy No Circula.<\/p>\n","protected":false},"author":1,"featured_media":180840,"comment_status":"open","ping_status":"open","sticky":false,"template":"","format":"standard","meta":{"_monsterinsights_skip_tracking":false,"_monsterinsights_sitenote_active":false,"_monsterinsights_sitenote_note":"","_monsterinsights_sitenote_category":0,"footnotes":""},"categories":[5],"tags":[5828,43675,1720,27005],"class_list":["post-180839","post","type-post","status-publish","format-standard","has-post-thumbnail","hentry","category-estado-de-mexico","tag-eruviel-avila-villegas","tag-estado-de-mexico","tag-gem","tag-hoy-no-circula"],"_links":{"self":[{"href":"https:\/\/www.diarioimagen.net\/index.php?rest_route=\/wp\/v2\/posts\/180839","targetHints":{"allow":["GET"]}}],"collection":[{"href":"https:\/\/www.diarioimagen.net\/index.php?rest_route=\/wp\/v2\/posts"}],"about":[{"href":"https:\/\/www.diarioimagen.net\/index.php?rest_route=\/wp\/v2\/types\/post"}],"author":[{"embeddable":true,"href":"https:\/\/www.diarioimagen.net\/index.php?rest_route=\/wp\/v2\/users\/1"}],"replies":[{"embeddable":true,"href":"https:\/\/www.diarioimagen.net\/index.php?rest_route=%2Fwp%2Fv2%2Fcomments&post=180839"}],"version-history":[{"count":0,"href":"https:\/\/www.diarioimagen.net\/index.php?rest_route=\/wp\/v2\/posts\/180839\/revisions"}],"wp:featuredmedia":[{"embeddable":true,"href":"https:\/\/www.diarioimagen.net\/index.php?rest_route=\/wp\/v2\/media\/180840"}],"wp:attachment":[{"href":"https:\/\/www.diarioimagen.net\/index.php?rest_route=%2Fwp%2Fv2%2Fmedia&parent=180839"}],"wp:term":[{"taxonomy":"category","embeddable":true,"href":"https:\/\/www.diarioimagen.net\/index.php?rest_route=%2Fwp%2Fv2%2Fcategories&post=180839"},{"taxonomy":"post_tag","embeddable":true,"href":"https:\/\/www.diarioimagen.net\/index.php?rest_route=%2Fwp%2Fv2%2Ftags&post=180839"}],"curies":[{"name":"wp","href":"https:\/\/api.w.org\/{rel}","templated":true}]}}